{"id":3536,"date":"2021-05-12T19:27:40","date_gmt":"2021-05-12T17:27:40","guid":{"rendered":"http:\/\/www.associazione-apertamente.org\/m\/?p=3536"},"modified":"2021-05-12T19:27:41","modified_gmt":"2021-05-12T17:27:41","slug":"i-ragazzi-della-via-pascoli-lultimo-libro-di-pino-roveredo","status":"publish","type":"post","link":"https:\/\/www.associazione-apertamente.org\/m\/2021\/05\/12\/i-ragazzi-della-via-pascoli-lultimo-libro-di-pino-roveredo\/","title":{"rendered":"I ragazzi della Via Pascoli. L\u2019ultimo libro di Pino Roveredo"},"content":{"rendered":"\n<p>In libreria dal 3 giugno. <strong>Due gemelli nati in una famiglia di sordomuti e cresciuti in un istituto. Una storia vera, una storia d\u2019infanzia non troppo e non abbastanza lontana.<\/strong><\/p>\n\n\n\n<p><em>\u201cNon toccateli i bambini, non togliete loro il sorriso, l\u2019abbraccio, l\u2019attenzione, il bene, e domani sicuramente avremo alberi dritti e adulti migliori.\u201d<\/em><\/p>\n\n\n\n<p>\u00c8 strano, come fanno le creature ad arrivare sulla terra. Il padrone dell\u2019Universo rimescola in un sacco, pesca e spedisce. Pino e il gemello Rino sono destinati a Trieste, alla casa di mamma Evelina e pap\u00e0 Sisto, una casa semplice, umile, la casa del silenzio, dove insieme all\u2019affetto regna il linguaggio dei segni. La loro infanzia \u00e8 serena fino ai sei anni, quando una zia benintenzionata decide che devono essere affidati a un istituto. Lontano da casa, in una camerata di lettini bianchi, la divisa al posto dei buoni vestiti che sanno di famiglia, regole e divieti, le rare visite di mamma e pap\u00e0, cos\u00ec desiderate e cos\u00ec dolorose; e poi punizioni, ingiustizie, tanta solitudine. L\u2019ansia di crescere per liberarsi da quella prigione. Ogni tanto una consolazione: l\u2019amore per la compagna Giuliana, l\u2019amicizia con i vecchi dell\u2019ospizio vicino. E poi un giorno tutto cambia, e finalmente si riesce a vedere il cielo.<\/p>\n\n\n\n<p><em>&nbsp;\u201cUscito dall\u2019Istituto per vent\u2019anni ho fatto l\u2019albero storto, carcere, manicomio, vita rubata dall\u2019alcol. Poi, grazie alla forza di volont\u00e0, sono guarito. Oggi rimango storto, ma riesco a vedere il cielo.\u201d<\/em><\/p>\n\n\n\n<p><strong>PINO ROVEREDO<\/strong><\/p>\n\n\n\n<p>Pino Roveredo \u00e8 nato a Trieste nel 1954. Ha scritto racconti, romanzi, testi teatrali. Si \u00e8 sempre occupato degli ultimi, dai reclusi per decenni negli ospedali psichiatrici ai tossicodipendenti; \u00e8 stato garante dei detenuti del Friuli-Venezia Giulia. Dopo l\u2019esordio del 1996 con <em>Capriole in salita<\/em>, ha vinto il Premio Campiello nel 2005 con <em>Mandami a dire<\/em>. Per Bompiani ha pubblicato anche <em>Caracreatura<\/em>, <em>Attenti alle rose<\/em>, <em>La melodia del corvo<\/em>, <em>Mio padre votava Berlinguer<\/em>, <em>Ballando con Cecilia<\/em>, <em>Mastica e sputa<\/em>, <em>Tira la bomba <\/em>e <em>Ci vorrebbe un sassofono<\/em>.<\/p>\n\n\n\n<figure class=\"wp-block-image size-large\"><img loading=\"lazy\" width=\"595\" height=\"800\" src=\"http:\/\/www.associazione-apertamente.org\/m\/wp-content\/uploads\/2021\/05\/PR_SEL-trascinato.jpg\" alt=\"\" class=\"wp-image-3537\" srcset=\"https:\/\/www.associazione-apertamente.org\/m\/wp-content\/uploads\/2021\/05\/PR_SEL-trascinato.jpg 595w, https:\/\/www.associazione-apertamente.org\/m\/wp-content\/uploads\/2021\/05\/PR_SEL-trascinato-223x300.jpg 223w, https:\/\/www.associazione-apertamente.org\/m\/wp-content\/uploads\/2021\/05\/PR_SEL-trascinato-109x146.jpg 109w, https:\/\/www.associazione-apertamente.org\/m\/wp-content\/uploads\/2021\/05\/PR_SEL-trascinato-37x50.jpg 37w, https:\/\/www.associazione-apertamente.org\/m\/wp-content\/uploads\/2021\/05\/PR_SEL-trascinato-56x75.jpg 56w\" sizes=\"(max-width: 595px) 100vw, 595px\" \/><\/figure>\n","protected":false},"excerpt":{"rendered":"<p>In libreria dal 3 giugno. Due gemelli nati in una famiglia di sordomuti e cresciuti in un istituto. Una storia vera, una storia d\u2019infanzia non troppo e non abbastanza lontana. \u201cNon toccateli i bambini, non togliete loro il sorriso, l\u2019abbraccio, l\u2019attenzione, il bene, e domani sicuramente avremo alberi dritti e adulti migliori.\u201d \u00c8 strano, come fanno le creature ad arrivare sulla terra. Il padrone dell\u2019Universo rimescola in un sacco, pesca e spedisce. Pino e il gemello Rino sono destinati a<span class=\"excerpt-hellip\"> [\u2026]<\/span><\/p>\n","protected":false},"author":1,"featured_media":3538,"comment_status":"open","ping_status":"open","sticky":false,"template":"","format":"standard","meta":[],"categories":[13],"tags":[],"_links":{"self":[{"href":"https:\/\/www.associazione-apertamente.org\/m\/wp-json\/wp\/v2\/posts\/3536"}],"collection":[{"href":"https:\/\/www.associazione-apertamente.org\/m\/wp-json\/wp\/v2\/posts"}],"about":[{"href":"https:\/\/www.associazione-apertamente.org\/m\/wp-json\/wp\/v2\/types\/post"}],"author":[{"embeddable":true,"href":"https:\/\/www.associazione-apertamente.org\/m\/wp-json\/wp\/v2\/users\/1"}],"replies":[{"embeddable":true,"href":"https:\/\/www.associazione-apertamente.org\/m\/wp-json\/wp\/v2\/comments?post=3536"}],"version-history":[{"count":1,"href":"https:\/\/www.associazione-apertamente.org\/m\/wp-json\/wp\/v2\/posts\/3536\/revisions"}],"predecessor-version":[{"id":3539,"href":"https:\/\/www.associazione-apertamente.org\/m\/wp-json\/wp\/v2\/posts\/3536\/revisions\/3539"}],"wp:featuredmedia":[{"embeddable":true,"href":"https:\/\/www.associazione-apertamente.org\/m\/wp-json\/wp\/v2\/media\/3538"}],"wp:attachment":[{"href":"https:\/\/www.associazione-apertamente.org\/m\/wp-json\/wp\/v2\/media?parent=3536"}],"wp:term":[{"taxonomy":"category","embeddable":true,"href":"https:\/\/www.associazione-apertamente.org\/m\/wp-json\/wp\/v2\/categories?post=3536"},{"taxonomy":"post_tag","embeddable":true,"href":"https:\/\/www.associazione-apertamente.org\/m\/wp-json\/wp\/v2\/tags?post=3536"}],"curies":[{"name":"wp","href":"https:\/\/api.w.org\/{rel}","templated":true}]}}