{"id":3528,"date":"2021-05-06T16:03:55","date_gmt":"2021-05-06T14:03:55","guid":{"rendered":"http:\/\/www.associazione-apertamente.org\/m\/?p=3528"},"modified":"2021-05-06T16:04:26","modified_gmt":"2021-05-06T14:04:26","slug":"prima-edizione-del-premio-roberto-visintin-2","status":"publish","type":"post","link":"https:\/\/www.associazione-apertamente.org\/m\/2021\/05\/06\/prima-edizione-del-premio-roberto-visintin-2\/","title":{"rendered":"Prima edizione del premio Roberto VISINTIN"},"content":{"rendered":"\n<p>Sabato 29 maggio ore 11, Giardino &#8221; Milleluci&#8221; &#8211; SAGRADO (retrostante la sede comunale, attiguo alla sala polifunzionale).<\/p>\n\n\n\n<p>Matteo FEMIA presenta il libro \u201cIl letargo degli orsi a Sarajevo\u201d. Introducono e dialogano con l\u2019autore Loredana PANARITI Universit\u00e0 degli Studi di Trieste, Alessio FORNASIN Universit\u00e0 degli Studi di Udine, Giulio MELLINATO Universit\u00e0 Milano Bicocca. Saluti Marco VITTORI Sindaco di Sagrado, Michele DEGRASSI Pres. Ass. Culturale Apertamente. Coordina l\u2019incontro Paolo POLLI Ass. Culturale Apertamente.<\/p>\n\n\n\n<figure class=\"wp-block-image size-large\"><img loading=\"lazy\" width=\"724\" height=\"1024\" src=\"http:\/\/www.associazione-apertamente.org\/m\/wp-content\/uploads\/2021\/05\/premioVisintin_apertamente-724x1024.jpg\" alt=\"\" class=\"wp-image-3529\" srcset=\"https:\/\/www.associazione-apertamente.org\/m\/wp-content\/uploads\/2021\/05\/premioVisintin_apertamente-724x1024.jpg 724w, https:\/\/www.associazione-apertamente.org\/m\/wp-content\/uploads\/2021\/05\/premioVisintin_apertamente-212x300.jpg 212w, https:\/\/www.associazione-apertamente.org\/m\/wp-content\/uploads\/2021\/05\/premioVisintin_apertamente-768x1086.jpg 768w, https:\/\/www.associazione-apertamente.org\/m\/wp-content\/uploads\/2021\/05\/premioVisintin_apertamente-103x146.jpg 103w, https:\/\/www.associazione-apertamente.org\/m\/wp-content\/uploads\/2021\/05\/premioVisintin_apertamente-35x50.jpg 35w, https:\/\/www.associazione-apertamente.org\/m\/wp-content\/uploads\/2021\/05\/premioVisintin_apertamente-53x75.jpg 53w, https:\/\/www.associazione-apertamente.org\/m\/wp-content\/uploads\/2021\/05\/premioVisintin_apertamente.jpg 842w\" sizes=\"(max-width: 724px) 100vw, 724px\" \/><\/figure>\n","protected":false},"excerpt":{"rendered":"<p>Sabato 29 maggio ore 11, Giardino &#8221; Milleluci&#8221; &#8211; SAGRADO (retrostante la sede comunale, attiguo alla sala polifunzionale). Matteo FEMIA presenta il libro \u201cIl letargo degli orsi a Sarajevo\u201d. Introducono e dialogano con l\u2019autore Loredana PANARITI Universit\u00e0 degli Studi di Trieste, Alessio FORNASIN Universit\u00e0 degli Studi di Udine, Giulio MELLINATO Universit\u00e0 Milano Bicocca. Saluti Marco VITTORI Sindaco di Sagrado, Michele DEGRASSI Pres. Ass. Culturale Apertamente. Coordina l\u2019incontro Paolo POLLI Ass. Culturale Apertamente.<\/p>\n","protected":false},"author":1,"featured_media":3529,"comment_status":"open","ping_status":"open","sticky":false,"template":"","format":"standard","meta":[],"categories":[13],"tags":[],"_links":{"self":[{"href":"https:\/\/www.associazione-apertamente.org\/m\/wp-json\/wp\/v2\/posts\/3528"}],"collection":[{"href":"https:\/\/www.associazione-apertamente.org\/m\/wp-json\/wp\/v2\/posts"}],"about":[{"href":"https:\/\/www.associazione-apertamente.org\/m\/wp-json\/wp\/v2\/types\/post"}],"author":[{"embeddable":true,"href":"https:\/\/www.associazione-apertamente.org\/m\/wp-json\/wp\/v2\/users\/1"}],"replies":[{"embeddable":true,"href":"https:\/\/www.associazione-apertamente.org\/m\/wp-json\/wp\/v2\/comments?post=3528"}],"version-history":[{"count":2,"href":"https:\/\/www.associazione-apertamente.org\/m\/wp-json\/wp\/v2\/posts\/3528\/revisions"}],"predecessor-version":[{"id":3531,"href":"https:\/\/www.associazione-apertamente.org\/m\/wp-json\/wp\/v2\/posts\/3528\/revisions\/3531"}],"wp:featuredmedia":[{"embeddable":true,"href":"https:\/\/www.associazione-apertamente.org\/m\/wp-json\/wp\/v2\/media\/3529"}],"wp:attachment":[{"href":"https:\/\/www.associazione-apertamente.org\/m\/wp-json\/wp\/v2\/media?parent=3528"}],"wp:term":[{"taxonomy":"category","embeddable":true,"href":"https:\/\/www.associazione-apertamente.org\/m\/wp-json\/wp\/v2\/categories?post=3528"},{"taxonomy":"post_tag","embeddable":true,"href":"https:\/\/www.associazione-apertamente.org\/m\/wp-json\/wp\/v2\/tags?post=3528"}],"curies":[{"name":"wp","href":"https:\/\/api.w.org\/{rel}","templated":true}]}}