{"id":3504,"date":"2021-05-01T11:09:13","date_gmt":"2021-05-01T09:09:13","guid":{"rendered":"http:\/\/www.associazione-apertamente.org\/m\/?p=3504"},"modified":"2021-05-01T11:17:57","modified_gmt":"2021-05-01T09:17:57","slug":"monfalcone-e-civile","status":"publish","type":"post","link":"https:\/\/www.associazione-apertamente.org\/m\/2021\/05\/01\/monfalcone-e-civile\/","title":{"rendered":"Monfalcone \u00e8 civile?"},"content":{"rendered":"\n<p>di Maurizio Villani del 1\/5\/2021<\/p>\n\n\n\n<p>Ce lo siamo chiesti un anno fa, seduti al bar della Societ\u00e0 Mutuo Soccorso, tra un gruppo di amici che si conoscono e stimano da anni.<\/p>\n\n\n\n<p>Non \u00e8 solo il fatto che Monfalcone \u00e8 amministrata male. Descritta peggio, solo per giustificare azioni che dividono, lacerano il tessuto sociale della citt\u00e0. In una campagna elettorale permanente, dove si annunciano eventi straordinaria ed unici. In realt\u00e0 un posto dove non si realizza niente, se non l\u2019avvio ( ancora da vedere) di cantieri per opere pubbliche, che si fanno non per la loro utilit\u00e0, ma per ragioni di consenso.<\/p>\n\n\n\n<p>Quello che colpisce \u00e8 la mancanza di una qualsiasi idea di futuro. Di prospettiva. Il prevalere di una idea \u201cidentitaria\u201d, di un passato mitico che non \u00e8 mai esistito. Nemmeno la tragedia sanitaria, sociale ed economica del Covid ha mosso qualche idea nuova. Tutto un ripetere di slogan : sicurezza, diamo lavoro alla nostra gente, l\u2019economia del mare, il porto.<\/p>\n\n\n\n<p>&nbsp;Ne abbiamo parlato a lungo tra di noi.<\/p>\n\n\n\n<p>Del rischio di rivolgersi ad una citt\u00e0 che non esiste pi\u00f9.<\/p>\n\n\n\n<p>Di scordare che Monfalcone Ronchi Staranzano rappresentano un \u201cunico\u201d ambito urbano che ha viabilit\u00e0, servizi, ospedale, punti di svago, attivit\u00e0 economiche, scuole superiori in comune.<\/p>\n\n\n\n<p>Di non vedere che nella citt\u00e0 ci stanno pi\u00f9 citt\u00e0. La citt\u00e0 dei rioni quasi paese, la citt\u00e0 degli anziani autoctoni monfalconesi, dei giovani bengalesi, dei balcanici, dei napoletani. Forse anche la Monfalcone di chi \u00e8 andato via e la ricorda come luogo di origine. Sono pezzi separati di citt\u00e0, che vivono gli stessi spazi ma non hanno relazioni tra loro. Perch\u00e9 le priorit\u00e0 ed i problemi che li interessano sono molto diversi.<\/p>\n\n\n\n<p>Di un posto particolare. Dove aspetti importanti della vita e dello sviluppo sono collegati ad una dimensione nazionale ed internazionale. Il Cantiere e la navalmeccanica. La centrale A2A. Lo sviluppo del porto. Le infrastrutture per la mobilit\u00e0 (ferrovia, aeroporto).<\/p>\n\n\n\n<p>Di un luogo che Trieste da sempre considera la sua periferia. Non solo urbana, ma anche socialmente e culturalmente. &nbsp;<\/p>\n\n\n\n<p>Investita dal covid. Disastrosa pandemia, ma anche acceleratore straordinario di processi di cambiamento. Come lo \u201csmart working\u201d. La possibilit\u00e0 di lavorare in remoto che si estender\u00e0. La digitalizzazione lo render\u00e0 normale e non straordinario. La scelta della citt\u00e0 dove risiedere non dipender\u00e0 pi\u00f9, almeno per alcuni, dal dover stare vicini al posto di lavoro. Si sceglier\u00e0 cos\u00ec per altri motivi. Qualit\u00e0 della vita e dei servizi per s\u00e9 e la propria famiglia, ambiente sano, storia, sicurezza, mobilit\u00e0 slow. Cos\u00ec territori segnati dalla emigrazione \u2013 come lo \u00e8 stato il monfalconese &#8211; possono ridiventare attrattivi.<\/p>\n\n\n\n<p>Cosa fare ?&nbsp;<\/p>\n\n\n\n<p>Guardandosi in giro la citt\u00e0 non esprime una reazione. Poche e meritevoli le iniziative. Ma troppo poco. Pesa la situazione generale, le sconfitte del 2016, sia quella comunale ma anche quella della citt\u00e0 comune. Poche ed opportunistiche la riflessione sulle ragioni di quelle legnate.<\/p>\n\n\n\n<p>I luoghi, le esperienze che da sempre hanno promosso la crescita in citt\u00e0 di una \u2013 o anche pi\u00f9 di una \u2013 cultura progressista, sono dei contenitori che ricordano un passato importante, ma oggi sono desolatamente poco popolati. Difficile che da li arrivi una spinta innovativa.<\/p>\n\n\n\n<p>In giro per la citt\u00e0 le sensibilit\u00e0 non mancano. Ma sono disperse, senza leadership autorevoli.<\/p>\n\n\n\n<p>Qui abbiamo visto uno spazio di lavoro. Abbiamo impostato un Gruppo Facebook che \u00e8 una specie di circolo culturale virtuale ed una Pagina Facebook, come la bacheca esposta sulla strada per dire cosa facciamo.<\/p>\n\n\n\n<p>Un luogo dove sentire musica, vedere un film. Sentire la descrizione di alcune meraviglie ambientali. E poi, come seduti al bar, parlare e sorprenderci per una Monfalcone migliore di quella che viene raccontata. Fatta di persone in carne ed ossa, piene di energia, che affrontano la situazione, hanno fiducia nel futuro. Si il \u201cfuturo\u201d il grande assente della narrazione cittadina attuale.<\/p>\n\n\n\n<p>Un numero consistente di persone ci segue, ci legge e vede volentieri. Chi vuole ci trova su Facebook: MONFALCONE \u00e8 CIVILE.<\/p>\n\n\n\n<p>Tentiamo nelle prossime settimane una esperienza. Una serie di conferenze di formazione civica. Rivolte a chi non ha particolare esperienza di politica, ma vuole contribuire alla vita civile della citt\u00e0. Chiederemo a 16 relatori con diverse sensibilit\u00e0 politiche e culturali, di raccontarci, sulla base della loro esperienza, le potenzialit\u00e0 del nostro territorio. Del suo sviluppo economico, della legalit\u00e0 e della sostenibilit\u00e0. Di come funziona un comune, di cosa \u00e8 un bilancio comunale o un piano regolatore. Di inclusione e dell\u2019uso delle parole.<\/p>\n\n\n\n<p>Vediamo chi parteciper\u00e0. Speriamo siano in tanti. Un modo per aiutare a far crescere la \u201cdomanda di politica\u201d.&nbsp; &nbsp;Ci auguriamo di contribuire a trovare persone che sappiano rinnovare idee e programmi. Monfalcone ne ha bisogno come l\u2019acqua.<\/p>\n\n\n\n<p>Questa fase finir\u00e0. Sar\u00e0 poi il tempo dei candidati Sindaco, delle coalizioni, dei programmi. Arriver\u00e0 la \u201cofferta politica\u201d. Le due parti si incontreranno ed inizieranno il percorso della campagna elettorale. Se l\u2019offerta non sar\u00e0 sufficiente, pu\u00f2 essere che la domanda si auto organizzi con qualche esperienza civica. Sar\u00e0 un bene per la citt\u00e0.<\/p>\n\n\n\n<p>Noi non serviremo pi\u00f9. Avremo esaurito i nostro compito. Qualcuno si candider\u00e0, altri torneremo alle proprie attivit\u00e0.&nbsp; Avremo fatto solo il nostro dovere. Perch\u00e9 siamo cittadini e non abitanti di Monfalcone.<\/p>\n\n\n\n<p>Profondamente convinti che Monfalcone \u00e8 civile. Lo \u00e8 sempre stata e lo sar\u00e0 anche in futuro.<\/p>\n","protected":false},"excerpt":{"rendered":"<p>di Maurizio Villani del 1\/5\/2021 Ce lo siamo chiesti un anno fa, seduti al bar della Societ\u00e0 Mutuo Soccorso, tra un gruppo di amici che si conoscono e stimano da anni. Non \u00e8 solo il fatto che Monfalcone \u00e8 amministrata male. Descritta peggio, solo per giustificare azioni che dividono, lacerano il tessuto sociale della citt\u00e0. In una campagna elettorale permanente, dove si annunciano eventi straordinaria ed unici. In realt\u00e0 un posto dove non si realizza niente, se non l\u2019avvio (<span class=\"excerpt-hellip\"> [\u2026]<\/span><\/p>\n","protected":false},"author":1,"featured_media":3520,"comment_status":"open","ping_status":"open","sticky":false,"template":"","format":"standard","meta":[],"categories":[10],"tags":[],"_links":{"self":[{"href":"https:\/\/www.associazione-apertamente.org\/m\/wp-json\/wp\/v2\/posts\/3504"}],"collection":[{"href":"https:\/\/www.associazione-apertamente.org\/m\/wp-json\/wp\/v2\/posts"}],"about":[{"href":"https:\/\/www.associazione-apertamente.org\/m\/wp-json\/wp\/v2\/types\/post"}],"author":[{"embeddable":true,"href":"https:\/\/www.associazione-apertamente.org\/m\/wp-json\/wp\/v2\/users\/1"}],"replies":[{"embeddable":true,"href":"https:\/\/www.associazione-apertamente.org\/m\/wp-json\/wp\/v2\/comments?post=3504"}],"version-history":[{"count":1,"href":"https:\/\/www.associazione-apertamente.org\/m\/wp-json\/wp\/v2\/posts\/3504\/revisions"}],"predecessor-version":[{"id":3506,"href":"https:\/\/www.associazione-apertamente.org\/m\/wp-json\/wp\/v2\/posts\/3504\/revisions\/3506"}],"wp:featuredmedia":[{"embeddable":true,"href":"https:\/\/www.associazione-apertamente.org\/m\/wp-json\/wp\/v2\/media\/3520"}],"wp:attachment":[{"href":"https:\/\/www.associazione-apertamente.org\/m\/wp-json\/wp\/v2\/media?parent=3504"}],"wp:term":[{"taxonomy":"category","embeddable":true,"href":"https:\/\/www.associazione-apertamente.org\/m\/wp-json\/wp\/v2\/categories?post=3504"},{"taxonomy":"post_tag","embeddable":true,"href":"https:\/\/www.associazione-apertamente.org\/m\/wp-json\/wp\/v2\/tags?post=3504"}],"curies":[{"name":"wp","href":"https:\/\/api.w.org\/{rel}","templated":true}]}}