{"id":3460,"date":"2021-03-30T18:53:20","date_gmt":"2021-03-30T16:53:20","guid":{"rendered":"http:\/\/www.associazione-apertamente.org\/m\/?p=3460"},"modified":"2021-03-30T18:53:20","modified_gmt":"2021-03-30T16:53:20","slug":"tragitto-fra-microcosmi-complicati-dove-ciascuno-puo-scegliersi-unidentita-e-una-lingua","status":"publish","type":"post","link":"https:\/\/www.associazione-apertamente.org\/m\/2021\/03\/30\/tragitto-fra-microcosmi-complicati-dove-ciascuno-puo-scegliersi-unidentita-e-una-lingua\/","title":{"rendered":"Tragitto fra microcosmi complicati dove ciascuno pu\u00f2 scegliersi un\u2019identit\u00e0 e una lingua"},"content":{"rendered":"\n<p>di pp da Tuttolibri del 30\/03\/2021<\/p>\n\n\n\n<p>Da Gorizia a Trieste: un tragitto breve ma ricco di storie, ricordi, rimandi letterari e storici di piccoli mondi complicati. Microcosmi, come li chiam\u00f2 Claudio Magris; questa \u00e8, oggi, la Venezia Giulia, quel brandello di terra che le vicende storiche hanno lasciato all\u2019Italia.<\/p>\n\n\n\n<p>Immaginiamo un piccolo viaggio partendo da Gorizia, la Nizza austriaca poi diventata la Berlino addormentata e gentile di una strana Guerra fredda. La piazza Transalpina, attraversata dai reticolati che segnavano il confine, con la stella rossa che dominava la stazione rimasta nell\u2019allora Jugoslavia e che guardava l\u2019anonimo lato italiano. Nella brevissima guerra d\u2019indipendenza slovena, riecheggiavano gli spari tra la difesa territoriale di Lubiana e i graniciari che difendevano uno Stato ormai esausto. Poi diventata scenario della nuova Europa con la celebrazione in pompa magna dell\u2019ingresso degli ex Paesi comunisti nell\u2019Unione. Tante speranze, oggi sopite, con una piazza in cerca di se stessa tra progetti avveniristici e nostalgici del filo di ferro. \u201cTutti i progressi della civilt\u00e0 sono regressi dell&#8217;individuo\u201d, scriveva Carlo Michelstaedter, il giovane filosofo, morto suicida, figlio della Gorizia di fine \u2018800. In una frase coglieva il disagio esistenziale di chi vede il tempo muoversi, il progresso avanzare, ma senza che l\u2019essenza dell\u2019uomo ne sia coinvolta. Terra di confine e contraddizioni; scivolando lungo l\u2019Isonzo e buttando uno sguardo oltreconfine,&nbsp; un &nbsp;tempo i ritratti del maresciallo Tito ornavano le entrate dei casin\u00f2, oggi Nova Gorica \u00e8 un suggestivo impasto tra Las Vegas e Togliattigrad, di una vivacit\u00e0 inusitata per la tranquilla Gorizia italiana. Scavalcato il fiume \u201ccaro alla Patria\u201d si cambia lingua. Siamo in Friuli, terra di vigneti e di lavoro. Un mondo contadino che ha saputo cogliere la modernit\u00e0 e che ora esporta dal Giappone all\u2019America i frutti che produce con tecnologie moderne e saperi antichi. Farra, Romans, campanili con la cupola a cipolla e antiche terre di longobardi, fino ad arrivare a Gradisca. Citt\u00e0 fortezza, bastione veneziano che non spar\u00f2 un colpo, lasciando passare quei turchi che dilagarono per il Friuli come raccont\u00f2 Pasolini. Leoni di San Marco, parole friulane, tricolori e ritratti di Francesco Giuseppe. Si tiene tutto da queste parti e ciascuno pu\u00f2 scegliersi un\u2019identit\u00e0, una storia e una lingua. Le lingue qui cambiano con il cambiare della geografia. Friulano su un lato del fiume, bisiaco (una antica variante del dialetto veneto) dall\u2019altro, sloveno appena si sale sul Carso.<\/p>\n\n\n\n<p>\u201cOj Doberdob, slovenskih fantov grob\u201d (Oh, Doberd\u00f2 tomba dei fanti sloveni), in questo paesino del Carso, dove le trincee sono le cicatrici lasciate dalla Grande Guerra Il ricordo della Resistenza \u00e8 ancora vivo, il Presidente Mattarella e quello sloveno Pahor hanno ricordato le vittime delle due parti. Tutti i popoli, dalla Mitteleuropa all\u2019Italia meridionale, hanno lasciato il loro pegno di morti sulle trincee dell\u2019altopiano. Terra rossa, arcobaleno di colori durante l\u2019autunno e di cimiteri di guerra, da cui si pu\u00f2 vere il mare.<\/p>\n\n\n\n<p>A Fogliano anonimo resiste il cippo che divideva la Contea di Gorizia dalla Repubblica Serenissima, l\u00ec accanto il Sacrario di Redipuglia, monumento forse retorico, me che ben si adagia alla collina, dove sono deposte centomila vittime di guerra. Italiani di ogni luogo, gettati a morire per una terra che non conoscevano e che, a sua volta, mandava i figli a combattere per la monarchia degli Asburgo. Ungaretti non lo volle mai vedere, lui, che queste terre e quella guerra seppe tradurre in versi.<\/p>\n\n\n\n<p>Arriviamo in Bisiacaria, terra tra l\u2019Isonzo e il Timavo, vecchia palude dove i dogi deportavano gli individui pericolosi. Terra di pescatori e contadini finch\u00e9, nel 1908, i fratelli Cosulich di Lussino, fondano i cantieri navali. Metalmezzadri, li ha chiamati Paolo Rumiz, contadini diventati operai, gente che trasformava il ferro in qualsiasi cosa. Terra di immigrati Monfalcone: dall\u2019Italia, poi dai Balcani, fino al lontano Bangladesh<\/p>\n\n\n\n<p>Dopo Monfalcone la spiaggia lascia il posto alle rocce e al vento, un \u201cfiume di vento\u201d come lo chiam\u00f2 Rilke che a Dunio ha dedicato le sue elegie, ricevendo in cambio un sentiero turistico. Da l\u00ec, attraverso una delle pi\u00f9 belle strade d\u2019Europa, si arriva a Trieste.<\/p>\n\n\n\n<p>Citt\u00e0 dei venti, citt\u00e0 di traffici e operosi mercanti, di tanti Zeno che accendono la loro ultima sigaretta. Dalla \u201cscontrosa grazia\u201d la appell\u00f2 Saba, per noi scontata ed esotica agli altri. Siamo arrivati alla capitale del nostro microcosmo.<\/p>\n","protected":false},"excerpt":{"rendered":"<p>di pp da Tuttolibri del 30\/03\/2021 Da Gorizia a Trieste: un tragitto breve ma ricco di storie, ricordi, rimandi letterari e storici di piccoli mondi complicati. Microcosmi, come li chiam\u00f2 Claudio Magris; questa \u00e8, oggi, la Venezia Giulia, quel brandello di terra che le vicende storiche hanno lasciato all\u2019Italia. Immaginiamo un piccolo viaggio partendo da Gorizia, la Nizza austriaca poi diventata la Berlino addormentata e gentile di una strana Guerra fredda. La piazza Transalpina, attraversata dai reticolati che segnavano il<span class=\"excerpt-hellip\"> [\u2026]<\/span><\/p>\n","protected":false},"author":1,"featured_media":3461,"comment_status":"open","ping_status":"open","sticky":false,"template":"","format":"standard","meta":[],"categories":[10],"tags":[],"_links":{"self":[{"href":"https:\/\/www.associazione-apertamente.org\/m\/wp-json\/wp\/v2\/posts\/3460"}],"collection":[{"href":"https:\/\/www.associazione-apertamente.org\/m\/wp-json\/wp\/v2\/posts"}],"about":[{"href":"https:\/\/www.associazione-apertamente.org\/m\/wp-json\/wp\/v2\/types\/post"}],"author":[{"embeddable":true,"href":"https:\/\/www.associazione-apertamente.org\/m\/wp-json\/wp\/v2\/users\/1"}],"replies":[{"embeddable":true,"href":"https:\/\/www.associazione-apertamente.org\/m\/wp-json\/wp\/v2\/comments?post=3460"}],"version-history":[{"count":1,"href":"https:\/\/www.associazione-apertamente.org\/m\/wp-json\/wp\/v2\/posts\/3460\/revisions"}],"predecessor-version":[{"id":3462,"href":"https:\/\/www.associazione-apertamente.org\/m\/wp-json\/wp\/v2\/posts\/3460\/revisions\/3462"}],"wp:featuredmedia":[{"embeddable":true,"href":"https:\/\/www.associazione-apertamente.org\/m\/wp-json\/wp\/v2\/media\/3461"}],"wp:attachment":[{"href":"https:\/\/www.associazione-apertamente.org\/m\/wp-json\/wp\/v2\/media?parent=3460"}],"wp:term":[{"taxonomy":"category","embeddable":true,"href":"https:\/\/www.associazione-apertamente.org\/m\/wp-json\/wp\/v2\/categories?post=3460"},{"taxonomy":"post_tag","embeddable":true,"href":"https:\/\/www.associazione-apertamente.org\/m\/wp-json\/wp\/v2\/tags?post=3460"}],"curies":[{"name":"wp","href":"https:\/\/api.w.org\/{rel}","templated":true}]}}