{"id":3434,"date":"2021-03-20T18:27:00","date_gmt":"2021-03-20T17:27:00","guid":{"rendered":"http:\/\/www.associazione-apertamente.org\/m\/?p=3434"},"modified":"2021-03-20T18:27:00","modified_gmt":"2021-03-20T17:27:00","slug":"la-salvezza-di-gorizia-deve-diventare-una-questione-regionale-e-nazionale","status":"publish","type":"post","link":"https:\/\/www.associazione-apertamente.org\/m\/2021\/03\/20\/la-salvezza-di-gorizia-deve-diventare-una-questione-regionale-e-nazionale\/","title":{"rendered":"La salvezza di Gorizia deve diventare una questione regionale e nazionale"},"content":{"rendered":"\n<p>di <strong>Marzio Lamberti<\/strong> del 20\/03\/2021<\/p>\n\n\n\n<p><strong>Una citt\u00e0 che in quarant\u2019anni ha perso 10.000 abitanti<\/strong><\/p>\n\n\n\n<p>Finiti i profughi, Forza Italia e Lega hanno qualche idea per il \u201csalvataggio\u201d di Gorizia? Oppure assisteranno accondiscendenti alla sparizione di Gorizia nell\u2019area vasta triestina?<\/p>\n\n\n\n<p>Ad un anno dalle elezioni amministrative (2022) e a due da quelle politiche e regionali (2023), sempre pi\u00f9 incerta e indefinita appare la sorte di Gorizia, completamente assente in regione e sempre pi\u00f9 in balia dei territori forti, e fortemente a rischio di scomparire in Trieste area giuliana. E\u2019questo il dato politico di fondo.<\/p>\n\n\n\n<p>Dopo aver vinto tutto nel 2017 all\u2019insegna del facile acchiappavoti <em>\u201cvia gli immigrati clandestini<\/em>\u201d emerge adesso la difficolt\u00e0 a progettare il futuro di Gorizia schiacciata anche dal protagonismo del Sindaco di Monfalcone. Non c\u2019\u00e8 nessun consigliere regionale che rappresenti il Goriziano. Il deputato appare lontano e di lui abbiamo poche tracce. La citt\u00e0 si trova di fatto sola e non rappresentata seriamente da nessuna parte.<\/p>\n\n\n\n<p>&nbsp;Vengono spontanee alcune domande: che garanzie ci sono per una equa distribuzione delle risorse regionali per Gorizia? &nbsp;L\u2019\u2019Azienda sanitaria isontina \u00e8 stata assorbita dall\u2019Azienda giuliana egemonizzata da Trieste. l\u2019Ater altrettanto. E altrettanto per la Camera di commercio diventata giuliana. Si rincorrono voci di ridimensionamento di alcune strutture periferiche dello stato come la Prefettura. Due anni fa \u00e8 stata chiusa la sede dell\u2019Universit\u00e0 slovena e la sede universitaria di Villa Ritter. E i dubbi che sorgono continuamente: il Gect viene sostenuto? &nbsp;Informest ha futuro? L\u2019universit\u00e0 ha possibilit\u00e0 di consolidarsi? Che fine far\u00e0 la Sdag? La Zese decolla? La lunetta si costruisce? L\u2019aeroporto diventer\u00e0 qualcosa di serio? &nbsp;<\/p>\n\n\n\n<p>In questi due anni la Giunta regionale ha fatto le seguenti cose: 1) eliminazione dell\u2019Azienda sanitaria isontina e suo accorpamento con quella di Trieste. 2) eliminazione dell\u2019ATER isontina e suo accorpamento con quella di Trieste. 3) eliminazione delle UTI e tentativo per accorpare tutto l\u2019isontino nell\u2019area vasta triestina. Il disegno della Lega e di Forza Italia appare chiaro: creare una regione a tre punte: Trieste, Udine e Pordenone. E Gorizia? E l\u2019Isontino? Tutto con Trieste nella cos\u00ec detta area giuliana? Se non si \u00e8 dato corso al progetto di divisione della regione in tre aree, se tutto questo non \u00e8 andato finora in porto&nbsp; \u00e8 merito della raccolta firme promossa dal PD provinciale che ha raccolto in un sol giorno 1300 firme,<\/p>\n\n\n\n<p>In questa fase il centro destra ha l\u2019allineamento perfetto tra Comune e Regione e solo in parte con il Governo nazionale. Ha buona parte degli strumenti legislativi e molte risorse sotto controllo. Quindi la responsabilit\u00e0 di queste proposte sono strettamente ripartibili tra Trieste e Gorizia. E per quel che ci riguarda pi\u00f9 da vicino, Forza Italia e Lega a Trieste e a Gorizia, sindaco in testa, devono dire cosa vogliono fare di Gorizia. Devono dire se e come Gorizia \u00e8 nella testa di qualcuno ai vari livelli di governo e se c\u2019\u00e8 qualche ipotesi di futuro.<\/p>\n\n\n\n<p>Ma non ci sono segnali di vitalit\u00e0 del sindaco e della sua maggioranza. Anzi assistiamo a una serie di liti interne culminate con la fuoriuscita dalla maggioranza di quattro consiglieri e l\u2019espulsione di un assessore. Con una parte della maggioranza che boccia le proposte del sindaco su temi non da poco quali: l\u2019investimento al mercato coperto, il parcheggio sotterraneo al mercato all\u2019ingrosso, il rifacimento del palasport, il carcere europeo all\u2019ex Ospedale civile ecc. Sistematicamente una parte della maggioranza fa le barricate con la conseguente rinuncia del sindaco ad andare avanti su quei progetti.&nbsp; E, qui sta il problema, proposte prese a quanto sembra in perfetta solitudine&nbsp; per sfruttare l\u2019effetto annuncio. Faremo questo e poi faremo quello. Alla fine ritiro tutto. Senza contare gli annunci <em>(\u201cprogetti pronti o quasi per essere realizzati, tutto in fase di studio, manca poco, ormai ci siamo, opere per le quali si attende solo l\u2019avvio dei lavori, ormai \u00e8 tutto pronto, le carte ci sono tutte per cominciare, \u201cecc. ecc<\/em>.) una politica dell\u2019annuncio continuo e costante che maschera una incapacit\u00e0 progettuale e organizzativa davvero imbarazzante<\/p>\n\n\n\n<p>Il problema di fondo \u00e8 avere un governo della citt\u00e0 capace di mettere in cantiere un progetto per Gorizia &nbsp;&nbsp;che non sia un libro dei sogni o si riduca a spot pubblicitari. Non bastano provvedimenti di \u201cordinaria manutenzione\u201d. Si tratta di individuare una via di sviluppo. Ma Gorizia da sola non riesce a produrre spinte concrete, programmi realizzabili, risorse in campo, classe dirigente<\/p>\n\n\n\n<p>Gorizia vive una fase di lunga decadenza. Gli abitanti sono scesi da 44 a 34 mila abitanti negli ultimi 40 anni. Perci\u00f2 non basta qualche intervento in grado di tamponare qualche buco. Occorre ben altro. Gorizia \u00e8 in grado di convincere l\u2019Istituzione Regione, le Universit\u00e0, il Governo, le altre istituzioni regionali che lo sviluppo e la crescita del Friuli VG deve fondarsi sulla solidariet\u00e0 di tutto il territorio per favorire le zone pi\u00f9 a rischio arretramento? &nbsp;Sono in grado Forza Italia e Lega &nbsp;&nbsp;di chiedere alla Regione l\u2019assunzione <em>come <strong>obiettivo regionale<\/strong><\/em> <strong><em>e nazionale<\/em><\/strong> del consolidamento &nbsp;&nbsp;di Gorizia e delle sue possibilit\u00e0 di sviluppo? Sono in grado, per esempio, di chiedere in quella prospettiva che Gorizia diventi un centro universitario di eccellenza distribuendo equamente facolt\u00e0 e studenti universitari presenti in regione? Ricordiamo che Gorizia non si \u00e8 sottratta al &nbsp;dovere di solidariet\u00e0 verso il territorio regionale colpito dal terremoto da cui \u00e8 sorta anche la facolt\u00e0 di medicina nonch\u00e9 l\u2019Universit\u00e0 di Udine. &nbsp;<\/p>\n\n\n\n<p>Finita l\u2019emergenza profughi su cui \u00e8 stata costruita la campagna elettorale e vinta nel 2017 e 2018, oltre al \u201cno ai clandestini\u201d, Forza Italia e Lega hanno qualche idea per il \u201csalvataggio\u201d di Gorizia? Perch\u00e9 di una citt\u00e0 che ha perso un quarto dei propri abitanti e continua a farlo, e dove si riduce il numero dei giovani dalla citt\u00e0 (300 in un anno) si deve parlare di \u201csalvataggio\u201d e si deve quindi pretendere dalla Regione e dallo Stato interventi significativi al riguardo. Sono in grado di coinvolgere Regione e Stato? Sono in grado di porre Gorizia come questione regionale e nazionale? O Forza Italia e Lega, Sindaco in testa, assisteranno passivamente, a parte qualche strillo, alla sparizione della citt\u00e0?<\/p>\n\n\n\n<p>&nbsp;&nbsp;&nbsp; Non sono problemi da poco. Non si tratta di un intervento o di un\u2019opera anche significativa. Si tratta di individuare qual\u2019\u00e8 il ruolo possibile della citt\u00e0. Insomma a cosa \u201cserve\u201d Gorizia per la regione e il paese. Gorizia si \u00e8 sviluppata perch\u00e9 svolgeva un ruolo. Nell\u2019ottocento era il retroporto di Trieste con l\u2019insediamento di numerose industrie. Tra le due guerre era diventata la base per la conquista dei Balcani con tantissimi militari. Nel secondo dopoguerra era la citt\u00e0 vetrina dell\u2019occidente con la zona franca e l\u2019economia di confine. Tutto questo nel corso degli anni novanta \u00e8 scomparso. E\u2019 scomparsa la zona franca, \u00e8 scomparso il confine con gli autotrasportatori e gli spedizionieri. Sono scomparsi i militari. Dal 1947 al 1989, finch\u00e9 \u00e8 esistita una questione del &#8220;confine orientale&#8221; nella politica nazionale, Gorizia \u00e8 stata al centro degli interessi del Governo italiano, cos\u00ec come specularmente Nova Gorica era al centro degli interessi dell&#8217;allora Jugoslavia. Scomparso il &#8220;confine orientale&#8221; come questione politica nazionale, \u00e8 venuto meno l&#8217;interesse per quest&#8217;area: l&#8217;ultimo provvedimento normativo \u00e8 stata la legge 84\/1991 che istitu\u00ec, fra l&#8217;altro, l&#8217;Informest con sede a Gorizia. Ma sono passati 30 anni.<\/p>\n\n\n\n<p>&nbsp;&nbsp;&nbsp;&nbsp; Tutti quindi i poli di sviluppo sono scomparsi. Solo i nuovi insediamenti universitari hanno, ma solo parzialmente, creato vitalit\u00e0. E diecimila abitanti non ci sono pi\u00f9.<\/p>\n\n\n\n<p>&nbsp;&nbsp;&nbsp; Cosa fare? Occorre un progetto di rinascita, un piano Marschall, che solo le forze congiunte della regione e dello stato possono mettere in cantiere. Unitamente a poli di interesse privati. Ma serve un sindaco e una maggioranza cui non si chiede di \u201cfare \u201cgli interventi, ma che sia capace di mettere in moto il progetto e l\u2019intervento, di mettere in moto le istituzioni sia pubbliche che private per rispondere alla domanda: a cosa serve, a cosa pu\u00f2 servire la citt\u00e0 per la regione e il paese? E per l\u2019Europa? Che ruolo la Regione e lo Stato possono dare a Gorizia? Si tratta di metter insieme tutte le energie per progettare \/individuare una strategia di sviluppo per Gorizia. Gorizia da sola con la sua struttura impiegatizia e piccolo commerciale non \u00e8 in grado di progettare il proprio futuro<\/p>\n","protected":false},"excerpt":{"rendered":"<p>di Marzio Lamberti del 20\/03\/2021 Una citt\u00e0 che in quarant\u2019anni ha perso 10.000 abitanti Finiti i profughi, Forza Italia e Lega hanno qualche idea per il \u201csalvataggio\u201d di Gorizia? Oppure assisteranno accondiscendenti alla sparizione di Gorizia nell\u2019area vasta triestina? Ad un anno dalle elezioni amministrative (2022) e a due da quelle politiche e regionali (2023), sempre pi\u00f9 incerta e indefinita appare la sorte di Gorizia, completamente assente in regione e sempre pi\u00f9 in balia dei territori forti, e fortemente a<span class=\"excerpt-hellip\"> [\u2026]<\/span><\/p>\n","protected":false},"author":1,"featured_media":3435,"comment_status":"open","ping_status":"open","sticky":false,"template":"","format":"standard","meta":[],"categories":[10],"tags":[],"_links":{"self":[{"href":"https:\/\/www.associazione-apertamente.org\/m\/wp-json\/wp\/v2\/posts\/3434"}],"collection":[{"href":"https:\/\/www.associazione-apertamente.org\/m\/wp-json\/wp\/v2\/posts"}],"about":[{"href":"https:\/\/www.associazione-apertamente.org\/m\/wp-json\/wp\/v2\/types\/post"}],"author":[{"embeddable":true,"href":"https:\/\/www.associazione-apertamente.org\/m\/wp-json\/wp\/v2\/users\/1"}],"replies":[{"embeddable":true,"href":"https:\/\/www.associazione-apertamente.org\/m\/wp-json\/wp\/v2\/comments?post=3434"}],"version-history":[{"count":1,"href":"https:\/\/www.associazione-apertamente.org\/m\/wp-json\/wp\/v2\/posts\/3434\/revisions"}],"predecessor-version":[{"id":3436,"href":"https:\/\/www.associazione-apertamente.org\/m\/wp-json\/wp\/v2\/posts\/3434\/revisions\/3436"}],"wp:featuredmedia":[{"embeddable":true,"href":"https:\/\/www.associazione-apertamente.org\/m\/wp-json\/wp\/v2\/media\/3435"}],"wp:attachment":[{"href":"https:\/\/www.associazione-apertamente.org\/m\/wp-json\/wp\/v2\/media?parent=3434"}],"wp:term":[{"taxonomy":"category","embeddable":true,"href":"https:\/\/www.associazione-apertamente.org\/m\/wp-json\/wp\/v2\/categories?post=3434"},{"taxonomy":"post_tag","embeddable":true,"href":"https:\/\/www.associazione-apertamente.org\/m\/wp-json\/wp\/v2\/tags?post=3434"}],"curies":[{"name":"wp","href":"https:\/\/api.w.org\/{rel}","templated":true}]}}