{"id":7197,"date":"2026-09-03T09:00:00","date_gmt":"2026-09-03T07:00:00","guid":{"rendered":"http:\/\/www.associazione-apertamente.org\/m\/?p=7197"},"modified":"2026-09-02T18:55:31","modified_gmt":"2026-09-02T16:55:31","slug":"laffaire-ceuta-e-la-politica-migratoria-europea-parte-prima","status":"publish","type":"post","link":"http:\/\/www.associazione-apertamente.org\/m\/2026\/09\/03\/laffaire-ceuta-e-la-politica-migratoria-europea-parte-prima\/","title":{"rendered":"L\u2019affaire Ceuta e la politica migratoria europea \u2013 parte prima"},"content":{"rendered":"\n<p>Di Cosimo Risi.<\/p>\n\n\n\n<p>&nbsp;&nbsp;&nbsp;&nbsp;&nbsp;&nbsp;&nbsp;&nbsp;&nbsp;&nbsp;&nbsp; \u201cDopo il 30 e il 31 luglio, voci e false informazioni hanno cominciato a diffondersi sui social media collegati a Russia e Israele, nonch\u00e9 all\u2019estrema destra internazionale, che sempre usa le migrazioni non solo per attaccare la Spagna ma anche per attaccare l\u2019Europa e dividerla\u201d. La disinformazione ha lasciato credere che l\u2019accesso a Ceuta sarebbe stato facile, i respingimenti non sarebbero stati immediati, la sentenza della Corte Suprema li avrebbe resi difficili al punto che molti migranti sarebbero riusciti a spostarsi sul continente e di l\u00e0 muovere verso il nord Europa.<\/p>\n\n\n\n<p>Questi sono i passaggi salienti dell\u2019intervista che il Presidente del Governo spagnolo ha rilasciato alla stazione radio Cadena SER. Per Pedro Sanchez ci sarebbero le prove delle responsabilit\u00e0 di Russia e Israele: Mosca risponde all\u2019atteggiamento spagnolo sulla guerra in Ucraina, Gerusalemme reagisce alla posizione spagnola sulla crisi di Gaza ed alle accuse di genocidio. Non vi sarebbero invece le prove che il Governo marocchino sia coinvolto. Da Rabat la cooperazione \u00e8 scattata immediata ed efficace, buona parte dei migranti \u00e8 rimpatriata subito.<\/p>\n\n\n\n<p>\u00c8 incerto il numero dei restanti: basso secondo le autorit\u00e0 centrali, alto secondo le autorit\u00e0 locali. Tafferugli si registrano fra la polizia ed i migranti per l\u2019accesso alla tensostruttura allestita per accoglierne un numero ridotto rispetto ai richiedenti. Il governo vara un pacchetto di aiuti a Ceuta per fronteggiare la crisi, sostanzialmente ridimensionata rispetto ai numeri della prima ora ma ancora aperta.<\/p>\n\n\n\n<p>&nbsp;L\u2019Italia attiva subito i controlli ai porti ed agli aeroporti per i passeggeri provenienti dalla Spagna. In settembre, per altri quindici giorni, rinnova la sospensione dei benefici Schengen. Teme che elementi sgraditi possano penetrare nella penisola. Come ragione adduce la tutela della sicurezza nazionale. L\u2019argomento \u00e8 contestato dalla Spagna e ridimensionato dalla Commissione. La finalit\u00e0 di Bruxelles \u00e8 che la crisi di Ceuta non comprometta l\u2019intero sistema Schengen, con la rincorsa alle protezioni nazionali.<\/p>\n\n\n\n<p>Dalle parole di Sanchez si pu\u00f2 inferire che esisterebbe un legame fra Israele e Stati Uniti. Il Presidente americano lo ha criticato per la mancata collaborazione nel conflitto con l\u2019Iran: egli ha negato l\u2019uso delle basi spagnole all\u2019aviazione americana, ha declamato il manifesto pacifista del generale \u201cno\u201d alla guerra. Per ritorsione Donald Trump ordina di sospendere qualsiasi cooperazione bilaterale con la Spagna, invita gli amici ad attenersi a questa linea. Israele, in quanto parte del conflitto con l\u2019Iran, si attiene. Nota \u00e8 la sua vicinanza agli Americani, viva \u00e8 la sua polemica verso gli Spagnoli, li accusa di premiare il terrorismo con il riconoscimento dello Stato di Palestina.<\/p>\n\n\n\n<p>Attorno all\u2019affaire Ceuta si intrecciano le strategie politiche di vari soggetti. La destra sovranista europea intende fare delle migrazioni il tema di punta delle campagne elettorali in Francia, Italia, Germania, Spagna, e cio\u00e8 gli stati membri pi\u00f9 esposti su questo fronte. La Russia intende destabilizzare il continente europeo con la guerra ibrida degli attacchi informatici e della disinformazione. Israele contrasta qualsiasi paese ne critichi la politica mediorientale.<\/p>\n\n\n\n<p>&nbsp;Sanchez solleva alcuni punti cruciali. Le migrazioni di massa dal sud verso il nord e, nel caso specifico, dal Maghreb in quanto territorio di transito o di origine verso l\u2019Europa continentale sono uno strumento di lotta politica. Lo strumento \u00e8 esercitato in maniera dubitativa dal Marocco nel caso di Ceuta, scientemente da altri paesi rivieraschi lungo diverse rotte. \u00c8 maneggiato dai trafficanti di esseri umani e agitato dai paesi terzi controinteressati alla tenuta europea nelle crisi mondiali. Si profila la saldatura fra le destre europee e le strategie di alcuni governi, accomunati le une e gli altri dalla linea di indebolire l\u2019Unione europea nel suo insieme. Le pressioni esterne sono il detonatore delle contraddizioni interne.<\/p>\n\n\n\n<p>Sanchez richiama il principio europeo di solidariet\u00e0 come antidoto alla lacerazione del tessuto comune. All\u2019Italia risponde attivando i controlli sui passeggeri in maniera simmetrica ai controlli italiani, rimprovera la scarsa solidariet\u00e0, Madrid al contrario si mostr\u00f2 solidale nella crisi di Lampedusa. Argomenta che le valutazioni della Commissione tendono a ridimensionare il rischio di trasferimenti di massa da Ceuta verso il continente. Sul piano generale ritiene che sia in corso la lotta politica fra i governi di destra ed i governi progressisti per spostare l\u2019asse europeo in senso conservatore. Il pensiero va non solo a Roma ma a quanto potrebbe accadere a Berlino e Parigi.<\/p>\n\n\n\n<p>In questa materia a competenza mista le risposte degli stati membri sono modulate sia sulle esigenze di sicurezza che su considerazioni di politica interna, specie nell\u2019imminenza di elezioni. La campagna di comunicazione mira ad accrescere la sensibilit\u00e0 dell\u2019elettorato ai rischi dei flussi migratori. Poco rileva se il diffondere il sentimento di insicurezza abbia un fondamento o sia maliziosamente indotto. Importa che influisca sulle intenzioni di voto. &nbsp;<\/p>\n","protected":false},"excerpt":{"rendered":"<p>Di Cosimo Risi. &nbsp;&nbsp;&nbsp;&nbsp;&nbsp;&nbsp;&nbsp;&nbsp;&nbsp;&nbsp;&nbsp; \u201cDopo il 30 e il 31 luglio, voci e false informazioni hanno cominciato a diffondersi sui social media collegati a Russia e Israele, nonch\u00e9 all\u2019estrema destra internazionale, che sempre usa le migrazioni non solo per attaccare la Spagna ma anche per attaccare l\u2019Europa e dividerla\u201d. La disinformazione ha lasciato credere che l\u2019accesso a Ceuta sarebbe stato facile, i respingimenti non sarebbero stati immediati, la sentenza della Corte Suprema li avrebbe resi difficili al punto che molti<span class=\"excerpt-hellip\"> [\u2026]<\/span><\/p>\n","protected":false},"author":1,"featured_media":7131,"comment_status":"closed","ping_status":"open","sticky":false,"template":"","format":"standard","meta":[],"categories":[11,10,12],"tags":[],"_links":{"self":[{"href":"http:\/\/www.associazione-apertamente.org\/m\/wp-json\/wp\/v2\/posts\/7197"}],"collection":[{"href":"http:\/\/www.associazione-apertamente.org\/m\/wp-json\/wp\/v2\/posts"}],"about":[{"href":"http:\/\/www.associazione-apertamente.org\/m\/wp-json\/wp\/v2\/types\/post"}],"author":[{"embeddable":true,"href":"http:\/\/www.associazione-apertamente.org\/m\/wp-json\/wp\/v2\/users\/1"}],"replies":[{"embeddable":true,"href":"http:\/\/www.associazione-apertamente.org\/m\/wp-json\/wp\/v2\/comments?post=7197"}],"version-history":[{"count":1,"href":"http:\/\/www.associazione-apertamente.org\/m\/wp-json\/wp\/v2\/posts\/7197\/revisions"}],"predecessor-version":[{"id":7198,"href":"http:\/\/www.associazione-apertamente.org\/m\/wp-json\/wp\/v2\/posts\/7197\/revisions\/7198"}],"wp:featuredmedia":[{"embeddable":true,"href":"http:\/\/www.associazione-apertamente.org\/m\/wp-json\/wp\/v2\/media\/7131"}],"wp:attachment":[{"href":"http:\/\/www.associazione-apertamente.org\/m\/wp-json\/wp\/v2\/media?parent=7197"}],"wp:term":[{"taxonomy":"category","embeddable":true,"href":"http:\/\/www.associazione-apertamente.org\/m\/wp-json\/wp\/v2\/categories?post=7197"},{"taxonomy":"post_tag","embeddable":true,"href":"http:\/\/www.associazione-apertamente.org\/m\/wp-json\/wp\/v2\/tags?post=7197"}],"curies":[{"name":"wp","href":"https:\/\/api.w.org\/{rel}","templated":true}]}}