{"id":7194,"date":"2026-09-02T18:46:35","date_gmt":"2026-09-02T16:46:35","guid":{"rendered":"http:\/\/www.associazione-apertamente.org\/m\/?p=7194"},"modified":"2026-09-02T18:46:35","modified_gmt":"2026-09-02T16:46:35","slug":"di-che-cosa-stiamo-parlando","status":"publish","type":"post","link":"http:\/\/www.associazione-apertamente.org\/m\/2026\/09\/02\/di-che-cosa-stiamo-parlando\/","title":{"rendered":"Di che cosa stiamo parlando?"},"content":{"rendered":"\n<p>Di Massimo Bulli.<\/p>\n\n\n\n<p>Ha destato grande scandalo l&#8217;intervento di Bonaccini nel quale, parlando del successo elettorale di Trump, Brexit, Le Pen, Meloni, Salvini e Vannacci, ha affermato che si tratta, \u00abin maniera maggioritaria\u00bb, del voto \u00abdi chi ha poco studiato, di chi vive nelle aree interne o nelle periferie delle citt\u00e0 e di chi sta peggio economicamente\u00bb.<\/p>\n\n\n\n<p>L&#8217;affermazione si inseriva all&#8217;interno di un ragionamento pi\u00f9 complesso, la cui struttura potrebbe essere riassunta in questo modo: \u00abLa destra sta conquistando soprattutto determinate fasce sociali? Perch\u00e9 queste persone vivono condizioni economiche e sociali difficili? La sinistra deve capire perch\u00e9 le ha perse e tornare a occuparsi delle loro condizioni materiali\u00bb.<\/p>\n\n\n\n<p>Non era semplicemente: \u00abChi vota a destra \u00e8 ignorante\u00bb. Ma, ovviamente, questa affermazione \u00e8 stata estrapolata e cavalcata dalla destra per attaccare Bonaccini e, con lui, l&#8217;intera sinistra (parola che, per la destra, assume un significato molto ampio e coinvolge chiunque non sia di destra).<\/p>\n\n\n\n<p>Le affermazioni di Meloni, \u00abgli italiani votano a destra perch\u00e9 noi non chiediamo loro quanti titoli di studio abbiano prima di ascoltarli\u00bb, o di Salvini, che elenca a caso Walt Disney, Gates, Jobs, Zuckerberg, Winston Churchill, Abramo Lincoln, Oriana Fallaci, Dario Fo, Guglielmo Marconi, Benigni, Mentana, Enzo Ferrari come esponenti di una destra intellettuale, naturalmente completamente estrapolati da ogni contesto e periodo storico, riflettono un attacco strumentale, non un ragionamento complesso.<\/p>\n\n\n\n<p>Nel primo caso, lo sappiamo, il Governo Meloni racconta di \u00abascoltare gli italiani\u00bb, con un&#8217;astuta narrazione secondo la quale tutto quanto viene fatto in nome della \u00absicurezza\u00bb \u00e8 stato chiesto dagli italiani. Quindi una grande campagna mediatica contro i migranti, con continui decreti sicurezza, progressive limitazioni della libert\u00e0 personale, show a base di limitazioni di Schengen e fratture diplomatiche con altri Paesi europei, mentre, allo stesso tempo, il medesimo Governo sottoscrive accordi con diversi Paesi per l&#8217;arrivo di migranti per motivi di lavoro e firma decreti flussi per quasi un milione di nuovi ingressi.<\/p>\n\n\n\n<p>\u00c8 molto curioso che questi \u00abitaliani\u00bb, che vengono ascoltati cos\u00ec bene quando chiedono sicurezza, nuove carceri in Albania, restrizioni della libert\u00e0 personale eccetera, non chiedano, visto che sono cos\u00ec ben ascoltati, politiche economiche che contrastino il caro vita e l&#8217;inflazione, salari adeguati, pensioni dignitose, politiche per i giovani, miglioramenti della sanit\u00e0 e quanto necessario per vivere meglio.<\/p>\n\n\n\n<p>E che non si rendano conto che il Governo dice una cosa e ne fa un&#8217;altra, sempre \u00abin nome degli italiani\u00bb.<\/p>\n\n\n\n<p>Un Paese veramente strano.<\/p>\n\n\n\n<p>Lasciamo perdere i commenti di Salvini, ovviamente privi di contesto storico e politico (<em>per lui non una novit\u00e0 ma una costante<\/em>&nbsp;): accostiamo Benigni a Churchill?<\/p>\n\n\n\n<p>Ma nel ragionamento complessivo, ovviamente, bisognerebbe analizzare il contesto al quale fa riferimento Bonaccini. Perch\u00e9, se all&#8217;apparenza l&#8217;elettore di destra sembra mediamente meno istruito, anche leggendo i dati IPSOS, in realt\u00e0 esistono molti laureati che votano a destra e le percentuali dei campioni analizzati non riportano differenze cos\u00ec macroscopiche.<\/p>\n\n\n\n<p><strong>Il successo della destra tra scontento e individualismo<\/strong><\/p>\n\n\n\n<p>Quindi il successo della destra va analizzato in modo diverso.<\/p>\n\n\n\n<p>Sicuramente, in parte, risiede nel vuoto creato dalla sostanziale assenza dell&#8217;opposizione, in particolar modo della sinistra, che per andare a difendere gli \u00abultimi\u00bb si \u00e8 dimenticata dei \u00abpenultimi\u00bb, perdendo il contatto con l&#8217;elettorato o con gran parte di esso.<\/p>\n\n\n\n<p>Poi c&#8217;\u00e8 anche il grande mare dello scontento e dell&#8217;individualismo.<\/p>\n\n\n\n<p>L&#8217;individualismo induce l&#8217;elettore a dare il voto a chi gli promette un vantaggio personale, non un miglioramento della societ\u00e0; a seguire, senza eccessivi sensi di colpa, chi persegue l&#8217;amichettismo, il familismo, il favore agli amici, sperando prima o poi di entrare nella cerchia dei favoriti.<\/p>\n\n\n\n<p>Di questo l&#8217;attuale Governo \u00e8 un rappresentante indiscusso, tanto che la satira ha buon gioco nell&#8217;indicare il partito di governo con \u00abParenti d&#8217;Italia\u00bb invece di Fratelli d&#8217;Italia: ministri che improvvisamente acquisiscono lauree miracolose, assumono sorelle, fratelli e cognati, o mettono i figli in posizioni apicali in grandi aziende molto importanti.<\/p>\n\n\n\n<p>Ovviamente non ci sar\u00e0 posto per tutti, ma ognuno pu\u00f2 sperare di essere il preferito, di entrare in una squadra dove prima o poi il favore arriva.<\/p>\n\n\n\n<p>In questa categoria ricomprendiamo coloro i quali si rendono conto che la destra sta distruggendo l&#8217;Italia, ma non ci badano, tesi a seguire un&#8217;ipotesi di vantaggio personale. Ovviamente non si rendono conto che, quando le cose andranno veramente male, andranno male per tutti.<\/p>\n\n\n\n<p>Poi ci sono gli scontenti, che desiderano entrare in una squadra vincente quale che essa sia, come fossero tifosi di calcio, e quindi per essi l&#8217;importante \u00e8 \u00abvincere\u00bb, anche se poi questa vittoria non porta a un miglioramento della qualit\u00e0 della vita: l&#8217;importante, appunto, \u00e8 farla vedere a qualcuno, ai \u00absinistri\u00bb o agli immigrati.<\/p>\n\n\n\n<p>L&#8217;importante non \u00e8 stare bene, ma avere qualcuno che sta peggio, e questo peggio viene ben fornito dalla continua propaganda del Governo, che indica i nemici negli immigrati, nei \u00absinistri\u00bb, nei magistrati, e quindi formalmente sdogana il principio secondo il quale solo per essere di destra si \u00e8 gi\u00e0 migliori di tutti.<\/p>\n\n\n\n<p>Anche in questo caso non si rendono conto che vivere la propria funzione elettorale con un tifo di tipo calcistico non porter\u00e0 loro un miglioramento della vita.<\/p>\n\n\n\n<p>Del resto, i tifosi di una squadra di calcio pagano il biglietto allo stadio, pagano la quota al fan club, pagano il merchandising; poi, chi ha i milioni sono i giocatori.<\/p>\n\n\n\n<p><strong>L&#8217;analfabetismo funzionale e la difficolt\u00e0 di comprendere la complessit\u00e0<\/strong><\/p>\n\n\n\n<p>Qual \u00e8 il denominatore comune tra queste categorie?<\/p>\n\n\n\n<p>Si chiama analfabetismo funzionale, ovvero la difficolt\u00e0, pur in presenza di un&#8217;alfabetizzazione formale, di comprendere testi con un minimo di complessit\u00e0 o di media lunghezza; di comprendere le conseguenze di alcune scelte e alcuni ragionamenti; di elaborare concetti complessi o di orientarsi tra dati e notizie; di approfondire le informazioni e non fermarsi all&#8217;aspetto sensazionale delle notizie; di non comprendere cosa si nasconde dietro la propaganda e di non comprendere la concatenazione di effetti che si nasconde dietro un fatto o un decreto apparentemente innocente.<\/p>\n\n\n\n<p>In una parola, di comprendere veramente quello che succede e quello che viene manipolato con gli slogan urlati.<\/p>\n\n\n\n<p>Teniamo conto che, secondo studi recenti, soffre di analfabetismo funzionale circa il 35% degli italiani (&nbsp;<em>dati pubblici<\/em>&nbsp;).<\/p>\n\n\n\n<p>Ed allora possiamo comprendere la reale dimensione del problema.<\/p>\n\n\n\n<p>Teniamo conto che ai ragionamenti di Bonaccini, opportunamente estrapolati in alcune parti, i rappresentanti del Governo hanno risposto non con ragionamenti, ma con slogan.<\/p>\n\n\n\n<p>Pu\u00f2 sembrare un ragionamento di parte, e probabilmente lo \u00e8, ma \u00e8 difficile non giudicare in maniera critica un Governo che basa la propria propaganda sui problemi dell&#8217;immigrazione, pi\u00f9 che altri ingigantiti, e sulla lotta contro la magistratura e una \u00absinistra\u00bb praticamente inesistente, mentre il Paese \u00e8 oppresso da inflazione, crisi energetica, politiche sbagliate nel campo delle energie sostenibili e degli approvvigionamenti energetici, crescita industriale, occupazione, povert\u00e0 diffusa, disagio sociale, sanit\u00e0 in declino e che dedica il suo tempo non a cercare soluzioni, ma ad inventare colpevoli.<\/p>\n\n\n\n<p>&#8230;che sono sempre&#8230; quelli di prima?<\/p>\n","protected":false},"excerpt":{"rendered":"<p>Di Massimo Bulli. Ha destato grande scandalo l&#8217;intervento di Bonaccini nel quale, parlando del successo elettorale di Trump, Brexit, Le Pen, Meloni, Salvini e Vannacci, ha affermato che si tratta, \u00abin maniera maggioritaria\u00bb, del voto \u00abdi chi ha poco studiato, di chi vive nelle aree interne o nelle periferie delle citt\u00e0 e di chi sta peggio economicamente\u00bb. L&#8217;affermazione si inseriva all&#8217;interno di un ragionamento pi\u00f9 complesso, la cui struttura potrebbe essere riassunta in questo modo: \u00abLa destra sta conquistando soprattutto<span class=\"excerpt-hellip\"> [\u2026]<\/span><\/p>\n","protected":false},"author":1,"featured_media":7195,"comment_status":"closed","ping_status":"open","sticky":false,"template":"","format":"standard","meta":[],"categories":[10],"tags":[],"_links":{"self":[{"href":"http:\/\/www.associazione-apertamente.org\/m\/wp-json\/wp\/v2\/posts\/7194"}],"collection":[{"href":"http:\/\/www.associazione-apertamente.org\/m\/wp-json\/wp\/v2\/posts"}],"about":[{"href":"http:\/\/www.associazione-apertamente.org\/m\/wp-json\/wp\/v2\/types\/post"}],"author":[{"embeddable":true,"href":"http:\/\/www.associazione-apertamente.org\/m\/wp-json\/wp\/v2\/users\/1"}],"replies":[{"embeddable":true,"href":"http:\/\/www.associazione-apertamente.org\/m\/wp-json\/wp\/v2\/comments?post=7194"}],"version-history":[{"count":1,"href":"http:\/\/www.associazione-apertamente.org\/m\/wp-json\/wp\/v2\/posts\/7194\/revisions"}],"predecessor-version":[{"id":7196,"href":"http:\/\/www.associazione-apertamente.org\/m\/wp-json\/wp\/v2\/posts\/7194\/revisions\/7196"}],"wp:featuredmedia":[{"embeddable":true,"href":"http:\/\/www.associazione-apertamente.org\/m\/wp-json\/wp\/v2\/media\/7195"}],"wp:attachment":[{"href":"http:\/\/www.associazione-apertamente.org\/m\/wp-json\/wp\/v2\/media?parent=7194"}],"wp:term":[{"taxonomy":"category","embeddable":true,"href":"http:\/\/www.associazione-apertamente.org\/m\/wp-json\/wp\/v2\/categories?post=7194"},{"taxonomy":"post_tag","embeddable":true,"href":"http:\/\/www.associazione-apertamente.org\/m\/wp-json\/wp\/v2\/tags?post=7194"}],"curies":[{"name":"wp","href":"https:\/\/api.w.org\/{rel}","templated":true}]}}