{"id":7187,"date":"2026-09-02T09:00:00","date_gmt":"2026-09-02T07:00:00","guid":{"rendered":"http:\/\/www.associazione-apertamente.org\/m\/?p=7187"},"modified":"2026-09-01T18:36:35","modified_gmt":"2026-09-01T16:36:35","slug":"non-perdere-la-memoria-25-luglio-8-settembre-e-25-aprile-tre-date-storiche-da-celebrare","status":"publish","type":"post","link":"http:\/\/www.associazione-apertamente.org\/m\/2026\/09\/02\/non-perdere-la-memoria-25-luglio-8-settembre-e-25-aprile-tre-date-storiche-da-celebrare\/","title":{"rendered":"Non perdere la memoria. 25 luglio, 8 settembre e 25 aprile: tre date storiche da celebrare"},"content":{"rendered":"\n<p>Di Luciano Patat.<\/p>\n\n\n\n<p>Rappresenta indubbiamente una sorpresa la decisione assunta dalle Rsu Fim Fiom e Uilm e dal Comitato unitario antifascista dello stabilimento Fincantieri di Monfalcone di non celebrare la data del crollo del regime fascista del 25 luglio 1943 e quella dell\u2019armistizio e della formazione della Brigata Proletaria dell\u2019 8 settembre ma di accorparle alla manifestazione del 25 aprile, festa della Liberazione.<\/p>\n\n\n\n<p><strong>Penso che quella sia stata una scelta sbagliata<\/strong>. Ritengo, infatti, che sia molto importante celebrare anche quelle due date per ricordare una volta di pi\u00f9 l\u2019importanza del contributo dato dalle maestranze del cantiere di Monfalcone alla lotta per abbattere il fascismo e per conquistare la libert\u00e0 e la democrazia.<\/p>\n\n\n\n<p>Una lotta, quella dei cantierini, durata ininterrottamente oltre vent\u2019anni perch\u00e9, anche nei momenti in cui il fascismo appare saldamente al potere e forte \u00e8 la repressione poliziesca contro ogni manifestazione di antifascismo, nel cantiere di Monfalcone \u00e8 attiva una rete clandestina di militanti comunisti che diffondono manifestini, operano scritte antifasciste, raccolgono fondi per il Soccorso Rosso per i condannati politici e per le loro famiglie e tengono viva fra i lavoratori la voglia di lottare e di abbattere un regime oppressivo e violento.<\/p>\n\n\n\n<p>Molti di quei militanti pagano il loro impegno antifascista con l\u2019arresto, il licenziamento, la condanna al carcere o l\u2019invio al confino e molti altri, reduci dai luoghi di pena fascisti e posti sotto sorveglianza dalla polizia politica, per anni sono condannati, assieme alle loro famiglie, ad una vita di restrizioni e di umiliazioni.<\/p>\n\n\n\n<div class=\"wp-block-image\"><figure class=\"aligncenter size-large\"><img loading=\"lazy\" width=\"253\" height=\"148\" src=\"https:\/\/www.associazione-apertamente.org\/m\/wp-content\/uploads\/2026\/09\/foto.jpg\" alt=\"\" class=\"wp-image-7191\" srcset=\"http:\/\/www.associazione-apertamente.org\/m\/wp-content\/uploads\/2026\/09\/foto.jpg 253w, http:\/\/www.associazione-apertamente.org\/m\/wp-content\/uploads\/2026\/09\/foto-250x146.jpg 250w, http:\/\/www.associazione-apertamente.org\/m\/wp-content\/uploads\/2026\/09\/foto-50x29.jpg 50w, http:\/\/www.associazione-apertamente.org\/m\/wp-content\/uploads\/2026\/09\/foto-128x75.jpg 128w\" sizes=\"(max-width: 253px) 100vw, 253px\" \/><\/figure><\/div>\n\n\n\n<p>L\u2019elenco dei cantierini arrestati e condannati per attivit\u00e0 contraria al regime nel corso del Ventennio \u00e8 particolarmente lungo e non \u00e8 un caso che fra i perseguitati politici antifascisti, che scontano decine di anni di carcere o di confino, molti diventino in seguito partigiani e comandanti di reparti combattenti come Ferdinando Marega, comandante della Brigata Proletaria, Camillo Donda commissario del Battaglione Triestino, Lino Marega, combattente delle Brigate internazionali di Spagna e commissario della divisione garibaldina Nino Nannetti, Romano Fumis, commissario delle formazioni gappiste dell\u2019Isontino e della Bassa Friulana, Giovanni Siess, fondatore e commissario del battaglione garibaldino Mazzini e Giovanni Calligaris, commissario di battaglione della Brigata Proletaria.<\/p>\n\n\n\n<p>Altri lavoratori, che si formano alla scuola politica antifascista del cantiere di Monfalcone, ricoprono posizioni di comando nelle grandi formazioni partigiane, come Vinicio Fontanot, comandante della brigata GAP Bruno Montina, Elio Tambarin, commissario di battaglione della Brigata Proletaria, Riccardo Giacuzzo, comandante della brigata Garibaldi Trieste e i decorati di medaglia d\u2019argento al valor militare Mario Modotti, comandante della brigata garibaldina \u201cIppolito Nievo\u201d e Mario Fantini, comandante della divisione Garibaldi Natisone.<\/p>\n\n\n\n<p>La crescita di una solida coscienza politica antifascista fra i lavoratori dello stabilimento spiega il perch\u00e8 diversi cantierini, ancor prima del crollo del regime, facciano la scelta della lotta armata per abbattere il fascismo e si aggreghino sul Carso alle formazioni partigiane slovene, e perch\u00e8 nel marzo del 1943 partecipino alla costituzione del Distaccamento Garibaldi, la prima formazione partigiana della Resistenza italiana.<\/p>\n\n\n\n<p>I lavoratori del cantiere sono i protagonisti delle manifestazioni popolari che si registrano a Monfalcone dopo l\u2019annuncio dell\u2019arresto di Mussolini del 25 luglio 1943.<\/p>\n\n\n\n<p>Per tre giorni i cantierini si astengono dal lavoro, danno vita a comizi e cortei per le vie cittadine, si scontrano nello stabilimento con la Milizia fascista e riprendono il lavoro solo sotto il ricatto del comando del XXIII Corpo d&#8217;Armata che minaccia di fucilare due operai del cantiere San Marco di Trieste, presi come ostaggi.<\/p>\n\n\n\n<p>E sono ancora le maestranze del cantiere che la notte dell\u201911 settembre 1943 costituiscono a Ville Montevecchio la Brigata Proletaria e, a fianco alle formazioni slovene, danno vita alla battaglia partigiana di Gorizia. Per venti giorni i lavoratori tengono testa prima a una e poi a due divisioni tedesche e scrivono in tal modo una pagina straordinaria di storia, unica in Italia, meritevole di trovare un posto di rilievo in tutti i manuali scolastici accanto agli altri episodi pi\u00f9 significativi della Resistenza italiana.<\/p>\n\n\n\n<div class=\"wp-block-image\"><figure class=\"aligncenter size-large\"><img loading=\"lazy\" width=\"292\" height=\"375\" src=\"https:\/\/www.associazione-apertamente.org\/m\/wp-content\/uploads\/2026\/09\/selz-cippo.png\" alt=\"\" class=\"wp-image-7192\" srcset=\"http:\/\/www.associazione-apertamente.org\/m\/wp-content\/uploads\/2026\/09\/selz-cippo.png 292w, http:\/\/www.associazione-apertamente.org\/m\/wp-content\/uploads\/2026\/09\/selz-cippo-234x300.png 234w, http:\/\/www.associazione-apertamente.org\/m\/wp-content\/uploads\/2026\/09\/selz-cippo-114x146.png 114w, http:\/\/www.associazione-apertamente.org\/m\/wp-content\/uploads\/2026\/09\/selz-cippo-39x50.png 39w, http:\/\/www.associazione-apertamente.org\/m\/wp-content\/uploads\/2026\/09\/selz-cippo-58x75.png 58w\" sizes=\"(max-width: 292px) 100vw, 292px\" \/><\/figure><\/div>\n\n\n\n<p>Quello che i lavoratori del cantiere hanno offerto alla lotta antifascista e alla Resistenza \u00e8 stato un contributo notevole ma pagato a caro prezzo: numerosi sono stati i cantierini che hanno subito anni di carcere o di confino, centinaia sono stati quelli che sono caduti combattendo nelle formazioni partigiane o sono stati uccisi alla Risiera di San Sabba o sono morti nei lager tedeschi.<\/p>\n\n\n\n<p>Questi fatti di grande rilevanza non sono avvenuti per caso ma sono il risultato consequenziale di una lunga storia di lotte politiche e sindacali in cui i lavoratori del cantiere hanno maturato una forte coscienza politica antifascista e in cui si sono formati i militanti e i dirigenti protagonisti della guerra partigiana al confine orientale.<\/p>\n\n\n\n<p>Ecco perch\u00e9 accanto alla data del 25 aprile 1945, che indica il giorno della Liberazione del Paese dal nazifascismo,&nbsp;<strong>vanno celebrate anche la data del 25 luglio 1943<\/strong>, che ricorda il crollo del regime mussoliniano ma anche la lotta sostenuta nel Ventennio dai cantierini per combatterlo, e quella dell\u2019<strong>8 settembre 1943<\/strong>, che ricorda l\u2019armistizio con gli alleati ma anche la formazione della Brigata Proletaria, la battaglia partigiana di Gorizia e i 503 lavoratori del cantiere caduti per costruire un\u2019Italia migliore.<\/p>\n","protected":false},"excerpt":{"rendered":"<p>Di Luciano Patat. Rappresenta indubbiamente una sorpresa la decisione assunta dalle Rsu Fim Fiom e Uilm e dal Comitato unitario antifascista dello stabilimento Fincantieri di Monfalcone di non celebrare la data del crollo del regime fascista del 25 luglio 1943 e quella dell\u2019armistizio e della formazione della Brigata Proletaria dell\u2019 8 settembre ma di accorparle alla manifestazione del 25 aprile, festa della Liberazione. Penso che quella sia stata una scelta sbagliata. Ritengo, infatti, che sia molto importante celebrare anche quelle<span class=\"excerpt-hellip\"> [\u2026]<\/span><\/p>\n","protected":false},"author":1,"featured_media":7190,"comment_status":"closed","ping_status":"open","sticky":false,"template":"","format":"standard","meta":[],"categories":[10],"tags":[],"_links":{"self":[{"href":"http:\/\/www.associazione-apertamente.org\/m\/wp-json\/wp\/v2\/posts\/7187"}],"collection":[{"href":"http:\/\/www.associazione-apertamente.org\/m\/wp-json\/wp\/v2\/posts"}],"about":[{"href":"http:\/\/www.associazione-apertamente.org\/m\/wp-json\/wp\/v2\/types\/post"}],"author":[{"embeddable":true,"href":"http:\/\/www.associazione-apertamente.org\/m\/wp-json\/wp\/v2\/users\/1"}],"replies":[{"embeddable":true,"href":"http:\/\/www.associazione-apertamente.org\/m\/wp-json\/wp\/v2\/comments?post=7187"}],"version-history":[{"count":2,"href":"http:\/\/www.associazione-apertamente.org\/m\/wp-json\/wp\/v2\/posts\/7187\/revisions"}],"predecessor-version":[{"id":7193,"href":"http:\/\/www.associazione-apertamente.org\/m\/wp-json\/wp\/v2\/posts\/7187\/revisions\/7193"}],"wp:featuredmedia":[{"embeddable":true,"href":"http:\/\/www.associazione-apertamente.org\/m\/wp-json\/wp\/v2\/media\/7190"}],"wp:attachment":[{"href":"http:\/\/www.associazione-apertamente.org\/m\/wp-json\/wp\/v2\/media?parent=7187"}],"wp:term":[{"taxonomy":"category","embeddable":true,"href":"http:\/\/www.associazione-apertamente.org\/m\/wp-json\/wp\/v2\/categories?post=7187"},{"taxonomy":"post_tag","embeddable":true,"href":"http:\/\/www.associazione-apertamente.org\/m\/wp-json\/wp\/v2\/tags?post=7187"}],"curies":[{"name":"wp","href":"https:\/\/api.w.org\/{rel}","templated":true}]}}