{"id":6847,"date":"2026-04-29T18:45:50","date_gmt":"2026-04-29T16:45:50","guid":{"rendered":"http:\/\/www.associazione-apertamente.org\/m\/?p=6847"},"modified":"2026-04-29T18:49:19","modified_gmt":"2026-04-29T16:49:19","slug":"25-aprile-unita-memoria-e-vigilanza-democratica","status":"publish","type":"post","link":"http:\/\/www.associazione-apertamente.org\/m\/2026\/04\/29\/25-aprile-unita-memoria-e-vigilanza-democratica\/","title":{"rendered":"25 aprile: unit\u00e0, memoria e vigilanza democratica"},"content":{"rendered":"\n<p>Di Paolo Polli.<\/p>\n\n\n\n<p>Il 25 aprile di quest\u2019anno ha restituito un\u2019immagine forte e partecipata.<\/p>\n\n\n\n<p>Da Milano ai centri pi\u00f9 piccoli, migliaia di persone sono scese in piazza, con una presenza significativa di giovani: un segnale importante, che dimostra come i valori della Liberazione continuino a parlare alle nuove generazioni.<\/p>\n\n\n\n<p>Ma proprio perch\u00e9 il 25 aprile non \u00e8 una celebrazione rituale, bens\u00ec un momento profondamente politico, occorre dirlo con chiarezza: questa giornata non pu\u00f2 essere svuotata, banalizzata o piegata a polemiche strumentali.<\/p>\n\n\n\n<p>Ricorda la sconfitta del fascismo e dell\u2019occupazione nazifascista, ma soprattutto quella straordinaria unit\u00e0 tra forze diverse che rese possibile la nascita della Repubblica e della Costituzione.<\/p>\n\n\n\n<p>In questo senso, quanto accaduto in alcune manifestazioni \u2014 come a Milano \u2014 mostra un limite che non va ignorato. L\u2019introduzione di simboli e bandiere che nulla hanno a che vedere con la storia e il significato del 25 aprile rischia di trasformare una giornata di unit\u00e0 in un terreno di contrapposizione.<\/p>\n\n\n\n<p>\u00c8 un errore politico prima ancora che simbolico: il 25 aprile non \u00e8 il luogo per trasferire conflitti, n\u00e9 per affermare identit\u00e0 di parte.<\/p>\n\n\n\n<p>Tuttavia, ancora pi\u00f9 grave \u00e8 ci\u00f2 che non viene detto o viene volutamente minimizzato.<\/p>\n\n\n\n<p>A Roma, due militanti antifascisti sono stati colpiti da spari di pistola ad aria compressa da parte di un aggressore. Un atto intimidatorio che richiama esplicitamente un clima che non pu\u00f2 essere sottovalutato. Eppure, su episodi come questo, troppo spesso si registra un silenzio o una timidezza inaccettabile da parte delle istituzioni.<\/p>\n\n\n\n<p>Non basta richiamarsi genericamente alla democrazia: difenderla significa anche riconoscere e condannare con chiarezza ogni forma di violenza e ogni rigurgito neofascista, finalmente senza ambiguit\u00e0 e senza doppi standard. Altrimenti si rischia di delegittimare proprio quella memoria condivisa che il 25 aprile dovrebbe rafforzare.<\/p>\n\n\n\n<p>Parimenti andrebbero esplicitamente condannate altre manifestazioni inneggianti esplicitamente al fascismo come quella del giorno dopo, il 26 aprile sul lago di Como ma come purtroppo succede sempre pi\u00f9 spesso in altre situazioni.<\/p>\n\n\n\n<p>Difendere il 25 aprile oggi significa allora assumersi una responsabilit\u00e0 politica precisa: custodirne il significato, impedire che venga distorto e riaffermare con forza i valori antifascisti su cui si fonda la nostra Repubblica. Non per guardare al passato con nostalgia, ma per evitare che certi segnali, se sottovalutati, diventino qualcosa di pi\u00f9 pericoloso nel presente.<\/p>\n\n\n\n<p>Allo stesso tempo andrebbe ricordato, anche alle pi\u00f9 alte istituzioni, che se tutti i morti di quel triste periodo possono essere ricordati con la piet\u00e0 dovuta,&nbsp;non si possono accomunare ecelebrare il 25 aprile<strong>,&nbsp;<\/strong><strong>c\u2019\u00e8 chi la lottato e perso la vita per riacquisire la libert\u00e0 di cui oggi noi godiamo e chi invece lottava e moriva per preservare il criminale regime fascista e occupatore<\/strong>&nbsp;<strong>nazista<\/strong>. &nbsp;Ricordando Calvino nei Nidi di ragno \u201c&nbsp;<em>Noi, questo furore, lo usiamo per non essere pi\u00f9 schiavi, per non avere pi\u00f9 paura, per costruire un mondo in cui quel furore non sia pi\u00f9 possibile.<\/em><\/p>\n\n\n\n<p><em>Loro, invece, lo usano per restare schiavi, per continuare ad avere paura, perch\u00e9 quel furore sia l&#8217;unica legge del mondo.\u00bb<\/em><\/p>\n\n\n\n<p>Il 25 aprile \u00e8 la festa della libert\u00e0 ma &nbsp;la libert\u00e0, come ci insegna la storia, non \u00e8 mai acquisita una volta per tutte.<\/p>\n","protected":false},"excerpt":{"rendered":"<p>Di Paolo Polli. Il 25 aprile di quest\u2019anno ha restituito un\u2019immagine forte e partecipata. Da Milano ai centri pi\u00f9 piccoli, migliaia di persone sono scese in piazza, con una presenza significativa di giovani: un segnale importante, che dimostra come i valori della Liberazione continuino a parlare alle nuove generazioni. Ma proprio perch\u00e9 il 25 aprile non \u00e8 una celebrazione rituale, bens\u00ec un momento profondamente politico, occorre dirlo con chiarezza: questa giornata non pu\u00f2 essere svuotata, banalizzata o piegata a polemiche<span class=\"excerpt-hellip\"> [\u2026]<\/span><\/p>\n","protected":false},"author":1,"featured_media":6850,"comment_status":"closed","ping_status":"open","sticky":false,"template":"","format":"standard","meta":[],"categories":[10],"tags":[],"_links":{"self":[{"href":"http:\/\/www.associazione-apertamente.org\/m\/wp-json\/wp\/v2\/posts\/6847"}],"collection":[{"href":"http:\/\/www.associazione-apertamente.org\/m\/wp-json\/wp\/v2\/posts"}],"about":[{"href":"http:\/\/www.associazione-apertamente.org\/m\/wp-json\/wp\/v2\/types\/post"}],"author":[{"embeddable":true,"href":"http:\/\/www.associazione-apertamente.org\/m\/wp-json\/wp\/v2\/users\/1"}],"replies":[{"embeddable":true,"href":"http:\/\/www.associazione-apertamente.org\/m\/wp-json\/wp\/v2\/comments?post=6847"}],"version-history":[{"count":1,"href":"http:\/\/www.associazione-apertamente.org\/m\/wp-json\/wp\/v2\/posts\/6847\/revisions"}],"predecessor-version":[{"id":6849,"href":"http:\/\/www.associazione-apertamente.org\/m\/wp-json\/wp\/v2\/posts\/6847\/revisions\/6849"}],"wp:featuredmedia":[{"embeddable":true,"href":"http:\/\/www.associazione-apertamente.org\/m\/wp-json\/wp\/v2\/media\/6850"}],"wp:attachment":[{"href":"http:\/\/www.associazione-apertamente.org\/m\/wp-json\/wp\/v2\/media?parent=6847"}],"wp:term":[{"taxonomy":"category","embeddable":true,"href":"http:\/\/www.associazione-apertamente.org\/m\/wp-json\/wp\/v2\/categories?post=6847"},{"taxonomy":"post_tag","embeddable":true,"href":"http:\/\/www.associazione-apertamente.org\/m\/wp-json\/wp\/v2\/tags?post=6847"}],"curies":[{"name":"wp","href":"https:\/\/api.w.org\/{rel}","templated":true}]}}