{"id":6824,"date":"2026-04-26T17:36:00","date_gmt":"2026-04-26T15:36:00","guid":{"rendered":"http:\/\/www.associazione-apertamente.org\/m\/?p=6824"},"modified":"2026-04-27T17:39:20","modified_gmt":"2026-04-27T15:39:20","slug":"celebrazioni-del-25-aprile","status":"publish","type":"post","link":"http:\/\/www.associazione-apertamente.org\/m\/2026\/04\/26\/celebrazioni-del-25-aprile\/","title":{"rendered":"Celebrazioni del 25 aprile"},"content":{"rendered":"\n<p>A Gradisca d&#8217;Isonzo e a Sagrado.<\/p>\n\n\n\n<h3>Gradisca, sala gremita per la memoria della Resistenza: protagonisti anche i giovani<\/h3>\n\n\n\n<p><strong>Celebrazione partecipata tra istituzioni, ANPI e associazioni. Richiamati i valori della Costituzione e il sacrificio per la libert\u00e0.<\/strong><\/p>\n\n\n\n<p>Gradisca ha vissuto una mattinata intensa e partecipata all\u2019insegna della memoria, della Resistenza e dei valori della Costituzione, con un programma che ha toccato diversi luoghi simbolo della citt\u00e0 per concludersi alle ore 11.00 nella Sala del Consiglio comunale.<br>L\u2019incontro istituzionale si \u00e8 aperto con il saluto del sindaco, ingegner Alessandro Pagotto, alla presenza delle autorit\u00e0 e della cittadinanza. Accanto a lui, la sezione locale dell\u2019ANPI, con l\u2019intervento di Bianca Redivo, e il Consiglio comunale delle Ragazze e dei Ragazzi, protagonisti di alcune letture particolarmente significative.<br>A introdurre \u00e8 stato Paolo Polli, presidente dell\u2019Associazione culturale Apertamente, mentre le letture sono state affidate a Enrico Cavallero. Momento centrale dell\u2019iniziativa \u00e8 stata la lectio magistralis di Gabriele Mastrolillo, direttore scientifico dell\u2019Istituto regionale per la storia della Resistenza e dell\u2019et\u00e0 contemporanea nel Friuli Venezia Giulia.<br>L\u2019iniziativa, promossa dall\u2019Amministrazione comunale in collaborazione con l\u2019Associazione culturale Apertamente, l\u2019ANPI e il Consiglio comunale dei ragazzi, ha registrato una partecipazione superiore alle attese: la Sala del Consiglio non \u00e8 riuscita a contenere tutti i presenti, rendendo necessario l\u2019utilizzo anche della terrazza esterna.<br>Particolarmente significativa la presenza di numerosi giovani e giovanissimi, segnale concreto di un interesse vivo verso i temi della memoria storica e dei valori democratici. Un aspetto sottolineato anche nel corso degli interventi, che hanno evidenziato come le nuove generazioni, se coinvolte, siano in grado di raccogliere l\u2019eredit\u00e0 dei principi che hanno portato alla Liberazione e alla nascita della Costituzione.<br>Nel suo intervento, Polli ha richiamato con decisione il valore del sacrificio di chi ha rischiato e perso la vita per la libert\u00e0, distinguendolo nettamente da chi combatt\u00e9 per la continuit\u00e0 del fascismo di Sal\u00f2. Un passaggio che si \u00e8 tradotto in un invito a mantenere viva la memoria storica, soprattutto da parte di chi oggi ricopre incarichi istituzionali, resi possibili proprio grazie alla lotta di liberazione dal nazifascismo.<\/p>\n\n\n\n<figure class=\"wp-block-gallery columns-3 is-cropped\"><ul class=\"blocks-gallery-grid\"><li class=\"blocks-gallery-item\"><figure><img loading=\"lazy\" width=\"1024\" height=\"768\" src=\"https:\/\/www.associazione-apertamente.org\/m\/wp-content\/uploads\/2026\/04\/WhatsApp-Image-2026-04-27-at-17.12.01-1-1024x768.jpeg\" alt=\"\" data-id=\"6833\" data-full-url=\"https:\/\/www.associazione-apertamente.org\/m\/wp-content\/uploads\/2026\/04\/WhatsApp-Image-2026-04-27-at-17.12.01-1.jpeg\" data-link=\"http:\/\/www.associazione-apertamente.org\/m\/?attachment_id=6833\" class=\"wp-image-6833\" srcset=\"http:\/\/www.associazione-apertamente.org\/m\/wp-content\/uploads\/2026\/04\/WhatsApp-Image-2026-04-27-at-17.12.01-1-1024x768.jpeg 1024w, http:\/\/www.associazione-apertamente.org\/m\/wp-content\/uploads\/2026\/04\/WhatsApp-Image-2026-04-27-at-17.12.01-1-300x225.jpeg 300w, http:\/\/www.associazione-apertamente.org\/m\/wp-content\/uploads\/2026\/04\/WhatsApp-Image-2026-04-27-at-17.12.01-1-768x576.jpeg 768w, http:\/\/www.associazione-apertamente.org\/m\/wp-content\/uploads\/2026\/04\/WhatsApp-Image-2026-04-27-at-17.12.01-1-1536x1152.jpeg 1536w, http:\/\/www.associazione-apertamente.org\/m\/wp-content\/uploads\/2026\/04\/WhatsApp-Image-2026-04-27-at-17.12.01-1-195x146.jpeg 195w, http:\/\/www.associazione-apertamente.org\/m\/wp-content\/uploads\/2026\/04\/WhatsApp-Image-2026-04-27-at-17.12.01-1-50x38.jpeg 50w, http:\/\/www.associazione-apertamente.org\/m\/wp-content\/uploads\/2026\/04\/WhatsApp-Image-2026-04-27-at-17.12.01-1-100x75.jpeg 100w, http:\/\/www.associazione-apertamente.org\/m\/wp-content\/uploads\/2026\/04\/WhatsApp-Image-2026-04-27-at-17.12.01-1.jpeg 2048w\" sizes=\"(max-width: 1024px) 100vw, 1024px\" \/><\/figure><\/li><li class=\"blocks-gallery-item\"><figure><img loading=\"lazy\" width=\"768\" height=\"1024\" src=\"https:\/\/www.associazione-apertamente.org\/m\/wp-content\/uploads\/2026\/04\/WhatsApp-Image-2026-04-27-at-17.12.01-3-768x1024.jpeg\" alt=\"\" data-id=\"6831\" data-full-url=\"https:\/\/www.associazione-apertamente.org\/m\/wp-content\/uploads\/2026\/04\/WhatsApp-Image-2026-04-27-at-17.12.01-3.jpeg\" data-link=\"http:\/\/www.associazione-apertamente.org\/m\/?attachment_id=6831\" class=\"wp-image-6831\" srcset=\"http:\/\/www.associazione-apertamente.org\/m\/wp-content\/uploads\/2026\/04\/WhatsApp-Image-2026-04-27-at-17.12.01-3-768x1024.jpeg 768w, http:\/\/www.associazione-apertamente.org\/m\/wp-content\/uploads\/2026\/04\/WhatsApp-Image-2026-04-27-at-17.12.01-3-225x300.jpeg 225w, http:\/\/www.associazione-apertamente.org\/m\/wp-content\/uploads\/2026\/04\/WhatsApp-Image-2026-04-27-at-17.12.01-3-1152x1536.jpeg 1152w, http:\/\/www.associazione-apertamente.org\/m\/wp-content\/uploads\/2026\/04\/WhatsApp-Image-2026-04-27-at-17.12.01-3-110x146.jpeg 110w, http:\/\/www.associazione-apertamente.org\/m\/wp-content\/uploads\/2026\/04\/WhatsApp-Image-2026-04-27-at-17.12.01-3-38x50.jpeg 38w, http:\/\/www.associazione-apertamente.org\/m\/wp-content\/uploads\/2026\/04\/WhatsApp-Image-2026-04-27-at-17.12.01-3-56x75.jpeg 56w, http:\/\/www.associazione-apertamente.org\/m\/wp-content\/uploads\/2026\/04\/WhatsApp-Image-2026-04-27-at-17.12.01-3.jpeg 1200w\" sizes=\"(max-width: 768px) 100vw, 768px\" \/><\/figure><\/li><li class=\"blocks-gallery-item\"><figure><img loading=\"lazy\" width=\"1024\" height=\"768\" src=\"https:\/\/www.associazione-apertamente.org\/m\/wp-content\/uploads\/2026\/04\/WhatsApp-Image-2026-04-27-at-17.12.01-1024x768.jpeg\" alt=\"\" data-id=\"6834\" data-full-url=\"https:\/\/www.associazione-apertamente.org\/m\/wp-content\/uploads\/2026\/04\/WhatsApp-Image-2026-04-27-at-17.12.01.jpeg\" data-link=\"http:\/\/www.associazione-apertamente.org\/m\/?attachment_id=6834\" class=\"wp-image-6834\" srcset=\"http:\/\/www.associazione-apertamente.org\/m\/wp-content\/uploads\/2026\/04\/WhatsApp-Image-2026-04-27-at-17.12.01-1024x768.jpeg 1024w, http:\/\/www.associazione-apertamente.org\/m\/wp-content\/uploads\/2026\/04\/WhatsApp-Image-2026-04-27-at-17.12.01-300x225.jpeg 300w, http:\/\/www.associazione-apertamente.org\/m\/wp-content\/uploads\/2026\/04\/WhatsApp-Image-2026-04-27-at-17.12.01-768x576.jpeg 768w, http:\/\/www.associazione-apertamente.org\/m\/wp-content\/uploads\/2026\/04\/WhatsApp-Image-2026-04-27-at-17.12.01-1536x1152.jpeg 1536w, http:\/\/www.associazione-apertamente.org\/m\/wp-content\/uploads\/2026\/04\/WhatsApp-Image-2026-04-27-at-17.12.01-195x146.jpeg 195w, http:\/\/www.associazione-apertamente.org\/m\/wp-content\/uploads\/2026\/04\/WhatsApp-Image-2026-04-27-at-17.12.01-50x38.jpeg 50w, http:\/\/www.associazione-apertamente.org\/m\/wp-content\/uploads\/2026\/04\/WhatsApp-Image-2026-04-27-at-17.12.01-100x75.jpeg 100w, http:\/\/www.associazione-apertamente.org\/m\/wp-content\/uploads\/2026\/04\/WhatsApp-Image-2026-04-27-at-17.12.01.jpeg 2048w\" sizes=\"(max-width: 1024px) 100vw, 1024px\" \/><\/figure><\/li><li class=\"blocks-gallery-item\"><figure><img loading=\"lazy\" width=\"1024\" height=\"759\" src=\"https:\/\/www.associazione-apertamente.org\/m\/wp-content\/uploads\/2026\/04\/Screenshot-2026-04-27-171744-1024x759.png\" alt=\"\" data-id=\"6835\" data-full-url=\"https:\/\/www.associazione-apertamente.org\/m\/wp-content\/uploads\/2026\/04\/Screenshot-2026-04-27-171744.png\" data-link=\"http:\/\/www.associazione-apertamente.org\/m\/?attachment_id=6835\" class=\"wp-image-6835\" srcset=\"http:\/\/www.associazione-apertamente.org\/m\/wp-content\/uploads\/2026\/04\/Screenshot-2026-04-27-171744-1024x759.png 1024w, http:\/\/www.associazione-apertamente.org\/m\/wp-content\/uploads\/2026\/04\/Screenshot-2026-04-27-171744-300x222.png 300w, http:\/\/www.associazione-apertamente.org\/m\/wp-content\/uploads\/2026\/04\/Screenshot-2026-04-27-171744-768x569.png 768w, http:\/\/www.associazione-apertamente.org\/m\/wp-content\/uploads\/2026\/04\/Screenshot-2026-04-27-171744-197x146.png 197w, http:\/\/www.associazione-apertamente.org\/m\/wp-content\/uploads\/2026\/04\/Screenshot-2026-04-27-171744-50x37.png 50w, http:\/\/www.associazione-apertamente.org\/m\/wp-content\/uploads\/2026\/04\/Screenshot-2026-04-27-171744-101x75.png 101w, http:\/\/www.associazione-apertamente.org\/m\/wp-content\/uploads\/2026\/04\/Screenshot-2026-04-27-171744.png 1054w\" sizes=\"(max-width: 1024px) 100vw, 1024px\" \/><\/figure><\/li><li class=\"blocks-gallery-item\"><figure><img loading=\"lazy\" width=\"1024\" height=\"768\" src=\"https:\/\/www.associazione-apertamente.org\/m\/wp-content\/uploads\/2026\/04\/WhatsApp-Image-2026-04-27-at-17.30.37-1024x768.jpeg\" alt=\"\" data-id=\"6837\" data-full-url=\"https:\/\/www.associazione-apertamente.org\/m\/wp-content\/uploads\/2026\/04\/WhatsApp-Image-2026-04-27-at-17.30.37.jpeg\" data-link=\"http:\/\/www.associazione-apertamente.org\/m\/?attachment_id=6837\" class=\"wp-image-6837\" srcset=\"http:\/\/www.associazione-apertamente.org\/m\/wp-content\/uploads\/2026\/04\/WhatsApp-Image-2026-04-27-at-17.30.37-1024x768.jpeg 1024w, http:\/\/www.associazione-apertamente.org\/m\/wp-content\/uploads\/2026\/04\/WhatsApp-Image-2026-04-27-at-17.30.37-300x225.jpeg 300w, http:\/\/www.associazione-apertamente.org\/m\/wp-content\/uploads\/2026\/04\/WhatsApp-Image-2026-04-27-at-17.30.37-768x576.jpeg 768w, http:\/\/www.associazione-apertamente.org\/m\/wp-content\/uploads\/2026\/04\/WhatsApp-Image-2026-04-27-at-17.30.37-1536x1152.jpeg 1536w, http:\/\/www.associazione-apertamente.org\/m\/wp-content\/uploads\/2026\/04\/WhatsApp-Image-2026-04-27-at-17.30.37-195x146.jpeg 195w, http:\/\/www.associazione-apertamente.org\/m\/wp-content\/uploads\/2026\/04\/WhatsApp-Image-2026-04-27-at-17.30.37-50x38.jpeg 50w, http:\/\/www.associazione-apertamente.org\/m\/wp-content\/uploads\/2026\/04\/WhatsApp-Image-2026-04-27-at-17.30.37-100x75.jpeg 100w, http:\/\/www.associazione-apertamente.org\/m\/wp-content\/uploads\/2026\/04\/WhatsApp-Image-2026-04-27-at-17.30.37.jpeg 1600w\" sizes=\"(max-width: 1024px) 100vw, 1024px\" \/><\/figure><\/li><\/ul><\/figure>\n\n\n\n<hr class=\"wp-block-separator\"\/>\n\n\n\n<h3>Romans d\u2019Isonzo celebra il 25 Aprile: memoria dei partigiani e impegno per libert\u00e0 e diritti<\/h3>\n\n\n\n<p>Nella tradizione, il 25 aprile a Romans \u00e8 occasione sentita e partecipata. La commemorazione presso i diversi cippi sul territorio \u00e8 stata occasione per ricordare i nomi di tutti i partigiani caduti o morti a seguito della deportazione, ricostruiti da recenti ricerche della sezione ANPI. Tra loro anche due internati militari.<br>La cerimonia ha visto la presenza della rappresentanza del Consiglio municipale dei ragazzi e delle ragazze. Gli interventi del sindaco e dell\u2019oratore ufficiale, Marino Visintin dell\u2019Associazione culturale Apertamente, hanno proposto alla cittadinanza importanti riflessioni sia sul piano storico sia nella proiezione sul presente, concordando sull\u2019importanza della vigilanza e della testimonianza sui temi riferiti alla difesa della libert\u00e0 e dei diritti sanciti nella Carta costituzionale.<br>La locale presidente ANPI, Claudia Zonchi, ha tra l\u2019altro ringraziato l\u2019Associazione Apertamente per l\u2019autorevole intervento, ricordandone l\u2019impegno rispetto ai valori della giustizia sociale e delle libert\u00e0 civili.<\/p>\n\n\n\n<div class=\"wp-block-group\"><div class=\"wp-block-group__inner-container\">\n<div class=\"wp-block-group\"><div class=\"wp-block-group__inner-container\">\n<figure class=\"wp-block-gallery columns-3 is-cropped\"><ul class=\"blocks-gallery-grid\"><li class=\"blocks-gallery-item\"><figure><img loading=\"lazy\" width=\"1024\" height=\"768\" src=\"https:\/\/www.associazione-apertamente.org\/m\/wp-content\/uploads\/2026\/04\/WhatsApp-Image-2026-04-27-at-17.07.10-1024x768.jpeg\" alt=\"\" data-id=\"6828\" data-link=\"http:\/\/www.associazione-apertamente.org\/m\/?attachment_id=6828\" class=\"wp-image-6828\" srcset=\"http:\/\/www.associazione-apertamente.org\/m\/wp-content\/uploads\/2026\/04\/WhatsApp-Image-2026-04-27-at-17.07.10-1024x768.jpeg 1024w, http:\/\/www.associazione-apertamente.org\/m\/wp-content\/uploads\/2026\/04\/WhatsApp-Image-2026-04-27-at-17.07.10-300x225.jpeg 300w, http:\/\/www.associazione-apertamente.org\/m\/wp-content\/uploads\/2026\/04\/WhatsApp-Image-2026-04-27-at-17.07.10-768x576.jpeg 768w, http:\/\/www.associazione-apertamente.org\/m\/wp-content\/uploads\/2026\/04\/WhatsApp-Image-2026-04-27-at-17.07.10-1536x1152.jpeg 1536w, http:\/\/www.associazione-apertamente.org\/m\/wp-content\/uploads\/2026\/04\/WhatsApp-Image-2026-04-27-at-17.07.10-195x146.jpeg 195w, http:\/\/www.associazione-apertamente.org\/m\/wp-content\/uploads\/2026\/04\/WhatsApp-Image-2026-04-27-at-17.07.10-50x38.jpeg 50w, http:\/\/www.associazione-apertamente.org\/m\/wp-content\/uploads\/2026\/04\/WhatsApp-Image-2026-04-27-at-17.07.10-100x75.jpeg 100w, http:\/\/www.associazione-apertamente.org\/m\/wp-content\/uploads\/2026\/04\/WhatsApp-Image-2026-04-27-at-17.07.10.jpeg 2040w\" sizes=\"(max-width: 1024px) 100vw, 1024px\" \/><\/figure><\/li><li class=\"blocks-gallery-item\"><figure><img loading=\"lazy\" width=\"541\" height=\"405\" src=\"https:\/\/www.associazione-apertamente.org\/m\/wp-content\/uploads\/2026\/04\/Screenshot-2026-04-27-173849.png\" alt=\"\" data-id=\"6842\" data-full-url=\"https:\/\/www.associazione-apertamente.org\/m\/wp-content\/uploads\/2026\/04\/Screenshot-2026-04-27-173849.png\" data-link=\"https:\/\/www.associazione-apertamente.org\/m\/2026\/04\/27\/celebrazioni-del-25-aprile\/screenshot-2026-04-27-173849\/\" class=\"wp-image-6842\" srcset=\"http:\/\/www.associazione-apertamente.org\/m\/wp-content\/uploads\/2026\/04\/Screenshot-2026-04-27-173849.png 541w, http:\/\/www.associazione-apertamente.org\/m\/wp-content\/uploads\/2026\/04\/Screenshot-2026-04-27-173849-300x225.png 300w, http:\/\/www.associazione-apertamente.org\/m\/wp-content\/uploads\/2026\/04\/Screenshot-2026-04-27-173849-195x146.png 195w, http:\/\/www.associazione-apertamente.org\/m\/wp-content\/uploads\/2026\/04\/Screenshot-2026-04-27-173849-50x37.png 50w, http:\/\/www.associazione-apertamente.org\/m\/wp-content\/uploads\/2026\/04\/Screenshot-2026-04-27-173849-100x75.png 100w\" sizes=\"(max-width: 541px) 100vw, 541px\" \/><\/figure><\/li><li class=\"blocks-gallery-item\"><figure><img loading=\"lazy\" width=\"1024\" height=\"613\" src=\"https:\/\/www.associazione-apertamente.org\/m\/wp-content\/uploads\/2026\/04\/WhatsApp-Image-2026-04-27-at-17.07.10-3-1024x613.jpeg\" alt=\"\" data-id=\"6827\" data-link=\"http:\/\/www.associazione-apertamente.org\/m\/?attachment_id=6827\" class=\"wp-image-6827\" srcset=\"http:\/\/www.associazione-apertamente.org\/m\/wp-content\/uploads\/2026\/04\/WhatsApp-Image-2026-04-27-at-17.07.10-3-1024x613.jpeg 1024w, http:\/\/www.associazione-apertamente.org\/m\/wp-content\/uploads\/2026\/04\/WhatsApp-Image-2026-04-27-at-17.07.10-3-300x179.jpeg 300w, http:\/\/www.associazione-apertamente.org\/m\/wp-content\/uploads\/2026\/04\/WhatsApp-Image-2026-04-27-at-17.07.10-3-768x459.jpeg 768w, http:\/\/www.associazione-apertamente.org\/m\/wp-content\/uploads\/2026\/04\/WhatsApp-Image-2026-04-27-at-17.07.10-3-1536x919.jpeg 1536w, http:\/\/www.associazione-apertamente.org\/m\/wp-content\/uploads\/2026\/04\/WhatsApp-Image-2026-04-27-at-17.07.10-3-244x146.jpeg 244w, http:\/\/www.associazione-apertamente.org\/m\/wp-content\/uploads\/2026\/04\/WhatsApp-Image-2026-04-27-at-17.07.10-3-50x30.jpeg 50w, http:\/\/www.associazione-apertamente.org\/m\/wp-content\/uploads\/2026\/04\/WhatsApp-Image-2026-04-27-at-17.07.10-3-125x75.jpeg 125w, http:\/\/www.associazione-apertamente.org\/m\/wp-content\/uploads\/2026\/04\/WhatsApp-Image-2026-04-27-at-17.07.10-3.jpeg 2048w\" sizes=\"(max-width: 1024px) 100vw, 1024px\" \/><\/figure><\/li><li class=\"blocks-gallery-item\"><figure><img loading=\"lazy\" width=\"1024\" height=\"666\" src=\"https:\/\/www.associazione-apertamente.org\/m\/wp-content\/uploads\/2026\/04\/WhatsApp-Image-2026-04-27-at-17.07.10-1-1024x666.jpeg\" alt=\"\" data-id=\"6825\" data-link=\"http:\/\/www.associazione-apertamente.org\/m\/?attachment_id=6825\" class=\"wp-image-6825\" srcset=\"http:\/\/www.associazione-apertamente.org\/m\/wp-content\/uploads\/2026\/04\/WhatsApp-Image-2026-04-27-at-17.07.10-1-1024x666.jpeg 1024w, http:\/\/www.associazione-apertamente.org\/m\/wp-content\/uploads\/2026\/04\/WhatsApp-Image-2026-04-27-at-17.07.10-1-300x195.jpeg 300w, http:\/\/www.associazione-apertamente.org\/m\/wp-content\/uploads\/2026\/04\/WhatsApp-Image-2026-04-27-at-17.07.10-1-768x500.jpeg 768w, http:\/\/www.associazione-apertamente.org\/m\/wp-content\/uploads\/2026\/04\/WhatsApp-Image-2026-04-27-at-17.07.10-1-1536x999.jpeg 1536w, http:\/\/www.associazione-apertamente.org\/m\/wp-content\/uploads\/2026\/04\/WhatsApp-Image-2026-04-27-at-17.07.10-1-224x146.jpeg 224w, http:\/\/www.associazione-apertamente.org\/m\/wp-content\/uploads\/2026\/04\/WhatsApp-Image-2026-04-27-at-17.07.10-1-50x33.jpeg 50w, http:\/\/www.associazione-apertamente.org\/m\/wp-content\/uploads\/2026\/04\/WhatsApp-Image-2026-04-27-at-17.07.10-1-115x75.jpeg 115w, http:\/\/www.associazione-apertamente.org\/m\/wp-content\/uploads\/2026\/04\/WhatsApp-Image-2026-04-27-at-17.07.10-1.jpeg 1901w\" sizes=\"(max-width: 1024px) 100vw, 1024px\" \/><\/figure><\/li><\/ul><\/figure>\n<\/div><\/div>\n<\/div><\/div>\n\n\n\n<p><\/p>\n","protected":false},"excerpt":{"rendered":"<p>A Gradisca d&#8217;Isonzo e a Sagrado. Gradisca, sala gremita per la memoria della Resistenza: protagonisti anche i giovani Celebrazione partecipata tra istituzioni, ANPI e associazioni. Richiamati i valori della Costituzione e il sacrificio per la libert\u00e0. Gradisca ha vissuto una mattinata intensa e partecipata all\u2019insegna della memoria, della Resistenza e dei valori della Costituzione, con un programma che ha toccato diversi luoghi simbolo della citt\u00e0 per concludersi alle ore 11.00 nella Sala del Consiglio comunale.L\u2019incontro istituzionale si \u00e8 aperto con<span class=\"excerpt-hellip\"> [\u2026]<\/span><\/p>\n","protected":false},"author":1,"featured_media":6833,"comment_status":"closed","ping_status":"open","sticky":false,"template":"","format":"standard","meta":[],"categories":[10,1],"tags":[],"_links":{"self":[{"href":"http:\/\/www.associazione-apertamente.org\/m\/wp-json\/wp\/v2\/posts\/6824"}],"collection":[{"href":"http:\/\/www.associazione-apertamente.org\/m\/wp-json\/wp\/v2\/posts"}],"about":[{"href":"http:\/\/www.associazione-apertamente.org\/m\/wp-json\/wp\/v2\/types\/post"}],"author":[{"embeddable":true,"href":"http:\/\/www.associazione-apertamente.org\/m\/wp-json\/wp\/v2\/users\/1"}],"replies":[{"embeddable":true,"href":"http:\/\/www.associazione-apertamente.org\/m\/wp-json\/wp\/v2\/comments?post=6824"}],"version-history":[{"count":5,"href":"http:\/\/www.associazione-apertamente.org\/m\/wp-json\/wp\/v2\/posts\/6824\/revisions"}],"predecessor-version":[{"id":6843,"href":"http:\/\/www.associazione-apertamente.org\/m\/wp-json\/wp\/v2\/posts\/6824\/revisions\/6843"}],"wp:featuredmedia":[{"embeddable":true,"href":"http:\/\/www.associazione-apertamente.org\/m\/wp-json\/wp\/v2\/media\/6833"}],"wp:attachment":[{"href":"http:\/\/www.associazione-apertamente.org\/m\/wp-json\/wp\/v2\/media?parent=6824"}],"wp:term":[{"taxonomy":"category","embeddable":true,"href":"http:\/\/www.associazione-apertamente.org\/m\/wp-json\/wp\/v2\/categories?post=6824"},{"taxonomy":"post_tag","embeddable":true,"href":"http:\/\/www.associazione-apertamente.org\/m\/wp-json\/wp\/v2\/tags?post=6824"}],"curies":[{"name":"wp","href":"https:\/\/api.w.org\/{rel}","templated":true}]}}