{"id":6625,"date":"2026-02-27T12:30:00","date_gmt":"2026-02-27T11:30:00","guid":{"rendered":"http:\/\/www.associazione-apertamente.org\/m\/?p=6625"},"modified":"2026-02-28T13:41:28","modified_gmt":"2026-02-28T12:41:28","slug":"presentazione-del-122-numero-di-isonzo-soca","status":"publish","type":"post","link":"http:\/\/www.associazione-apertamente.org\/m\/2026\/02\/27\/presentazione-del-122-numero-di-isonzo-soca\/","title":{"rendered":"Presentazione del 122\u00b0 numero di Isonzo So\u010da"},"content":{"rendered":"\n<p>Di Redazione.<\/p>\n\n\n\n<p>Il nuovo numero di Isonzo So\u010da sar\u00e0 presentato&nbsp;<strong>marted\u00ec 3 marzo a Nova Gorica<\/strong>, alle ore 18 alla knjgarna kavarna Maks, in Delpinova ulica e&nbsp;<strong>marted\u00ec 10 marzo<\/strong>, alle ore 19&nbsp; presso pekarna kavarna Coti\u010d, Corso Verdi 51 a Gorizia<\/p>\n\n\n\n<p>Il tema \u00e8 particolarmente importante: cosa significhi vivere in un territorio plurilingue e multiculturale.<\/p>\n\n\n\n<p>La copertina, con un gioco di parole tra italiano e sloveno, richiama il&nbsp; contenuto anche attraverso la riproposizione della pittura paririetale realizzata dal pittore Franco Dugo sul &#8220;muro delle cinque lingue&#8221; di Podgora, voluto da Alba Gurtner e purtroppo attualmente in grave condizione di degrado.<\/p>\n\n\n\n<p>Oltre a numerosi interventi sul tema &#8211; curati in modo particolare da giovani collaboratori &#8211; si parla anche della Capitale europea della Cultura, con diversi interventi, in italiano sloveno e friulano, che aprono&nbsp; un dialogo costruttivamente critico sull&#8217;evento che ha caratterizzato l&#8217;anno 2025.<\/p>\n\n\n\n<p>Non mancano riferimenti all&#8217;attualit\u00e0 internazionale, recensioni di libri &#8211; tra i quali si segnala la speciale lettura del Porzus di Alessandra Kersevan da parte di Franco Juri &#8211; e di film storici.<\/p>\n\n\n\n<p>Naturalmente c&#8217;\u00e8 lo spazio dedicato alla poesia e l&#8217;immancabile Koren\/Corno con interessanti riferimenti alla contemporaneit\u00e0, in particolare, ma non solo in Slovenia. E molto, molto altro&#8230;<\/p>\n\n\n\n<p>Non poteva essere dimenticato il fondatore e storico direttore della rivista Dario Stasi, con un toccante ricordo di Agostino Colla e la riproduzione di un ritratto in grafica di Remigio Gabellini.<\/p>\n\n\n\n<p>Un grazie speciale ai collaboratori Katarina Visintin e Peter Abrami e a tutti voi un augurio sentito di buona lettura!<\/p>\n\n\n\n<p>Red.<\/p>\n\n\n\n<div class=\"wp-block-image\"><figure class=\"aligncenter size-large\"><img loading=\"lazy\" width=\"724\" height=\"1024\" src=\"https:\/\/www.associazione-apertamente.org\/m\/wp-content\/uploads\/2026\/02\/c47340dcbdaa4701ac074a6fdc6a780c-724x1024.jpg\" alt=\"\" class=\"wp-image-6626\" srcset=\"http:\/\/www.associazione-apertamente.org\/m\/wp-content\/uploads\/2026\/02\/c47340dcbdaa4701ac074a6fdc6a780c-724x1024.jpg 724w, http:\/\/www.associazione-apertamente.org\/m\/wp-content\/uploads\/2026\/02\/c47340dcbdaa4701ac074a6fdc6a780c-212x300.jpg 212w, http:\/\/www.associazione-apertamente.org\/m\/wp-content\/uploads\/2026\/02\/c47340dcbdaa4701ac074a6fdc6a780c-768x1086.jpg 768w, http:\/\/www.associazione-apertamente.org\/m\/wp-content\/uploads\/2026\/02\/c47340dcbdaa4701ac074a6fdc6a780c-1086x1536.jpg 1086w, http:\/\/www.associazione-apertamente.org\/m\/wp-content\/uploads\/2026\/02\/c47340dcbdaa4701ac074a6fdc6a780c-103x146.jpg 103w, http:\/\/www.associazione-apertamente.org\/m\/wp-content\/uploads\/2026\/02\/c47340dcbdaa4701ac074a6fdc6a780c-35x50.jpg 35w, http:\/\/www.associazione-apertamente.org\/m\/wp-content\/uploads\/2026\/02\/c47340dcbdaa4701ac074a6fdc6a780c-53x75.jpg 53w, http:\/\/www.associazione-apertamente.org\/m\/wp-content\/uploads\/2026\/02\/c47340dcbdaa4701ac074a6fdc6a780c.jpg 1131w\" sizes=\"(max-width: 724px) 100vw, 724px\" \/><\/figure><\/div>\n","protected":false},"excerpt":{"rendered":"<p>Di Redazione. Il nuovo numero di Isonzo So\u010da sar\u00e0 presentato&nbsp;marted\u00ec 3 marzo a Nova Gorica, alle ore 18 alla knjgarna kavarna Maks, in Delpinova ulica e&nbsp;marted\u00ec 10 marzo, alle ore 19&nbsp; presso pekarna kavarna Coti\u010d, Corso Verdi 51 a Gorizia Il tema \u00e8 particolarmente importante: cosa significhi vivere in un territorio plurilingue e multiculturale. La copertina, con un gioco di parole tra italiano e sloveno, richiama il&nbsp; contenuto anche attraverso la riproposizione della pittura paririetale realizzata dal pittore Franco Dugo<span class=\"excerpt-hellip\"> [\u2026]<\/span><\/p>\n","protected":false},"author":1,"featured_media":6627,"comment_status":"closed","ping_status":"open","sticky":false,"template":"","format":"standard","meta":[],"categories":[13],"tags":[],"_links":{"self":[{"href":"http:\/\/www.associazione-apertamente.org\/m\/wp-json\/wp\/v2\/posts\/6625"}],"collection":[{"href":"http:\/\/www.associazione-apertamente.org\/m\/wp-json\/wp\/v2\/posts"}],"about":[{"href":"http:\/\/www.associazione-apertamente.org\/m\/wp-json\/wp\/v2\/types\/post"}],"author":[{"embeddable":true,"href":"http:\/\/www.associazione-apertamente.org\/m\/wp-json\/wp\/v2\/users\/1"}],"replies":[{"embeddable":true,"href":"http:\/\/www.associazione-apertamente.org\/m\/wp-json\/wp\/v2\/comments?post=6625"}],"version-history":[{"count":2,"href":"http:\/\/www.associazione-apertamente.org\/m\/wp-json\/wp\/v2\/posts\/6625\/revisions"}],"predecessor-version":[{"id":6629,"href":"http:\/\/www.associazione-apertamente.org\/m\/wp-json\/wp\/v2\/posts\/6625\/revisions\/6629"}],"wp:featuredmedia":[{"embeddable":true,"href":"http:\/\/www.associazione-apertamente.org\/m\/wp-json\/wp\/v2\/media\/6627"}],"wp:attachment":[{"href":"http:\/\/www.associazione-apertamente.org\/m\/wp-json\/wp\/v2\/media?parent=6625"}],"wp:term":[{"taxonomy":"category","embeddable":true,"href":"http:\/\/www.associazione-apertamente.org\/m\/wp-json\/wp\/v2\/categories?post=6625"},{"taxonomy":"post_tag","embeddable":true,"href":"http:\/\/www.associazione-apertamente.org\/m\/wp-json\/wp\/v2\/tags?post=6625"}],"curies":[{"name":"wp","href":"https:\/\/api.w.org\/{rel}","templated":true}]}}