{"id":6176,"date":"2025-10-16T16:10:17","date_gmt":"2025-10-16T14:10:17","guid":{"rendered":"http:\/\/www.associazione-apertamente.org\/m\/?p=6176"},"modified":"2025-10-16T16:10:18","modified_gmt":"2025-10-16T14:10:18","slug":"donne-che-pensano-di-notte","status":"publish","type":"post","link":"http:\/\/www.associazione-apertamente.org\/m\/2025\/10\/16\/donne-che-pensano-di-notte\/","title":{"rendered":"Donne che pensano di notte"},"content":{"rendered":"\n<h4>Una storia vera di coraggio e ribellione<\/h4>\n\n\n\n<p>di&nbsp;<strong>Silvana Dragutinovic&nbsp;<\/strong>con<strong>&nbsp;Enzo Martines<\/strong><\/p>\n\n\n\n<p>E\u2019 uscito giorni fa in libreria \u201c<a rel=\"noreferrer noopener\" href=\"https:\/\/www.bottegaerranteedizioni.it\/product\/donne-che-pensano-di-notte\/\" target=\"_blank\"><em>Donne che pensano di notte<\/em><\/a><strong>\u201d<\/strong>&nbsp;di&nbsp;Silvana Dragutinovic&nbsp;con&nbsp;Enzo Martines: la&nbsp;storia vera, scritta a quattro mani, di una donna che ha lottato con tutte le sue forze per cambiare il proprio destino.<br>Un filo attraversa l\u2019esistenza di Nada \u00e8 quello del fuoco: il fuoco che scalda e che brucia, che dona energia e che divora, che spinge alla ribellione e allo stesso tempo ferisce. La vita di Nada \u00e8 segnata da cadute e rinascite, da atti di coraggio e ribellione.&nbsp;<br>\u00c8 una bambina a cui viene negata l\u2019adolescenza per diventare troppo presto donna: costretta a fuggire dalla brutalit\u00e0 della propria famiglia, vittima di violenza da parte di sconosciuti e per questo rinnegata da chi avrebbe dovuto proteggerla.<br>La decisione estrema per cambiare il corso delle cose \u00e8 quella di farsi assicurare alla giustizia, denunciare i propri genitori per chiedere aiuto e provare a salvare s\u00e8 stessa e i suoi figli.<br>L\u2019ultima fuga, la pi\u00f9 difficile, sar\u00e0 quella che decider\u00e0 il suo destino.<\/p>\n\n\n\n<blockquote class=\"wp-block-quote\"><p><em>\u201c\u00c8 la mia storia: mi chiamo Nada, sono apolide, in attesa della mia casa, dopo averla abbandonata, rinnegata, ricostruita, fatta vivere ai miei figli, e oggi di nuovo alla ricerca di un posto mio per ricominciare, ogni volta cos\u00ec. Io, apolide certificata, corro per accasarmi, vivo per superare e far superare i confini della violenza e del dolore, sempre alla ricerca del domicilio della pace\u201d.<\/em><\/p><cite>dal libro<\/cite><\/blockquote>\n\n\n\n<p>Il libro sar\u00e0&nbsp;presentato all\u2019edizione autunnale de Il libro delle 18.03, rassegna arrivata al suo diciottesimo anno di attivit\u00e0,&nbsp;&nbsp;<strong>mercoled\u00ec 22 ottobre ore 18.03<\/strong>&nbsp;presso la Sala Conferenze del Trgovski domin corsoCorso Verdi 52aGorizia.<\/p>\n\n\n\n<p>Dialogher\u00e0 con gli autori la giornalista e scrittrice Fabiana Dallavalle<\/p>\n\n\n\n<div class=\"wp-block-image\"><figure class=\"aligncenter size-large is-resized\"><img loading=\"lazy\" src=\"https:\/\/www.associazione-apertamente.org\/m\/wp-content\/uploads\/2025\/10\/DRAGUTINOVIC-Donne_cop-sito.jpg\" alt=\"\" class=\"wp-image-6177\" width=\"454\" height=\"693\" srcset=\"http:\/\/www.associazione-apertamente.org\/m\/wp-content\/uploads\/2025\/10\/DRAGUTINOVIC-Donne_cop-sito.jpg 520w, http:\/\/www.associazione-apertamente.org\/m\/wp-content\/uploads\/2025\/10\/DRAGUTINOVIC-Donne_cop-sito-196x300.jpg 196w, http:\/\/www.associazione-apertamente.org\/m\/wp-content\/uploads\/2025\/10\/DRAGUTINOVIC-Donne_cop-sito-96x146.jpg 96w, http:\/\/www.associazione-apertamente.org\/m\/wp-content\/uploads\/2025\/10\/DRAGUTINOVIC-Donne_cop-sito-33x50.jpg 33w, http:\/\/www.associazione-apertamente.org\/m\/wp-content\/uploads\/2025\/10\/DRAGUTINOVIC-Donne_cop-sito-49x75.jpg 49w\" sizes=\"(max-width: 454px) 100vw, 454px\" \/><figcaption>copertina del libro<\/figcaption><\/figure><\/div>\n","protected":false},"excerpt":{"rendered":"<p>Una storia vera di coraggio e ribellione di&nbsp;Silvana Dragutinovic&nbsp;con&nbsp;Enzo Martines E\u2019 uscito giorni fa in libreria \u201cDonne che pensano di notte\u201d&nbsp;di&nbsp;Silvana Dragutinovic&nbsp;con&nbsp;Enzo Martines: la&nbsp;storia vera, scritta a quattro mani, di una donna che ha lottato con tutte le sue forze per cambiare il proprio destino.Un filo attraversa l\u2019esistenza di Nada \u00e8 quello del fuoco: il fuoco che scalda e che brucia, che dona energia e che divora, che spinge alla ribellione e allo stesso tempo ferisce. La vita di Nada<span class=\"excerpt-hellip\"> [\u2026]<\/span><\/p>\n","protected":false},"author":1,"featured_media":6178,"comment_status":"closed","ping_status":"open","sticky":false,"template":"","format":"standard","meta":[],"categories":[13,17],"tags":[],"_links":{"self":[{"href":"http:\/\/www.associazione-apertamente.org\/m\/wp-json\/wp\/v2\/posts\/6176"}],"collection":[{"href":"http:\/\/www.associazione-apertamente.org\/m\/wp-json\/wp\/v2\/posts"}],"about":[{"href":"http:\/\/www.associazione-apertamente.org\/m\/wp-json\/wp\/v2\/types\/post"}],"author":[{"embeddable":true,"href":"http:\/\/www.associazione-apertamente.org\/m\/wp-json\/wp\/v2\/users\/1"}],"replies":[{"embeddable":true,"href":"http:\/\/www.associazione-apertamente.org\/m\/wp-json\/wp\/v2\/comments?post=6176"}],"version-history":[{"count":2,"href":"http:\/\/www.associazione-apertamente.org\/m\/wp-json\/wp\/v2\/posts\/6176\/revisions"}],"predecessor-version":[{"id":6180,"href":"http:\/\/www.associazione-apertamente.org\/m\/wp-json\/wp\/v2\/posts\/6176\/revisions\/6180"}],"wp:featuredmedia":[{"embeddable":true,"href":"http:\/\/www.associazione-apertamente.org\/m\/wp-json\/wp\/v2\/media\/6178"}],"wp:attachment":[{"href":"http:\/\/www.associazione-apertamente.org\/m\/wp-json\/wp\/v2\/media?parent=6176"}],"wp:term":[{"taxonomy":"category","embeddable":true,"href":"http:\/\/www.associazione-apertamente.org\/m\/wp-json\/wp\/v2\/categories?post=6176"},{"taxonomy":"post_tag","embeddable":true,"href":"http:\/\/www.associazione-apertamente.org\/m\/wp-json\/wp\/v2\/tags?post=6176"}],"curies":[{"name":"wp","href":"https:\/\/api.w.org\/{rel}","templated":true}]}}