{"id":6136,"date":"2025-10-07T09:04:00","date_gmt":"2025-10-07T07:04:00","guid":{"rendered":"http:\/\/www.associazione-apertamente.org\/m\/?p=6136"},"modified":"2025-10-06T14:08:08","modified_gmt":"2025-10-06T12:08:08","slug":"la-tragedia-degli-einstein-al-focardo-un-libro-da-leggere","status":"publish","type":"post","link":"http:\/\/www.associazione-apertamente.org\/m\/2025\/10\/07\/la-tragedia-degli-einstein-al-focardo-un-libro-da-leggere\/","title":{"rendered":"La tragedia degli Einstein al Focardo. Un libro da leggere!"},"content":{"rendered":"\n<p>Di Andrea Bellavite.<\/p>\n\n\n\n<p>No, mi dispiace, ma dovete assolutamente leggerlo, \u00e8 appena uscita l&#8217;edizione italiana dopo quella inglese. Si trova in qualsiasi libreria.<\/p>\n\n\n\n<div class=\"wp-block-image\"><figure class=\"aligncenter size-large is-resized\"><img loading=\"lazy\" src=\"https:\/\/www.associazione-apertamente.org\/m\/wp-content\/uploads\/2025\/10\/hitler-e-mussolini-contro-einstein-la-storia-di-una-strage-x1000.jpg\" alt=\"\" class=\"wp-image-6139\" width=\"491\" height=\"758\" srcset=\"http:\/\/www.associazione-apertamente.org\/m\/wp-content\/uploads\/2025\/10\/hitler-e-mussolini-contro-einstein-la-storia-di-una-strage-x1000.jpg 647w, http:\/\/www.associazione-apertamente.org\/m\/wp-content\/uploads\/2025\/10\/hitler-e-mussolini-contro-einstein-la-storia-di-una-strage-x1000-194x300.jpg 194w, http:\/\/www.associazione-apertamente.org\/m\/wp-content\/uploads\/2025\/10\/hitler-e-mussolini-contro-einstein-la-storia-di-una-strage-x1000-94x146.jpg 94w, http:\/\/www.associazione-apertamente.org\/m\/wp-content\/uploads\/2025\/10\/hitler-e-mussolini-contro-einstein-la-storia-di-una-strage-x1000-32x50.jpg 32w, http:\/\/www.associazione-apertamente.org\/m\/wp-content\/uploads\/2025\/10\/hitler-e-mussolini-contro-einstein-la-storia-di-una-strage-x1000-49x75.jpg 49w\" sizes=\"(max-width: 491px) 100vw, 491px\" \/><\/figure><\/div>\n\n\n\n<p>E&#8217; la cronaca di una strage, voluta dai soldati tedeschi, forse Wermacht, forse SS, che hanno ucciso senza piet\u00e0 Nina Mazzetti e le sue figlie, Luce e Cici Einstein, figlie di Robert, cugino di Albert, cresciuto insieme a lui a Pavia e a Isola della Scala, dove i due &#8220;padri&#8221;, fratelli Einstein, hanno costruito gli impianti per portar la luce elettrica nelle &#8220;basse&#8221; milanese e veronese,<br>Ci\u00f2 che c&#8217;\u00e8 di nuovo \u00e8 la competenza e la bravura di Thomas Harding, molto noto in Italia per aver scritto il &#8220;Comandante di Aushwitz&#8221;, un&#8217;incredibile biografia dalla quale \u00e8 stato tratto un celebre film che ha incantato i botteghini nel corso dell&#8217;anno 2024.<br>Con la stessa capacit\u00e0 di scrivere, come uno straordinario romanzo e con la stessa strabiliante documentazione &#8211; cinque anni di intensissimo lavoro! &#8211; Thomas ricostruisce uno degli episodi pi\u00f9 misteriosi della parte conclusiva della seconda guerra mondiale. Si tratta dell&#8217;assassinio, nella tenuta fiorentina del Focardo, di Nina Mazzetti e delle sue due figlie di 16 e 26 anni, Nina e Cici Einstein, colpevoli del solo fatto di essere rispettivamente moglie e figlie di un ebreo. E si tratta anche di tutto ci\u00f2 che \u00e8 accaduto prima, nella visitatissima villa e di ci\u00f2 che \u00e8 accaduto dopo, fino al suicidio di Robert Einstein, il 13 luglio 1945.<br>Le ultime testimoni diretti e oculari di questi eventi erano le gemelle Lorenza e Paola Mazzetti, praticamente adottate dagli zii Robert Einstein e Nina Mazzetti, morte nel 2022 e nel 2023, oltre a Anna Maria Boldrini, figlia di Vincenzo e Ada Mazzetti, anch&#8217;essa sorella di Nina e figlie del pastore valdese prima di Bergamo, poi di Napoli Lorenzo Mazzetti. Nessuno prima d&#8217;ora ha raccontato in questo modo la storia dell&#8217;eccidio nazista del Focardo. Anna Maria Boldrini era mia madre, ci ha lasciato a 98 anni lo scorso 16 marzo 2025.<\/p>\n\n\n\n<p>Veramente, con tutto il cuore, vi consiglio di comprarlo e di leggerlo!<\/p>\n","protected":false},"excerpt":{"rendered":"<p>Di Andrea Bellavite. No, mi dispiace, ma dovete assolutamente leggerlo, \u00e8 appena uscita l&#8217;edizione italiana dopo quella inglese. Si trova in qualsiasi libreria. E&#8217; la cronaca di una strage, voluta dai soldati tedeschi, forse Wermacht, forse SS, che hanno ucciso senza piet\u00e0 Nina Mazzetti e le sue figlie, Luce e Cici Einstein, figlie di Robert, cugino di Albert, cresciuto insieme a lui a Pavia e a Isola della Scala, dove i due &#8220;padri&#8221;, fratelli Einstein, hanno costruito gli impianti per<span class=\"excerpt-hellip\"> [\u2026]<\/span><\/p>\n","protected":false},"author":1,"featured_media":6137,"comment_status":"closed","ping_status":"open","sticky":false,"template":"","format":"standard","meta":[],"categories":[13,17],"tags":[],"_links":{"self":[{"href":"http:\/\/www.associazione-apertamente.org\/m\/wp-json\/wp\/v2\/posts\/6136"}],"collection":[{"href":"http:\/\/www.associazione-apertamente.org\/m\/wp-json\/wp\/v2\/posts"}],"about":[{"href":"http:\/\/www.associazione-apertamente.org\/m\/wp-json\/wp\/v2\/types\/post"}],"author":[{"embeddable":true,"href":"http:\/\/www.associazione-apertamente.org\/m\/wp-json\/wp\/v2\/users\/1"}],"replies":[{"embeddable":true,"href":"http:\/\/www.associazione-apertamente.org\/m\/wp-json\/wp\/v2\/comments?post=6136"}],"version-history":[{"count":2,"href":"http:\/\/www.associazione-apertamente.org\/m\/wp-json\/wp\/v2\/posts\/6136\/revisions"}],"predecessor-version":[{"id":6140,"href":"http:\/\/www.associazione-apertamente.org\/m\/wp-json\/wp\/v2\/posts\/6136\/revisions\/6140"}],"wp:featuredmedia":[{"embeddable":true,"href":"http:\/\/www.associazione-apertamente.org\/m\/wp-json\/wp\/v2\/media\/6137"}],"wp:attachment":[{"href":"http:\/\/www.associazione-apertamente.org\/m\/wp-json\/wp\/v2\/media?parent=6136"}],"wp:term":[{"taxonomy":"category","embeddable":true,"href":"http:\/\/www.associazione-apertamente.org\/m\/wp-json\/wp\/v2\/categories?post=6136"},{"taxonomy":"post_tag","embeddable":true,"href":"http:\/\/www.associazione-apertamente.org\/m\/wp-json\/wp\/v2\/tags?post=6136"}],"curies":[{"name":"wp","href":"https:\/\/api.w.org\/{rel}","templated":true}]}}