{"id":5835,"date":"2025-07-11T16:33:39","date_gmt":"2025-07-11T14:33:39","guid":{"rendered":"http:\/\/www.associazione-apertamente.org\/m\/?p=5835"},"modified":"2025-07-11T16:33:40","modified_gmt":"2025-07-11T14:33:40","slug":"metodo-srebrenica","status":"publish","type":"post","link":"http:\/\/www.associazione-apertamente.org\/m\/2025\/07\/11\/metodo-srebrenica\/","title":{"rendered":"Metodo Srebrenica"},"content":{"rendered":"\n<p>Come si fa a organizzare l\u2019uccisione di 8.000 uomini? Il genocidio di Srebrenica \u00e8 stata un\u2019operazione razionale e pianificata, coordinata e organizzata dal colonnello Ljubi\u0161a Beara in quei tre giorni e tre notti del luglio 1995. Ivica \u0110iki\u0107 segue Beara ora per ora, in ogni movimento, e in questa nuova edizione riveduta e ampliata espande la narrazione ai mesi successivi al genocidio, alla fine della guerra in Bosnia ed Erzegovina e al processo al Tribunale dell\u2019Aja.<\/p>\n\n\n\n<p>Resta una questione cruciale: se Beara \u00e8 stato il braccio che ha pianificato e compiuto l\u2019eccidio, chi ne \u00e8 stata la mente? Chi ha assistito immobile? Chi ha la responsabilit\u00e0 politica del genocidio di Srebrenica?<\/p>\n\n\n\n<p>IVICA \u0110IKI\u0106&nbsp;(Tomislavgrad, 1977). Scrittore, giornalista e sceneggiatore. \u00c8 autore di sei romanzi e diverse raccolte di racconti tradotte in pi\u00f9 lingue, che hanno ricevuto numerosi premi. Ha scritto la sceneggiatura della serie televisiva&nbsp;The Paper&nbsp;per la regia di Dalibor Matani\u0107, distribuita a livello globale da Netflix. Per Bottega Errante Edizioni ha pubblicato&nbsp;<a href=\"https:\/\/www.bottegaerranteedizioni.it\/product\/cirkus-columbia\/\" target=\"_blank\" rel=\"noreferrer noopener\">Cirkus Columbia<\/a>, romanzo vincitore del Premio Me\u0161a Selimovi\u0107 e dal quale \u00e8 tratto l\u2019omonimo film diretto da Danis Tanovi\u0107, e&nbsp;Metodo Srebrenica, che ora si ripresenta al pubblico nella sua versione riveduta e ampliata.<\/p>\n","protected":false},"excerpt":{"rendered":"<p>Come si fa a organizzare l\u2019uccisione di 8.000 uomini? Il genocidio di Srebrenica \u00e8 stata un\u2019operazione razionale e pianificata, coordinata e organizzata dal colonnello Ljubi\u0161a Beara in quei tre giorni e tre notti del luglio 1995. Ivica \u0110iki\u0107 segue Beara ora per ora, in ogni movimento, e in questa nuova edizione riveduta e ampliata espande la narrazione ai mesi successivi al genocidio, alla fine della guerra in Bosnia ed Erzegovina e al processo al Tribunale dell\u2019Aja. Resta una questione cruciale:<span class=\"excerpt-hellip\"> [\u2026]<\/span><\/p>\n","protected":false},"author":1,"featured_media":5836,"comment_status":"closed","ping_status":"open","sticky":false,"template":"","format":"standard","meta":[],"categories":[16,13,17],"tags":[],"_links":{"self":[{"href":"http:\/\/www.associazione-apertamente.org\/m\/wp-json\/wp\/v2\/posts\/5835"}],"collection":[{"href":"http:\/\/www.associazione-apertamente.org\/m\/wp-json\/wp\/v2\/posts"}],"about":[{"href":"http:\/\/www.associazione-apertamente.org\/m\/wp-json\/wp\/v2\/types\/post"}],"author":[{"embeddable":true,"href":"http:\/\/www.associazione-apertamente.org\/m\/wp-json\/wp\/v2\/users\/1"}],"replies":[{"embeddable":true,"href":"http:\/\/www.associazione-apertamente.org\/m\/wp-json\/wp\/v2\/comments?post=5835"}],"version-history":[{"count":1,"href":"http:\/\/www.associazione-apertamente.org\/m\/wp-json\/wp\/v2\/posts\/5835\/revisions"}],"predecessor-version":[{"id":5837,"href":"http:\/\/www.associazione-apertamente.org\/m\/wp-json\/wp\/v2\/posts\/5835\/revisions\/5837"}],"wp:featuredmedia":[{"embeddable":true,"href":"http:\/\/www.associazione-apertamente.org\/m\/wp-json\/wp\/v2\/media\/5836"}],"wp:attachment":[{"href":"http:\/\/www.associazione-apertamente.org\/m\/wp-json\/wp\/v2\/media?parent=5835"}],"wp:term":[{"taxonomy":"category","embeddable":true,"href":"http:\/\/www.associazione-apertamente.org\/m\/wp-json\/wp\/v2\/categories?post=5835"},{"taxonomy":"post_tag","embeddable":true,"href":"http:\/\/www.associazione-apertamente.org\/m\/wp-json\/wp\/v2\/tags?post=5835"}],"curies":[{"name":"wp","href":"https:\/\/api.w.org\/{rel}","templated":true}]}}