{"id":5804,"date":"2025-07-03T15:52:58","date_gmt":"2025-07-03T13:52:58","guid":{"rendered":"http:\/\/www.associazione-apertamente.org\/m\/?p=5804"},"modified":"2025-07-03T15:52:59","modified_gmt":"2025-07-03T13:52:59","slug":"laltra-guerra-di-raffaella-cargnelutti","status":"publish","type":"post","link":"http:\/\/www.associazione-apertamente.org\/m\/2025\/07\/03\/laltra-guerra-di-raffaella-cargnelutti\/","title":{"rendered":"L\u2019altra guerra di Raffaella Cargnelutti"},"content":{"rendered":"\n<p><br><\/p>\n\n\n\n<p><em>\u00abI tedeschi tornarono in cucina e adocchiarono sulla credenza due vasetti di miele. Dora strinse per bene le labbra e non disse nulla. Con sforzo fece un mezzo sorriso che risult\u00f2 una smorfia.<\/em><\/p>\n\n\n\n<p><em>Doveva nascondere anche i pensieri al soldato che la teneva d\u2019occhio. Ne andava della vita.\u00bb<\/em><\/p>\n\n\n\n<p>Friuli, 1944. Dora ha vent\u2019anni e una vita che la guerra ha stravolto: il suo paese \u00e8 occupato dai tedeschi, attraversato dai partigiani, soffocato dalla paura. Nell\u2019albergo di famiglia, dove il vino scalda gli animi e le parole si fanno pericolose, Dora osserva in silenzio, cercando di capire da che parte stare, quando ogni scelta pu\u00f2 essere fatale. Tra la violenza degli occupanti \u2013 che tra tedeschi, russi e caucasici mutano con il mutare delle sorti del conflitto \u2013 e il coraggio di chi resiste, Dora scoprir\u00e0 che la guerra non \u00e8 solo al fronte, ma dentro ogni casa ed \u00e8 affare anche da donne: suo, di sua madre Rita, della cugina Miriam, della nonna Margherita e della sfollata triestina Virginia.<\/p>\n\n\n\n<p>Un romanzo tratto da una storia vera che mostra il volto meno conosciuto della Resistenza: le storie di chi, pur senza imbracciare le armi, combatte per salvare princ\u00ecpi di convivenza, umanit\u00e0 e libert\u00e0. Un coro di voci messe a tacere che ora parlano e raccontano.<\/p>\n\n\n\n<p>Raffaella Cargnelutti (Tolmezzo, 1957) \u00e8 critica e storica dell\u2019arte. Ha esordito con Il ritratto di Maria. Saga di una famiglia carnica al tempo dei cramars (2010) e ha poi pubblicato, tra gli altri libri, le biografie romanzate dei pittori Gianfrancesco da Tolmezzo e Giovanni Antonio de\u2019 Sacchis, detto il Pordenone. Con il romanzo inedito Di cera e di vento \u00e8 stata finalista nel 2020 al Premio letterario RTL 102.5 &#8211; Mursia Romanzo Italiano. Del 2020 \u00e8 La valle dei Ros e del 2021 Le spiritate di Verzegnis.<\/p>\n","protected":false},"excerpt":{"rendered":"<p>\u00abI tedeschi tornarono in cucina e adocchiarono sulla credenza due vasetti di miele. Dora strinse per bene le labbra e non disse nulla. Con sforzo fece un mezzo sorriso che risult\u00f2 una smorfia. Doveva nascondere anche i pensieri al soldato che la teneva d\u2019occhio. Ne andava della vita.\u00bb Friuli, 1944. Dora ha vent\u2019anni e una vita che la guerra ha stravolto: il suo paese \u00e8 occupato dai tedeschi, attraversato dai partigiani, soffocato dalla paura. Nell\u2019albergo di famiglia, dove il vino<span class=\"excerpt-hellip\"> [\u2026]<\/span><\/p>\n","protected":false},"author":1,"featured_media":5805,"comment_status":"closed","ping_status":"open","sticky":false,"template":"","format":"standard","meta":[],"categories":[13,17],"tags":[],"_links":{"self":[{"href":"http:\/\/www.associazione-apertamente.org\/m\/wp-json\/wp\/v2\/posts\/5804"}],"collection":[{"href":"http:\/\/www.associazione-apertamente.org\/m\/wp-json\/wp\/v2\/posts"}],"about":[{"href":"http:\/\/www.associazione-apertamente.org\/m\/wp-json\/wp\/v2\/types\/post"}],"author":[{"embeddable":true,"href":"http:\/\/www.associazione-apertamente.org\/m\/wp-json\/wp\/v2\/users\/1"}],"replies":[{"embeddable":true,"href":"http:\/\/www.associazione-apertamente.org\/m\/wp-json\/wp\/v2\/comments?post=5804"}],"version-history":[{"count":1,"href":"http:\/\/www.associazione-apertamente.org\/m\/wp-json\/wp\/v2\/posts\/5804\/revisions"}],"predecessor-version":[{"id":5806,"href":"http:\/\/www.associazione-apertamente.org\/m\/wp-json\/wp\/v2\/posts\/5804\/revisions\/5806"}],"wp:featuredmedia":[{"embeddable":true,"href":"http:\/\/www.associazione-apertamente.org\/m\/wp-json\/wp\/v2\/media\/5805"}],"wp:attachment":[{"href":"http:\/\/www.associazione-apertamente.org\/m\/wp-json\/wp\/v2\/media?parent=5804"}],"wp:term":[{"taxonomy":"category","embeddable":true,"href":"http:\/\/www.associazione-apertamente.org\/m\/wp-json\/wp\/v2\/categories?post=5804"},{"taxonomy":"post_tag","embeddable":true,"href":"http:\/\/www.associazione-apertamente.org\/m\/wp-json\/wp\/v2\/tags?post=5804"}],"curies":[{"name":"wp","href":"https:\/\/api.w.org\/{rel}","templated":true}]}}