{"id":4981,"date":"2024-01-13T15:10:26","date_gmt":"2024-01-13T14:10:26","guid":{"rendered":"http:\/\/www.associazione-apertamente.org\/m\/?p=4981"},"modified":"2024-01-13T15:10:27","modified_gmt":"2024-01-13T14:10:27","slug":"la-memoria-e-lunico-vaccino-contro-lindifferenza","status":"publish","type":"post","link":"http:\/\/www.associazione-apertamente.org\/m\/2024\/01\/13\/la-memoria-e-lunico-vaccino-contro-lindifferenza\/","title":{"rendered":"La Memoria \u00e8 l\u2019unico vaccino contro l\u2019indifferenza."},"content":{"rendered":"\n<p><em>Liliana Segre<\/em><\/p>\n\n\n\n<p>Come ormai da tanti anni, Apertamente organizzer\u00e0,&nbsp;il 27 gennaio 2024, un\u2019iniziativa in occasione del&nbsp;<strong>Giorno della Memoria<\/strong>.<\/p>\n\n\n\n<p>Lo far\u00e0, ancora una volta, a Staranzano dove ha sempre trovato il sostegno e il Patrocinio del Comune e &nbsp;la collaborazione di altri che, in questo modo, ci permettono di mantenere un appuntamento fondamentale. L\u2019impegno \u00e8 quello di&nbsp;&nbsp;<strong><em>non<\/em><\/strong><em>&nbsp;<strong>dimenticare. Dobbiamo ricordare ci\u00f2 che \u00e8 stato non in modo retorico, quasi fosse una routine da sbrigare, dobbiamo farlo nella consapevolezza che conoscere ci\u00f2 che \u00e8 stato \u00e8 l\u2019unico modo perch\u00e9 l\u2019orrore non si ripeta<\/strong><\/em>.&nbsp;<\/p>\n\n\n\n<p>In questa giornata, nella ricorrenza della liberazione del campo di concentramento e sterminio nazista di&nbsp;<strong>Auschwitz<\/strong>, ogni anno vengono commemorati i morti della Shoah, le vittime delle leggi razziali, e tutti coloro che hanno messo a rischio la propria vita&nbsp;per proteggere i perseguitati, fossero &nbsp;ebrei, zingari, omosessuali, disabili, dissidenti politici.&nbsp;<\/p>\n\n\n\n<p><strong>La&nbsp;Shoah<\/strong><strong>, il genocidio,<\/strong>&nbsp;\u00e8 la barbarie compiuta con l\u2019intenzione di cancellare un intero popolo e&nbsp;fare in modo che non ne rimanga nemmeno il ricordo.&nbsp;<\/p>\n\n\n\n<p>Tante, troppe volte, pensiamo alla furia antiebraica come qualcosa di lontano e che ha riguardato solo gli altri.<\/p>\n\n\n\n<p>Purtroppo non \u00e8 stato cos\u00ec e dobbiamo ricordarlo; l\u2019Italia non \u00e8 stata estranea a quella tragedia e proprio da noi, a Trieste<strong>,<\/strong><strong>&nbsp;&nbsp;<\/strong>il&nbsp;<strong>18 settembre 1938<\/strong><strong>,&nbsp;<\/strong><strong>Benito Mussolini<\/strong>&nbsp;da una piazza dell\u2019Unit\u00e0 piena all\u2019inverosimile e plaudente, proclama le&nbsp;<strong>leggi razziali<\/strong>. Un vicenda a lungo rimossa dalla coscienza collettiva e dal discorso pubblico del Paese.<\/p>\n\n\n\n<p>Da diversi decenni&nbsp;la storiografia ha ricostruito la variet\u00e0 degli atteggiamenti degli italiani di fronte alla persecuzione dei concittadini ebrei, facendo emergere, nel complesso, il largo coinvolgimento della societ\u00e0 nelle politiche antisemite del fascismo. &nbsp;<\/p>\n\n\n\n<p>Partecipare a questa ricorrenza, alle varie iniziative in occasione del <strong>Giorno della Memoria<\/strong>,&nbsp;\u00e8 un dovere verso un popolo che \u00e8 stato vittima di un lucido disegno di sterminio, ma \u00e8 anche un dovere verso le giovani generazioni, alle quali si deve trasmettere la consapevolezza e la conoscenza del passato.<\/p>\n\n\n\n<p>Per questo siamo ancora qui e continueremo a esserci. Per fare s\u00ec che la memoria di quell\u2019orrore sia sempre viva e l\u2019attenzione affinch\u00e9 ci\u00f2 non si ripeta sia sempre vigile.<\/p>\n\n\n\n<p><strong><em>Apertamente<\/em><\/strong><\/p>\n","protected":false},"excerpt":{"rendered":"<p>Liliana Segre Come ormai da tanti anni, Apertamente organizzer\u00e0,&nbsp;il 27 gennaio 2024, un\u2019iniziativa in occasione del&nbsp;Giorno della Memoria. Lo far\u00e0, ancora una volta, a Staranzano dove ha sempre trovato il sostegno e il Patrocinio del Comune e &nbsp;la collaborazione di altri che, in questo modo, ci permettono di mantenere un appuntamento fondamentale. L\u2019impegno \u00e8 quello di&nbsp;&nbsp;non&nbsp;dimenticare. Dobbiamo ricordare ci\u00f2 che \u00e8 stato non in modo retorico, quasi fosse una routine da sbrigare, dobbiamo farlo nella consapevolezza che conoscere ci\u00f2 che<span class=\"excerpt-hellip\"> [\u2026]<\/span><\/p>\n","protected":false},"author":1,"featured_media":4979,"comment_status":"open","ping_status":"open","sticky":false,"template":"","format":"standard","meta":[],"categories":[13],"tags":[],"_links":{"self":[{"href":"http:\/\/www.associazione-apertamente.org\/m\/wp-json\/wp\/v2\/posts\/4981"}],"collection":[{"href":"http:\/\/www.associazione-apertamente.org\/m\/wp-json\/wp\/v2\/posts"}],"about":[{"href":"http:\/\/www.associazione-apertamente.org\/m\/wp-json\/wp\/v2\/types\/post"}],"author":[{"embeddable":true,"href":"http:\/\/www.associazione-apertamente.org\/m\/wp-json\/wp\/v2\/users\/1"}],"replies":[{"embeddable":true,"href":"http:\/\/www.associazione-apertamente.org\/m\/wp-json\/wp\/v2\/comments?post=4981"}],"version-history":[{"count":1,"href":"http:\/\/www.associazione-apertamente.org\/m\/wp-json\/wp\/v2\/posts\/4981\/revisions"}],"predecessor-version":[{"id":4982,"href":"http:\/\/www.associazione-apertamente.org\/m\/wp-json\/wp\/v2\/posts\/4981\/revisions\/4982"}],"wp:featuredmedia":[{"embeddable":true,"href":"http:\/\/www.associazione-apertamente.org\/m\/wp-json\/wp\/v2\/media\/4979"}],"wp:attachment":[{"href":"http:\/\/www.associazione-apertamente.org\/m\/wp-json\/wp\/v2\/media?parent=4981"}],"wp:term":[{"taxonomy":"category","embeddable":true,"href":"http:\/\/www.associazione-apertamente.org\/m\/wp-json\/wp\/v2\/categories?post=4981"},{"taxonomy":"post_tag","embeddable":true,"href":"http:\/\/www.associazione-apertamente.org\/m\/wp-json\/wp\/v2\/tags?post=4981"}],"curies":[{"name":"wp","href":"https:\/\/api.w.org\/{rel}","templated":true}]}}