{"id":4971,"date":"2024-01-07T17:50:29","date_gmt":"2024-01-07T16:50:29","guid":{"rendered":"http:\/\/www.associazione-apertamente.org\/m\/?p=4971"},"modified":"2024-01-07T17:52:04","modified_gmt":"2024-01-07T16:52:04","slug":"lanno-bisestile","status":"publish","type":"post","link":"http:\/\/www.associazione-apertamente.org\/m\/2024\/01\/07\/lanno-bisestile\/","title":{"rendered":"L\u2019anno bisestile."},"content":{"rendered":"\n<p>di Cosimo Risi del 7\/1\/2024<\/p>\n\n\n\n<p>L\u2019anno bisestile comincia come l\u2019anno normale appena concluso. Se prima si avvertiva una sfasatura fra il dibattito italiano e la situazione internazionale, ora si apre un varco.<\/p>\n\n\n\n<p>La guerra in Ucraina sta per toccare il secondo anno, quella in Medio Oriente il trimestre, noi ci appassioniamo al regime delle concessioni balneari e degli ambulanti. Su questi dossier&nbsp; misuriamo il rapporto con la Commissione europea, nonch\u00e9 con l\u2019alta giurisdizione nazionale. In gioco \u00e8 il principio cardine dell\u2019integrazione europea: il primato del diritto eurocomunitario sui diritti nazionali. Basti ricordare quante volte abbiamo temuto l\u2019inversione di tendenza, a nostro sfavore, quando a pronunciarsi era chiamata la Corte di Karlsruhe in Germania ed il sollievo che provavamo quando le sentenze ribadivano il primato.<\/p>\n\n\n\n<p>L\u2019Occidente \u00e8 confrontato a sfide tragiche, le guerre in corso devastano il senso di umanit\u00e0, l\u2019Italia che dell\u2019Occidente si vanta di essere parte attiva poco si cura di ci\u00f2 che accade. Alle bombe su &nbsp;Gaza e Kiev preferisce la pistolettata di Capodanno.<\/p>\n\n\n\n<p>La Russia sta smentendo le previsioni del 2022. Il suo Presidente era accreditato di malattie varie e variamente incurabili, appare saldo nei movimenti al punto da correre, probabile vincente, per l\u2019ennesimo mandato. Un colpo di Palazzo, quelli di piazza sono fermamente scoraggiati, avrebbe dovuto destituirlo, non si profila un serio rivale alle presidenziali.<\/p>\n\n\n\n<p>La sconfitta russa \u00e8 lungi dal profilarsi, la controffensiva ucraina \u00e8 stata pi\u00f9 declamata che realizzata. Mosca sta riportando la minaccia su Kiev, esibisce nuovi e sofisticati armamenti. L\u2019Europa lesina gli aiuti militari, gli Stati Uniti discutono se continuare con i finanziamenti. Il dilemma \u00e8 in chiave elettorale&nbsp; fra la Presidenza democratica e il Congresso repubblicano. &nbsp;<\/p>\n\n\n\n<p>Questo sarebbe il momento della tregua per dare il via alla trattativa di pace. Dell\u2019esigenza di una svolta non \u00e8 traccia nei nostri pubblici dibattiti. Eppure, quale che sia l\u2019esito del conflitto, saremo chiamati a ricostruire l\u2019Ucraina ed avviare i negoziati di adesione all\u2019Unione europea. Il processo \u00e8 da decidere all\u2019unanimit\u00e0 in qualsiasi fase. Siamo certi dell\u2019unanimit\u00e0 in seno al Consiglio? E del nostro consenso sui vari capitoli dell\u2019acquis?<\/p>\n\n\n\n<p>Il Governo di emergenza in Israele opta per la soluzione radicale al problema Gaza. Pare cos\u00ec determinato nel farla finita con Hamas che non si cura dei richiami umanitari dell\u2019Amministrazione americana. A breve \u00e8 la quarta missione nell\u2019area del Segretario di Stato, dopo le conversazioni&nbsp; a tratti brusche fra il Presidente Biden e il Primo Ministro Netanyahu.<\/p>\n\n\n\n<p>Non che Washington lesini il sostegno politico a Gerusalemme, chiede di ridurre i cosiddetti effetti collaterali. Nel caso della sovraffollata Striscia e della spregiudicatezza dei miliziani di Hamas di ripararsi dietro alle istallazioni civili, gli effetti collaterali a carico della popolazione sono inevitabili. Il che spinge i profughi verso l\u2019Egitto attraverso il varco di Rafah. Cairo non vuole centinaia di migliaia di immigrati. Potrebbero ingrossare le fila dei Fratelli Musulmani, il Movimento \u00e8 represso dal Governo dalla fine della Presidenza Morsi.<\/p>\n\n\n\n<p>Quali siano le intenzioni di Israele riguardo alle milizie sciite in Libano ed all\u2019Iran, \u00e8 oggetto di speculazioni. Alcuni commentatori temono che le scaramucce di frontiera con gli Hezbollah libanesi &nbsp;e in mare con gli Houthi yemeniti preludano ad allargare il conflitto all\u2019Iran. Altri ritengono che l\u2019interesse profondo d\u2019Israele sarebbe di chiudere la partita con tutti i nemici ora che pu\u00f2 contare sulla presenza della flotta americana. Che gli Stati Uniti intervengano non solo a difesa delle loro postazioni, il che gi\u00e0 accade in Iraq e altrove, ma anche in fase offensiva. Sarebbe la scorciatoia per chiudere il dossier del nucleare iraniano.<\/p>\n\n\n\n<p>L\u2019anno bisestile \u00e8 anno elettorale in America. Dalla sua tenuta in Florida, Donald Trump detta il programma <em>business oriented <\/em>del ritorno alla Casa Bianca. Rimettere gli affari in cima all\u2019agenda internazionale: con la Russia, con la Cina, con i Palestinesi. Se tutti guadagnano dall\u2019accresciuta ricchezza, diminuisce il tasso di bellicosit\u00e0, le relazioni internazionali tornano alla calma. Che possa candidarsi e, nell\u2019ipotesi, battere il Presidente in carica \u00e8 da vedere in novembre. Il messaggio suona chiaro ad alleati e nemici: wait and see.<\/p>\n","protected":false},"excerpt":{"rendered":"<p>di Cosimo Risi del 7\/1\/2024 L\u2019anno bisestile comincia come l\u2019anno normale appena concluso. Se prima si avvertiva una sfasatura fra il dibattito italiano e la situazione internazionale, ora si apre un varco. La guerra in Ucraina sta per toccare il secondo anno, quella in Medio Oriente il trimestre, noi ci appassioniamo al regime delle concessioni balneari e degli ambulanti. Su questi dossier&nbsp; misuriamo il rapporto con la Commissione europea, nonch\u00e9 con l\u2019alta giurisdizione nazionale. In gioco \u00e8 il principio cardine<span class=\"excerpt-hellip\"> [\u2026]<\/span><\/p>\n","protected":false},"author":1,"featured_media":4849,"comment_status":"open","ping_status":"open","sticky":false,"template":"","format":"standard","meta":[],"categories":[12],"tags":[],"_links":{"self":[{"href":"http:\/\/www.associazione-apertamente.org\/m\/wp-json\/wp\/v2\/posts\/4971"}],"collection":[{"href":"http:\/\/www.associazione-apertamente.org\/m\/wp-json\/wp\/v2\/posts"}],"about":[{"href":"http:\/\/www.associazione-apertamente.org\/m\/wp-json\/wp\/v2\/types\/post"}],"author":[{"embeddable":true,"href":"http:\/\/www.associazione-apertamente.org\/m\/wp-json\/wp\/v2\/users\/1"}],"replies":[{"embeddable":true,"href":"http:\/\/www.associazione-apertamente.org\/m\/wp-json\/wp\/v2\/comments?post=4971"}],"version-history":[{"count":2,"href":"http:\/\/www.associazione-apertamente.org\/m\/wp-json\/wp\/v2\/posts\/4971\/revisions"}],"predecessor-version":[{"id":4974,"href":"http:\/\/www.associazione-apertamente.org\/m\/wp-json\/wp\/v2\/posts\/4971\/revisions\/4974"}],"wp:featuredmedia":[{"embeddable":true,"href":"http:\/\/www.associazione-apertamente.org\/m\/wp-json\/wp\/v2\/media\/4849"}],"wp:attachment":[{"href":"http:\/\/www.associazione-apertamente.org\/m\/wp-json\/wp\/v2\/media?parent=4971"}],"wp:term":[{"taxonomy":"category","embeddable":true,"href":"http:\/\/www.associazione-apertamente.org\/m\/wp-json\/wp\/v2\/categories?post=4971"},{"taxonomy":"post_tag","embeddable":true,"href":"http:\/\/www.associazione-apertamente.org\/m\/wp-json\/wp\/v2\/tags?post=4971"}],"curies":[{"name":"wp","href":"https:\/\/api.w.org\/{rel}","templated":true}]}}