{"id":4845,"date":"2023-10-24T16:20:24","date_gmt":"2023-10-24T14:20:24","guid":{"rendered":"http:\/\/www.associazione-apertamente.org\/m\/?p=4845"},"modified":"2023-10-24T16:20:25","modified_gmt":"2023-10-24T14:20:25","slug":"cosa-ha-in-mente-benjamin-bibi-netanyahu","status":"publish","type":"post","link":"http:\/\/www.associazione-apertamente.org\/m\/2023\/10\/24\/cosa-ha-in-mente-benjamin-bibi-netanyahu\/","title":{"rendered":"Cosa ha in mente Benjamin \u201cBibi\u201d Netanyahu?"},"content":{"rendered":"\n<p>di Cosimo Risi del 24\/10\/2023<\/p>\n\n\n\n<p>Cosa ha in mente il Premier pi\u00f9 longevo della storia d\u2019Israele? L\u2019interrogativo \u00e8 cruciale per capire come butta la situazione: se dobbiamo aspettarci un\u2019offensiva limitata a Gaza o una guerra generalizzata.<\/p>\n\n\n\n<p>Israele sta pagando le conseguenze di scelte avventate del Governo sul piano interno e nelle relazioni internazionali. Il buco nella sicurezza, in un paese che della sicurezza ha il culto, pare inspiegabile. Il Governo della riforma giudiziaria ha prodotto uno scisma con la societ\u00e0 civile e corroso la coesione fra forze armate, apparati di sicurezza, popolo. La comunit\u00e0 arabo-israeliana delle citt\u00e0 miste si sente emarginata in uno Stato \u00a0che si dichiara ebraico per legge e li tratta da cittadini di secondo rango.<\/p>\n\n\n\n<p>Gli Stati Uniti stanno schierando una formidabile armata a difesa dello Stato. Lo protegge dalle interferenze esterne \u00a0(Iran) e suona come obiettivo incoraggiamento a darsi da fare. Il Presidente Biden invita per\u00f2 Netanyahu a non approfittarne oltre misura. Il rapporto con i paesi arabi non va spezzato, l\u2019Arabia Saudita pu\u00f2 essere recuperata agli Accordi di Abramo.<\/p>\n\n\n\n<p>La comunit\u00e0 internazionale riconosce a Israele il diritto alla difesa, purch\u00e9 sia esercitato nei limiti del diritto internazionale umanitario. E\u2019 una contorsione verbale del linguaggio diplomatico, alcune norme del diritto internazionale sono di fatto archiviate da febbraio 2022 in Europa. L\u2019onda lunga \u00e8 arrivata in Medio Oriente in ottobre 2023.<\/p>\n\n\n\n<p>&nbsp;&nbsp;&nbsp;&nbsp;&nbsp;&nbsp;&nbsp;&nbsp;&nbsp;&nbsp;&nbsp; Al vertice del Cairo sulla pace, alla presenza della Presidente Giorgia Meloni, alcune delegazioni arabe hanno rifiutato di menzionare Hamas come responsabile degli eccidi. Si \u00e8 trovata l\u2019intesa attorno alla sacramentale formula due popoli-due stati, con Israele nei confini del 1967. Il piano \u00e8 &nbsp;logorato dai fatti sul campo, la presenza di molteplici insediamenti israeliani in Cisgiordania rende impossibile la continuit\u00e0 territoriale dello Stato di Palestina.<\/p>\n\n\n\n<p>&nbsp;&nbsp;&nbsp;&nbsp;&nbsp;&nbsp;&nbsp;&nbsp;&nbsp;&nbsp;&nbsp; Al Cairo, alcuni giornalisti pongono domande del tutto fuori luogo sulla vicenda privata di Giorgia Meloni. &nbsp;&nbsp;&nbsp;&nbsp;&nbsp;&nbsp;&nbsp;&nbsp;&nbsp; La Presidente giustamente non risponde. Gli Egiziani non&nbsp; seguono le reti Mediaset, preferiscono le soap opera indigene ai reality show italiani.<\/p>\n\n\n\n<p>Il Medio Oriente &nbsp;torna nella prima pagina finora occupata dalle vicende ucraine. Gli Stati Uniti, da Trump a Biden, vagheggiano che la rete degli Accordi di Abramo, integrando l\u2019Arabia Saudita, pu\u00f2 stabilizzare la regione e consentire loro di occuparsi in priorit\u00e0 dell\u2019Indo-Pacifico. La guerra in Medio Oriente li sta richiamando in Medio Oriente dove contano molto pi\u00f9 di un alleato esterno: Israele \u00e8 un affare interno americano. &nbsp;&nbsp;&nbsp;<\/p>\n\n\n\n<p>L\u2019Unione europea sostiene gli Israeliani ed i Palestinesi. Si esercita a fatica nell\u2019equidistanza verbale. Le opinioni espresse da Ursula von der Leyen sono corrette da Charles Michel e Josip Borrell. I tre danno l\u2019impressione di non parlarsi, eppure hanno gli uffici contigui. E\u2019 la riprova che bisogna mettere mano ad una nuova stagione costituente del sistema europea. Ci capiamo poco noi che viviamo nell\u2019Unione, figuriamoci i terzi. L\u2019incoerenza \u00e8 peggiore dell\u2019inerzia, significa inettitudine al comando.<\/p>\n\n\n\n<p>Per tornare alla domanda iniziale circa le intenzioni di Netanyahu. La possibilit\u00e0, ora o mai pi\u00f9, di liberarsi di Hamas nonch\u00e9 di Hezbollah, se le milizia sciite del Libano attaccassero Israele, \u00e8 una tentazione. E se l\u2019Iran intervenisse a loro supporto, ci penserebbe la barriera americana. Ma non si pu\u00f2 ignorare l\u2019appello del Presidente Biden a restare entro la linea rossa. Dove si colloca la linea rossa? E cosa ne sar\u00e0 della riforma giudiziaria se si forma un governo di unit\u00e0 nazionale con elementi dell\u2019opposizione in posti chiave?<\/p>\n\n\n\n<p>La risposta verr\u00e0 nei giorni a seguire.<\/p>\n","protected":false},"excerpt":{"rendered":"<p>di Cosimo Risi del 24\/10\/2023 Cosa ha in mente il Premier pi\u00f9 longevo della storia d\u2019Israele? L\u2019interrogativo \u00e8 cruciale per capire come butta la situazione: se dobbiamo aspettarci un\u2019offensiva limitata a Gaza o una guerra generalizzata. Israele sta pagando le conseguenze di scelte avventate del Governo sul piano interno e nelle relazioni internazionali. Il buco nella sicurezza, in un paese che della sicurezza ha il culto, pare inspiegabile. Il Governo della riforma giudiziaria ha prodotto uno scisma con la societ\u00e0<span class=\"excerpt-hellip\"> [\u2026]<\/span><\/p>\n","protected":false},"author":1,"featured_media":4846,"comment_status":"open","ping_status":"open","sticky":false,"template":"","format":"standard","meta":[],"categories":[12],"tags":[],"_links":{"self":[{"href":"http:\/\/www.associazione-apertamente.org\/m\/wp-json\/wp\/v2\/posts\/4845"}],"collection":[{"href":"http:\/\/www.associazione-apertamente.org\/m\/wp-json\/wp\/v2\/posts"}],"about":[{"href":"http:\/\/www.associazione-apertamente.org\/m\/wp-json\/wp\/v2\/types\/post"}],"author":[{"embeddable":true,"href":"http:\/\/www.associazione-apertamente.org\/m\/wp-json\/wp\/v2\/users\/1"}],"replies":[{"embeddable":true,"href":"http:\/\/www.associazione-apertamente.org\/m\/wp-json\/wp\/v2\/comments?post=4845"}],"version-history":[{"count":1,"href":"http:\/\/www.associazione-apertamente.org\/m\/wp-json\/wp\/v2\/posts\/4845\/revisions"}],"predecessor-version":[{"id":4847,"href":"http:\/\/www.associazione-apertamente.org\/m\/wp-json\/wp\/v2\/posts\/4845\/revisions\/4847"}],"wp:featuredmedia":[{"embeddable":true,"href":"http:\/\/www.associazione-apertamente.org\/m\/wp-json\/wp\/v2\/media\/4846"}],"wp:attachment":[{"href":"http:\/\/www.associazione-apertamente.org\/m\/wp-json\/wp\/v2\/media?parent=4845"}],"wp:term":[{"taxonomy":"category","embeddable":true,"href":"http:\/\/www.associazione-apertamente.org\/m\/wp-json\/wp\/v2\/categories?post=4845"},{"taxonomy":"post_tag","embeddable":true,"href":"http:\/\/www.associazione-apertamente.org\/m\/wp-json\/wp\/v2\/tags?post=4845"}],"curies":[{"name":"wp","href":"https:\/\/api.w.org\/{rel}","templated":true}]}}