{"id":4842,"date":"2023-10-17T15:16:51","date_gmt":"2023-10-17T13:16:51","guid":{"rendered":"http:\/\/www.associazione-apertamente.org\/m\/?p=4842"},"modified":"2023-10-17T15:16:51","modified_gmt":"2023-10-17T13:16:51","slug":"la-danza-dellintreccio-e-la-responsabilita-dellumano","status":"publish","type":"post","link":"http:\/\/www.associazione-apertamente.org\/m\/2023\/10\/17\/la-danza-dellintreccio-e-la-responsabilita-dellumano\/","title":{"rendered":"La danza dell&#8217;intreccio e la responsabilit\u00e0 dell'&#8221;umano&#8221;"},"content":{"rendered":"\n<p><strong>di Andrea Bellavite<\/strong> del 17\/10\/2023<\/p>\n\n\n\n<p>Quando qualcuno ritiene di essere l&#8217;unico possessore della Verit\u00e0, la Terra degli umani si riempie di cimiteri. In nome di ogni Assoluto, sia esso chiamato con i nomi di Dio o con quelli derivati dalla dea Ragione (con la R maiuscola), si \u00e8 sempre negato il diritto all&#8217;esistenza dell&#8217;umile e frammentato &#8220;Relativo&#8221;. Occorre prendere atto che l&#8217;Assoluto non c&#8217;entra con la Storia, se c&#8217;\u00e8, si trova nello spazio della trascendenza e della fede, incompatibile con quello immanente della ragione (rigorosamente con la r minuscola). La vicenda terrena \u00e8 determinata invece dalla gloriosa responsabilit\u00e0 del Relativo, cio\u00e8 dalla libera e consapevole scelta di ogni essere umano.<\/p>\n\n\n\n<p>S\u00ec, perch\u00e9 in ogni massacro, ovunque e comunque venga compiuto, c&#8217;\u00e8 sempre una presunta &#8220;Ragione&#8221;, in nome della quale si legittima l&#8217;uso delle armi costruite e distribuite con un unico scopo, quello di uccidere. L&#8217;ipocrisia derivata dalle inenarrabili tragedie del XX secolo porta oggi ogni contendente a mascherare la propria volont\u00e0 di sopraffazione dell&#8217;altro con l&#8217;esigenza della &#8220;sicurezza&#8221;. Tutti vogliono garantire un avvenire dignitoso e sicuro agli appartenenti alla propria parte. E chi sta al di fuori &#8211; per quanto sia possibile stare al di fuori nell&#8217;epoca della globalizzazione &#8211; deve necessariamente fare proprie le posizioni degli uni o degli altri, radicalmente, come si suol dire dai tempi del secondo conflitto iracheno, &#8220;senza se e senza ma&#8221;.<\/p>\n\n\n\n<p>E&#8217; un modo totalmente sbagliato di affrontare le questioni. Deriva essenzialmente dall&#8217;incapacit\u00e0 di sentirsi parte di una comune umanit\u00e0, nella quale le differenze di lingua, cultura, religione, concezione della vita, dovrebbero essere considerate una grande occasione di reciproco arricchimento. E&#8217; la fregatura dell&#8217;innalzamento del vessillo dell'&#8221;identit\u00e0&#8221;. Chi sono io? Sono un essere umano, che vive su un potenzialmente meraviglioso Pianeta, dove anche la Natura invoca, ahim\u00e9 inascoltata, rispetto. Ma sono anche una persona cresciuta in uno specifico ambiente culturale, che \u00e8 stata trasformata dalle migliaia di incontri quotidiani, che &#8211; volente o nolente &#8211; si \u00e8 sentita interpellare e cambiare nel profondo, da ogni parola ascoltata, stretta di mano, sorriso offerto e ricevuto, chiacchierata intensa o superficiale. Come diceva Hegel (riportato magistralmente dal filosofo Mirt Komel in un&#8217;assemblea in Transalpina la scorsa domenica) io sono io, ma anche non io. In questo essere e non essere sta lo spazio di un rapporto con l'&#8221;altro da me&#8221; che si costruisce nella vicinanza, ma anche nel riconoscimento della distanza. In questa &#8220;danza dell&#8217;intreccio&#8221; si crea lo spazio intermedio dell&#8217;incontro, nel quale entrare e uscire continuamente. E&#8217; un vero e proprio amplesso, dal quale si concepisce e genera ininterrottamente il mistero dell&#8217;autentica Cultura, manifestazione sublime e sempre in cambiamento dell&#8217;unione nella diversit\u00e0 delle culture.<\/p>\n\n\n\n<p>Perch\u00e9 allora schierarsi sempre, o totalmente da una parte o totalmente dall&#8217;altra? Perch\u00e9 non riconoscere il diritto di ciascuno &#8211; soggetto individuo o societ\u00e0 collettiva &#8211; a possedere delle &#8220;ragioni&#8221;, le une diverse dalle altre? Perch\u00e9 non promuovere costantemente la possibilit\u00e0 di sedersi attorno a un tavolo o al centro di un ponte, per discutere le diverse &#8220;ragioni&#8221;, anche solo per ascoltarle e capirle, pur senza necessariamente condividerle? Perch\u00e9 ritenere che l&#8217;unico deterrente alla violenza sia produrre altra e pi\u00f9 potente violenza? Eppure dovrebbe essere sotto gli occhi di ognuno che ragioni, svincolandosi un attimo dalle &#8220;passioni dell&#8217;appartenenza&#8221; o dalla &#8220;difesa dell&#8217;Identit\u00e0&#8221;, la prova evidente della totale inutilit\u00e0 di ogni escalation di guerra scatenata per vendicarsi di un&#8217;altra azione bellicosa, a sua volta determinata da una precedente offesa cruenta, a sua volta scaturita da un&#8217;altra ingiustizia e cos\u00ec via all&#8217;infinito, fin dalla fondazione del mondo&#8230; E non giova chiedersi chi ha cominciato prima, se non per una giusta esigenza scientifica di comprensione dell&#8217;evolversi delle situazioni storiche. S\u00ec, perch\u00e9 ci sar\u00e0 sempre un &#8220;prima&#8221; che potr\u00e0 spiegare ogni &#8220;dopo&#8221;, ma se non si andr\u00e0 oltre alla logica del &#8220;prima&#8221; e del &#8220;dopo&#8221;, si rischier\u00e0 di perdere l'&#8221;Adesso&#8221;, cio\u00e8 quell&#8217;unico infinitesimale frammento del tempo nel quale si determina il destino dell&#8217;universo.&nbsp;<\/p>\n\n\n\n<p>Insomma, utopia delle utopie. Questi giorni di grande angoscia non devono far dimenticare tante altre simili sofferenze che si stanno verificando ovunque, non soltanto in Israele e Palestina, non soltanto in Ucraina e in Russia. Potranno aiutare a riflettere e a superare la logica degli Assolutismi, trovando la strada del dialogo e superando la logica del farsi tanto del male per difendere le ragioni degli uni o degli altri? Ogni ragione che per affermarsi ha bisogno di soffocare quella dell&#8217;altro diventa immediatamente un inaccettabile torto. Ogni ragione che si confronta umanamente con quella dell&#8217;altro, costruisce una nuova civilt\u00e0, una societ\u00e0 nella quale le identit\u00e0 non si contrappongono ma si mescolano in un meraviglioso esempio di generativo moto perpetuo.&nbsp;<\/p>\n","protected":false},"excerpt":{"rendered":"<p>di Andrea Bellavite del 17\/10\/2023 Quando qualcuno ritiene di essere l&#8217;unico possessore della Verit\u00e0, la Terra degli umani si riempie di cimiteri. In nome di ogni Assoluto, sia esso chiamato con i nomi di Dio o con quelli derivati dalla dea Ragione (con la R maiuscola), si \u00e8 sempre negato il diritto all&#8217;esistenza dell&#8217;umile e frammentato &#8220;Relativo&#8221;. Occorre prendere atto che l&#8217;Assoluto non c&#8217;entra con la Storia, se c&#8217;\u00e8, si trova nello spazio della trascendenza e della fede, incompatibile con<span class=\"excerpt-hellip\"> [\u2026]<\/span><\/p>\n","protected":false},"author":1,"featured_media":4690,"comment_status":"open","ping_status":"open","sticky":false,"template":"","format":"standard","meta":[],"categories":[13],"tags":[],"_links":{"self":[{"href":"http:\/\/www.associazione-apertamente.org\/m\/wp-json\/wp\/v2\/posts\/4842"}],"collection":[{"href":"http:\/\/www.associazione-apertamente.org\/m\/wp-json\/wp\/v2\/posts"}],"about":[{"href":"http:\/\/www.associazione-apertamente.org\/m\/wp-json\/wp\/v2\/types\/post"}],"author":[{"embeddable":true,"href":"http:\/\/www.associazione-apertamente.org\/m\/wp-json\/wp\/v2\/users\/1"}],"replies":[{"embeddable":true,"href":"http:\/\/www.associazione-apertamente.org\/m\/wp-json\/wp\/v2\/comments?post=4842"}],"version-history":[{"count":1,"href":"http:\/\/www.associazione-apertamente.org\/m\/wp-json\/wp\/v2\/posts\/4842\/revisions"}],"predecessor-version":[{"id":4843,"href":"http:\/\/www.associazione-apertamente.org\/m\/wp-json\/wp\/v2\/posts\/4842\/revisions\/4843"}],"wp:featuredmedia":[{"embeddable":true,"href":"http:\/\/www.associazione-apertamente.org\/m\/wp-json\/wp\/v2\/media\/4690"}],"wp:attachment":[{"href":"http:\/\/www.associazione-apertamente.org\/m\/wp-json\/wp\/v2\/media?parent=4842"}],"wp:term":[{"taxonomy":"category","embeddable":true,"href":"http:\/\/www.associazione-apertamente.org\/m\/wp-json\/wp\/v2\/categories?post=4842"},{"taxonomy":"post_tag","embeddable":true,"href":"http:\/\/www.associazione-apertamente.org\/m\/wp-json\/wp\/v2\/tags?post=4842"}],"curies":[{"name":"wp","href":"https:\/\/api.w.org\/{rel}","templated":true}]}}