{"id":4839,"date":"2023-10-15T16:38:49","date_gmt":"2023-10-15T14:38:49","guid":{"rendered":"http:\/\/www.associazione-apertamente.org\/m\/?p=4839"},"modified":"2023-10-15T16:38:50","modified_gmt":"2023-10-15T14:38:50","slug":"storie-del-medio-oriente","status":"publish","type":"post","link":"http:\/\/www.associazione-apertamente.org\/m\/2023\/10\/15\/storie-del-medio-oriente\/","title":{"rendered":"Storie del Medio Oriente."},"content":{"rendered":"\n<p>di Cosimo Risi del15\/10\/2023<\/p>\n\n\n\n<p>La narrazione del Medio Oriente \u00e8 affascinante quanto, a volte, tragica. Dal saggio di Edward Said <em>Orientalismo <\/em>alla spy story di John Le Carr\u00e8 <em>La Tamburina. <\/em>Un gioco di ombre che nascondono misteri dietro ai quali affiora la speranza escatologica della Fede. Fede in qualcosa che superi le contingenze verso un avvenire, al di qua e al di l\u00e0, migliore.<\/p>\n\n\n\n<p>Alcuni Grandi della Storia, con la \u201cesse\u201d maiuscola, incombono nell\u2019American Colony a Gerusalemme. Non un albergo ma un libro, una narrazione appunto di eventi cruciali. Lawrence d\u2019Arabia con il suo abbigliamento arabo, lui agente dei Servizi britannici, Sir Glubb Pasci\u00e0 e molti altri che hanno soggiornato nella parte Ovest della Citt\u00e0 per farne l\u2019osservatorio delle vicende mediorientali.<\/p>\n\n\n\n<p>Le Carr\u00e8 coglie nel segno nel descrivere un\u2019operazione romanzata, e perci\u00f2 verosimile, del Mossad. Mossad \u00e8 l\u2019Istituto per l\u2019intelligence e i servizi speciali dello Stato d\u2019Israele.\u00a0 \u00a0La letteratura sulla sua infallibilit\u00e0 \u00e8 copiosa. Dalla cattura di Adolf Eichmann a Buenos Aires alla \u201cneutralizzazione\u201d dei sicari delle Olimpiadi di Monaco, da cui il film <em>Munich <\/em>di Steven Spielberg. Fino alle numerose azioni che vengono attribuite all\u2019Istituto e che l\u2019Istituto non smentisce n\u00e9 conferma: a cornice dell\u2019alone di mistero e di infallibilit\u00e0 che ne assicura la fama presso gli amici e il timore presso i nemici.<\/p>\n\n\n\n<p>Per non parlare della serie Netflix <em>Fauda.\u00a0 <\/em>La quarta \u00e8 in cantiere, non \u00e8 trasmessa per ora, alcuni membri della troupe si sono arruolati come riservisti nelle IDF (Israeli Defense Forces), al pari di tutti gli uomini e le donne fino all\u2019et\u00e0 matura. Lo stesso ex Primo Ministro Naftali Bennett, cinquantenne, ha raggiunto la sua unit\u00e0.<\/p>\n\n\n\n<p>Lo Stato \u00e8 protetto dallo scudo delle forze armate, della sicurezza, dell\u2019intelligence informatica. Israele esporta sistemi di spionaggio elettronico che provocano anche scandali in Occidente: si pensi all\u2019uso che di un certo <em>spyware <\/em>\u00e8 stato fatto in Portogallo.<\/p>\n\n\n\n<p>L\u2019apparato ha conosciuto un buco una settimana fa e lasciato sguarniti la barriera con Gaza ed i villaggi prospicienti. Le conseguenze sono negli occhi di chi riesce a guardare gli spettacoli dell\u2019orrore.<\/p>\n\n\n\n<p>Gli interrogativi sono stati accantonati, almeno in pubblico. Si levano le voci dei cittadini che si sentono amaramente sorpresi dal deficit di sicurezza in un paese che della sicurezza mena vanto. Il Premier Netanyahu ama l\u2019epiteto di Mr. Security. I responsabili restano ai loro posti, a cominciare dai membri del Governo. I conti, se si faranno, saranno per dopo.<\/p>\n\n\n\n<p>Il Gabinetto di guerra prospetta una soluzione radicale per Hamas a Gaza, ritiene di averne la facolt\u00e0. Il Segretario di Stato Blinken \u00e8 accorso a rassicurare circa l\u2019appoggio americano: finch\u00e9 gli Stati Uniti esisteranno, esister\u00e0 lo Stato d\u2019Israele.<\/p>\n\n\n\n<p>Fernando Gentilini (la Repubblica, 15 ottobre 2023) si chiede cosa passi nella testa di Benjamin Netanyahu, quali siano i suoi ispiratori e consiglieri. L\u2019articolo riporta le critiche che il Premier di oggi rivolgeva alla sua lontana predecessora. Nei Settanta, Golda Meir si fece sorprendere dall\u2019attacco arabo durante la festivit\u00e0 dello Yom Kippur. Affront\u00f2 la crisi e ribalt\u00f2 le sorti della guerra finch\u00e9 Henry Kissinger non convinse la parti a negoziare. Ma dopo dovette dimettersi.<\/p>\n\n\n\n<p>Sar\u00e0 questo l\u2019esito della lunga parabola di Netanyahu? Se lo chiede Gentilini come di una fatalit\u00e0 in una regione che nella fatalit\u00e0 del conflitto ha purtroppo la ragione d\u2019essere.<\/p>\n\n\n\n<p>La diplomazia latita in questa e nell\u2019altra tormentata area del mondo, l\u2019Europa orientale. L\u2019ONU \u00e8 silente. L\u2019Unione europea paga passivamente i conti altrui. Si muovono gli attori globali di sempre, Russia e Stati Uniti. La Cina \u00e8 in posizione di attesa, pronta a cogliere il frutto appena gli altri si saranno estenuati.\u00a0 \u00a0<\/p>\n\n\n\n<p>La narrazione del conflitto prevale anche sul plauso per il Nobel per la pace conferito all\u2019ennesima donna iraniana che si batte, nei tormenti del ruolo, per i diritti nella Repubblica Islamica. Una voce femminile in controtendenza, quella di Narges Mohammadi. Ascoltiamola.<\/p>\n","protected":false},"excerpt":{"rendered":"<p>di Cosimo Risi del15\/10\/2023 La narrazione del Medio Oriente \u00e8 affascinante quanto, a volte, tragica. Dal saggio di Edward Said Orientalismo alla spy story di John Le Carr\u00e8 La Tamburina. Un gioco di ombre che nascondono misteri dietro ai quali affiora la speranza escatologica della Fede. Fede in qualcosa che superi le contingenze verso un avvenire, al di qua e al di l\u00e0, migliore. Alcuni Grandi della Storia, con la \u201cesse\u201d maiuscola, incombono nell\u2019American Colony a Gerusalemme. Non un albergo<span class=\"excerpt-hellip\"> [\u2026]<\/span><\/p>\n","protected":false},"author":1,"featured_media":4840,"comment_status":"open","ping_status":"open","sticky":false,"template":"","format":"standard","meta":[],"categories":[12],"tags":[],"_links":{"self":[{"href":"http:\/\/www.associazione-apertamente.org\/m\/wp-json\/wp\/v2\/posts\/4839"}],"collection":[{"href":"http:\/\/www.associazione-apertamente.org\/m\/wp-json\/wp\/v2\/posts"}],"about":[{"href":"http:\/\/www.associazione-apertamente.org\/m\/wp-json\/wp\/v2\/types\/post"}],"author":[{"embeddable":true,"href":"http:\/\/www.associazione-apertamente.org\/m\/wp-json\/wp\/v2\/users\/1"}],"replies":[{"embeddable":true,"href":"http:\/\/www.associazione-apertamente.org\/m\/wp-json\/wp\/v2\/comments?post=4839"}],"version-history":[{"count":1,"href":"http:\/\/www.associazione-apertamente.org\/m\/wp-json\/wp\/v2\/posts\/4839\/revisions"}],"predecessor-version":[{"id":4841,"href":"http:\/\/www.associazione-apertamente.org\/m\/wp-json\/wp\/v2\/posts\/4839\/revisions\/4841"}],"wp:featuredmedia":[{"embeddable":true,"href":"http:\/\/www.associazione-apertamente.org\/m\/wp-json\/wp\/v2\/media\/4840"}],"wp:attachment":[{"href":"http:\/\/www.associazione-apertamente.org\/m\/wp-json\/wp\/v2\/media?parent=4839"}],"wp:term":[{"taxonomy":"category","embeddable":true,"href":"http:\/\/www.associazione-apertamente.org\/m\/wp-json\/wp\/v2\/categories?post=4839"},{"taxonomy":"post_tag","embeddable":true,"href":"http:\/\/www.associazione-apertamente.org\/m\/wp-json\/wp\/v2\/tags?post=4839"}],"curies":[{"name":"wp","href":"https:\/\/api.w.org\/{rel}","templated":true}]}}