{"id":4821,"date":"2023-10-07T14:44:58","date_gmt":"2023-10-07T12:44:58","guid":{"rendered":"http:\/\/www.associazione-apertamente.org\/m\/?p=4821"},"modified":"2023-10-07T14:44:59","modified_gmt":"2023-10-07T12:44:59","slug":"premio-nobel-per-la-pace-2023","status":"publish","type":"post","link":"http:\/\/www.associazione-apertamente.org\/m\/2023\/10\/07\/premio-nobel-per-la-pace-2023\/","title":{"rendered":"Premio Nobel per la Pace 2023"},"content":{"rendered":"\n<p><strong><a href=\"http:\/\/t.news.rcsmediagroup.it\/r\/?id=h795e08b6,e10bf822,7feb2dbe\">Il premio Nobel per la Pace 2023<\/a><\/strong> \u00e8 stato assegnato a <strong>Narges Mohammadi<\/strong>, 51 anni, in carcere per la sua battaglia in difesa della libert\u00e0 delle donne iraniane.<\/p>\n\n\n\n<p>Arrestata 13 volte e condannata a 31 anni di carcere e 154 frustate, Mohammadi \u00e8 ancora in carcere.<\/p>\n\n\n\n<p>Attualmente sta scontando una condanna a dieci anni di carcere nella prigione Evin di Teheran per \u00abdiffusione di propaganda antistatale\u00bb.<br>\u201c <em>Non smetter\u00f2 mai di lottare per la realizzazione della democrazia, della libert\u00e0 e dell\u2019uguaglianza. Sicuramente <strong>il Premio Nobel per la Pace mi render\u00e0 pi\u00f9 resiliente, determinata, speranzosa ed entusiasta<\/strong> in questo percorso, e accelerer\u00e0 il mio passo.<\/em><\/p>\n\n\n\n<p><em>Al fianco delle coraggiose madri iraniane continuer\u00f2 a lottare contro l\u2019implacabile discriminazione, la tirannia e l\u2019oppressione di genere da parte dell\u2019oppressivo governo religioso fino alla liberazione delle donne<\/em>\u201d.<\/p>\n","protected":false},"excerpt":{"rendered":"<p>Il premio Nobel per la Pace 2023 \u00e8 stato assegnato a Narges Mohammadi, 51 anni, in carcere per la sua battaglia in difesa della libert\u00e0 delle donne iraniane. Arrestata 13 volte e condannata a 31 anni di carcere e 154 frustate, Mohammadi \u00e8 ancora in carcere. Attualmente sta scontando una condanna a dieci anni di carcere nella prigione Evin di Teheran per \u00abdiffusione di propaganda antistatale\u00bb.\u201c Non smetter\u00f2 mai di lottare per la realizzazione della democrazia, della libert\u00e0 e dell\u2019uguaglianza.<span class=\"excerpt-hellip\"> [\u2026]<\/span><\/p>\n","protected":false},"author":1,"featured_media":4822,"comment_status":"open","ping_status":"open","sticky":false,"template":"","format":"standard","meta":[],"categories":[12],"tags":[],"_links":{"self":[{"href":"http:\/\/www.associazione-apertamente.org\/m\/wp-json\/wp\/v2\/posts\/4821"}],"collection":[{"href":"http:\/\/www.associazione-apertamente.org\/m\/wp-json\/wp\/v2\/posts"}],"about":[{"href":"http:\/\/www.associazione-apertamente.org\/m\/wp-json\/wp\/v2\/types\/post"}],"author":[{"embeddable":true,"href":"http:\/\/www.associazione-apertamente.org\/m\/wp-json\/wp\/v2\/users\/1"}],"replies":[{"embeddable":true,"href":"http:\/\/www.associazione-apertamente.org\/m\/wp-json\/wp\/v2\/comments?post=4821"}],"version-history":[{"count":1,"href":"http:\/\/www.associazione-apertamente.org\/m\/wp-json\/wp\/v2\/posts\/4821\/revisions"}],"predecessor-version":[{"id":4823,"href":"http:\/\/www.associazione-apertamente.org\/m\/wp-json\/wp\/v2\/posts\/4821\/revisions\/4823"}],"wp:featuredmedia":[{"embeddable":true,"href":"http:\/\/www.associazione-apertamente.org\/m\/wp-json\/wp\/v2\/media\/4822"}],"wp:attachment":[{"href":"http:\/\/www.associazione-apertamente.org\/m\/wp-json\/wp\/v2\/media?parent=4821"}],"wp:term":[{"taxonomy":"category","embeddable":true,"href":"http:\/\/www.associazione-apertamente.org\/m\/wp-json\/wp\/v2\/categories?post=4821"},{"taxonomy":"post_tag","embeddable":true,"href":"http:\/\/www.associazione-apertamente.org\/m\/wp-json\/wp\/v2\/tags?post=4821"}],"curies":[{"name":"wp","href":"https:\/\/api.w.org\/{rel}","templated":true}]}}