{"id":4814,"date":"2023-10-02T20:33:38","date_gmt":"2023-10-02T18:33:38","guid":{"rendered":"http:\/\/www.associazione-apertamente.org\/m\/?p=4814"},"modified":"2023-10-02T20:33:38","modified_gmt":"2023-10-02T18:33:38","slug":"con-angelo-floramo-per-la-liberta-di-stampa","status":"publish","type":"post","link":"http:\/\/www.associazione-apertamente.org\/m\/2023\/10\/02\/con-angelo-floramo-per-la-liberta-di-stampa\/","title":{"rendered":"Con Angelo Floramo, per la libert\u00e0 di stampa"},"content":{"rendered":"\n<p>di Andrea Bellavite del 2\/10\/2023<\/p>\n\n\n\n<p>La scelta della testata giornalistica Il Friuli di proporre ad Angelo Floramo la scelta fra la rinuncia alla pubblicazione di un articolo e la cessazione della collaborazione, \u00e8 di una gravit\u00e0 inaudita.<\/p>\n\n\n\n<p>Il nome dell&#8217;involontario protagonista di questa incredibile vicenda \u00e8 un&#8217;assoluta garanzia di seriet\u00e0 e di competenza. Una delle figure pi\u00f9 importanti della Cultura (con la C maiuscola) del Friuli Venezia Giulia, viene di fatto censurata perch\u00e9 vuole esprimere &#8211; con l&#8217;intelligenza e la delicatezza che gli sono proprie &#8211; una critica alla costruzione dell&#8217;acciaieria di san Giorgio di Nogaro. Ovviamente ogni lettore pu\u00f2 essere d&#8217;accordo o meno con il punto di vista di Angelo, inaccettabile \u00e8 che un giornale possa impedire perfino il confronto e il dialogo. E&#8217; un danno incalcolabile anche per la stessa testata, dal momento che tanti hanno preso finora in considerazione Il Friuli soltanto per approfondire la propria conoscenza attraverso la lettura dei sempre profondi e spesso avvincenti articoli di Floramo.&nbsp;<\/p>\n\n\n\n<p>Uomo di enorme cultura, capace di accompagnare chi lo apprezza in viaggi indimenticabili nella storia e nella geografia, Angelo Floramo \u00e8 anche un punto di riferimento per tutti coloro che immaginano una societ\u00e0 aperta e accogliente, oltre che un apprezzatissimo insegnante di scuola superiore, con una rara capacit\u00e0 di valorizzare ogni singola persona e far sentire in ogni momento &#8220;a casa propria&#8221;.&nbsp;<\/p>\n\n\n\n<p>Impedire a una simile personalit\u00e0 di esprimere un proprio parere, sempre con argomentazioni ampiamente documentate e competenti, \u00e8 compiere un gesto incomprensibile ma anche alquanto preoccupante. Insieme all&#8217;ovvia piena solidariet\u00e0 ad Angelo, come non chiedersi dove stia andando la nostra societ\u00e0. Che fine far\u00e0 la libert\u00e0 di stampa, gi\u00e0 a livelli minimi, anche se garantita dall&#8217;art. 21 della Costituzione? Fin dove ci porter\u00e0 questa deriva antidemocratica e liberticida?<\/p>\n","protected":false},"excerpt":{"rendered":"<p>di Andrea Bellavite del 2\/10\/2023 La scelta della testata giornalistica Il Friuli di proporre ad Angelo Floramo la scelta fra la rinuncia alla pubblicazione di un articolo e la cessazione della collaborazione, \u00e8 di una gravit\u00e0 inaudita. Il nome dell&#8217;involontario protagonista di questa incredibile vicenda \u00e8 un&#8217;assoluta garanzia di seriet\u00e0 e di competenza. Una delle figure pi\u00f9 importanti della Cultura (con la C maiuscola) del Friuli Venezia Giulia, viene di fatto censurata perch\u00e9 vuole esprimere &#8211; con l&#8217;intelligenza e la<span class=\"excerpt-hellip\"> [\u2026]<\/span><\/p>\n","protected":false},"author":1,"featured_media":4815,"comment_status":"open","ping_status":"open","sticky":false,"template":"","format":"standard","meta":[],"categories":[13],"tags":[],"_links":{"self":[{"href":"http:\/\/www.associazione-apertamente.org\/m\/wp-json\/wp\/v2\/posts\/4814"}],"collection":[{"href":"http:\/\/www.associazione-apertamente.org\/m\/wp-json\/wp\/v2\/posts"}],"about":[{"href":"http:\/\/www.associazione-apertamente.org\/m\/wp-json\/wp\/v2\/types\/post"}],"author":[{"embeddable":true,"href":"http:\/\/www.associazione-apertamente.org\/m\/wp-json\/wp\/v2\/users\/1"}],"replies":[{"embeddable":true,"href":"http:\/\/www.associazione-apertamente.org\/m\/wp-json\/wp\/v2\/comments?post=4814"}],"version-history":[{"count":1,"href":"http:\/\/www.associazione-apertamente.org\/m\/wp-json\/wp\/v2\/posts\/4814\/revisions"}],"predecessor-version":[{"id":4816,"href":"http:\/\/www.associazione-apertamente.org\/m\/wp-json\/wp\/v2\/posts\/4814\/revisions\/4816"}],"wp:featuredmedia":[{"embeddable":true,"href":"http:\/\/www.associazione-apertamente.org\/m\/wp-json\/wp\/v2\/media\/4815"}],"wp:attachment":[{"href":"http:\/\/www.associazione-apertamente.org\/m\/wp-json\/wp\/v2\/media?parent=4814"}],"wp:term":[{"taxonomy":"category","embeddable":true,"href":"http:\/\/www.associazione-apertamente.org\/m\/wp-json\/wp\/v2\/categories?post=4814"},{"taxonomy":"post_tag","embeddable":true,"href":"http:\/\/www.associazione-apertamente.org\/m\/wp-json\/wp\/v2\/tags?post=4814"}],"curies":[{"name":"wp","href":"https:\/\/api.w.org\/{rel}","templated":true}]}}