{"id":4810,"date":"2023-09-28T09:02:19","date_gmt":"2023-09-28T07:02:19","guid":{"rendered":"http:\/\/www.associazione-apertamente.org\/m\/?p=4810"},"modified":"2023-09-28T09:02:20","modified_gmt":"2023-09-28T07:02:20","slug":"la-via-maestra-manifestazione-nazionale-a-roma-il-7-ottobre","status":"publish","type":"post","link":"http:\/\/www.associazione-apertamente.org\/m\/2023\/09\/28\/la-via-maestra-manifestazione-nazionale-a-roma-il-7-ottobre\/","title":{"rendered":"La via Maestra &#8211; Manifestazione nazionale a Roma il 7 ottobre"},"content":{"rendered":"\n<p>La Costituzione italiana \u2013 nata dalla Resistenza \u2013 delinea un modello di democrazia e di societ\u00e0 che pone alla base della Repubblica il lavoro, l\u2019uguaglianza di tutte le persone, i diritti civili e sociali fondamentali che lo Stato, nella sua articolazione istituzionale unitaria, ha il dovere primario di promuovere attivamente rimuovendo \u201cgli ostacoli di ordine economico e sociale, che, limitando di fatto la libert\u00e0 e l&#8217;eguaglianza dei cittadini, impediscono il pieno sviluppo della persona umana e l&#8217;effettiva partecipazione di tutti i lavoratori all&#8217;organizzazione politica, economica e sociale del Paese\u201d.<br>Per questo rivendichiamo che i diritti fondamentali sanciti dalla Costituzione tornino ad essere pienamente riconosciuti e siano resi concretamente esigibili ad ogni latitudine del Paese (da nord a sud, dalle grandi citt\u00e0 alle periferie, dai centri urbani alle aree interne), a partire da:<br>\u25ba<br>il diritto al lavoro stabile, libero, di qualit\u00e0 \u2013 fulcro di un modello di sviluppo sostenibile fondato su nuove politiche industriali\u2013 superando la precariet\u00e0 dilagante, contrastando il lavoro povero e sfruttato, aumentando i salari, col rinnovo dei contratti, e le pensioni oltre al superamento della Legge Fornero. \u00c8 il momento di introdurre il salario minimo, dare valore generale ai contratti, approvare la legge sulla rappresentanza, strumenti essenziali per contrastare i contratti pirata.<br>\u25ba<br>il diritto alla salute e un Servizio Sanitario Nazionale e un sistema socio sanitario pubblico, solidale e universale, a cui garantire le necessarie risorse economiche, umane e organizzative, per contrastare il continuo indebolimento della sanit\u00e0 pubblica, recuperare i divari nell\u2019assistenza effettivamente erogata, a partire da quella territoriale, e valorizzare il lavoro di cura; investimento sul personale con un piano straordinario pluriennale di assunzioni che vada oltre le stabilizzazioni e il turnover, superi la precariet\u00e0 e valorizzi le professionalit\u00e0; sostegno alle persone non autosufficienti; tutela della salute e sicurezza sul lavoro, rilanciando il ruolo della prevenzione. Solo cos\u00ec si garantisce la piena applicazione dell\u2019articolo 32 della Costituzione.<br>\u25ba<br>il diritto all\u2019istruzione, dall\u2019infanzia ai pi\u00f9 alti gradi, e alla formazione permanente e continua, perch\u00e9 il diritto all\u2019apprendimento sia garantito a tutti e tutte e per tutto l\u2019arco della vita.<br>\u25ba<br>il contrasto a povert\u00e0 e diseguaglianze e la promozione della giustizia sociale, garantendo il diritto all\u2019abitare e un reddito per una vita dignitosa. Il governo va in altra direzione e cancella il Reddito di cittadinanza lasciando tante persone senza alcun sostegno.<br>\u25ba<br>il diritto a un ambiente sano e sicuro in cui vengono tutelati acqua, suolo, biodiversit\u00e0 ed ecosistemi. Per questo \u00e8 grave aver tolto dal PNRR le risorse sul dissesto idrogeologico, tanto pi\u00f9 a fronte delle alluvioni che hanno colpito alcune regioni del Paese e di una crisi climatica che va affrontata con una transizione ecologica fondata sulla difesa e valorizzazione del lavoro e di un\u2019economia rinnovata e sostenibile.<br>\u25ba<br>una politica di pace intesa come ripudio della guerra e con la costruzione di un sistema di difesa integrato con la dimensione civile e nonviolenta.<\/p>\n\n\n\n<p>Questi diritti possono essere riaffermati e rafforzati solo attraverso una redistribuzione delle risorse e della ricchezza che chieda di pi\u00f9 a chi ha di pi\u00f9 per garantire a tutti e a tutte un sistema di welfare pubblico e universalistico che protegga e liberi dai bisogni, a cominciare da una riforma fiscale basata sui principi di equit\u00e0, generalit\u00e0 e progressivit\u00e0 che sono oggi negati tanto da interventi regressivi \u2013 come, ad esempio, la flat tax \u2013 quanto da una evasione fiscale sempre pi\u00f9 insostenibile. Inoltre, giustizia sociale e giustizia ambientale e climatica devono andare di pari passo nella costruzione di un modello sociale che sia \u201cnell\u2019interesse delle future generazioni\u201d, come recita l\u2019art. 9 della nostra Costituzione.<br>Questo modello sociale \u2013 fondato su uguaglianza, solidariet\u00e0, accoglienza, e partecipazione \u2013 costituisce l\u2019antitesi del modello che vuole realizzare l\u2019attuale maggioranza di Governo con le prime scelte che ha gi\u00e0 compiuto e, soprattutto, con le misure che si appresta a varare, a partire da quelle che \u2013 se non fermate \u2013 sono destinate a scardinare le fondamenta stesse dell\u2019impianto della Repubblica, come:<br>\u25ba<br>l\u2019autonomia differenziata, rilanciata con il DDL Calderoli, che porter\u00e0 alla definitiva disarticolazione di un sistema unitario di diritti e di politiche pubbliche volte a promuovere lo sviluppo di tutti i territori;<br>\u25ba<br>il superamento del modello di Repubblica parlamentare attraverso l\u2019elezione diretta del capo dell\u2019esecutivo (presidenzialismo, semi-presidenzialismo o premierato che sia) che ridurr\u00e0 ulteriormente gli spazi di democrazia, partecipazione e mediazione istituzionale, politica e sociale, rompendo irrimediabilmente l\u2019equilibrio tra rappresentanza e governabilit\u00e0.<br>La Costituzione antifascista nata dalla Resistenza \u2013 nel riconoscere il lavoro come elemento fondativo, la sovranit\u00e0 del popolo, la responsabilit\u00e0 delle istituzioni pubbliche di garantire l\u2019uguaglianza sostanziale delle persone, i diritti delle donne, il dovere della solidariet\u00e0, la centralit\u00e0 della tutela dell\u2019ambiente e degli ecosistemi, il ripudio della guerra come strumento di risoluzione delle controversie internazionali \u2013 ha delineato un assetto istituzionale che, attraverso la centralit\u00e0 del Parlamento, fosse il pi\u00f9 idoneo ad assicurare questi principi costitutivi e a realizzare un rapporto tra cittadini\/e e istituzioni che non si esaurisce nel solo esercizio periodico del voto ma si sviluppa quotidianamente nella dialettica democratica e nella costante partecipazione collettiva della rappresentanza in tutte le sue declinazioni politiche, sociali e civili.<br>Per contrastare la deriva in corso e riaffermare la necessit\u00e0 di un modello sociale e di sviluppo che riparta dall\u2019attuazione della Costituzione, non dal suo stravolgimento, ci impegniamo in un percorso di confronto, iniziativa e mobilitazione comune che \u2013 a partire dai territori e nel pieno rispetto delle prerogative di ciascuno \u2013 rimetta al centro la necessit\u00e0 di garantire a tutte le persone e in tutto il Paese i diritti fondamentali e di salvaguardare la centralit\u00e0 del Parlamento contro ogni deriva di natura plebiscitaria fondata sull\u2019uomo o sulla donna soli al comando.<\/p>\n\n\n\n<p><\/p>\n\n\n\n<p>PER QUESTE RAGIONI E A SOSTEGNO DELL\u2019INSIEME DELLE PROPOSTE INDICATE,<br>CI IMPEGNIAMO A REALIZZARE:<br>Il 7 OTTOBRE una grande manifestazione nazionale a Roma per il lavoro, contro la precariet\u00e0, per la difesa e l\u2019attuazione della Costituzione, contro l\u2019autonomia differenziata e lo stravolgimento della nostra Repubblica parlamentare.<br>Per tutto il materiale:<br>collettiva.it\/speciali\/la-via-maestra<br>Per aderire: adesioni7ottobre@collettiva.it<\/p>\n","protected":false},"excerpt":{"rendered":"<p>La Costituzione italiana \u2013 nata dalla Resistenza \u2013 delinea un modello di democrazia e di societ\u00e0 che pone alla base della Repubblica il lavoro, l\u2019uguaglianza di tutte le persone, i diritti civili e sociali fondamentali che lo Stato, nella sua articolazione istituzionale unitaria, ha il dovere primario di promuovere attivamente rimuovendo \u201cgli ostacoli di ordine economico e sociale, che, limitando di fatto la libert\u00e0 e l&#8217;eguaglianza dei cittadini, impediscono il pieno sviluppo della persona umana e l&#8217;effettiva partecipazione di tutti<span class=\"excerpt-hellip\"> [\u2026]<\/span><\/p>\n","protected":false},"author":1,"featured_media":4811,"comment_status":"open","ping_status":"open","sticky":false,"template":"","format":"standard","meta":[],"categories":[10],"tags":[],"_links":{"self":[{"href":"http:\/\/www.associazione-apertamente.org\/m\/wp-json\/wp\/v2\/posts\/4810"}],"collection":[{"href":"http:\/\/www.associazione-apertamente.org\/m\/wp-json\/wp\/v2\/posts"}],"about":[{"href":"http:\/\/www.associazione-apertamente.org\/m\/wp-json\/wp\/v2\/types\/post"}],"author":[{"embeddable":true,"href":"http:\/\/www.associazione-apertamente.org\/m\/wp-json\/wp\/v2\/users\/1"}],"replies":[{"embeddable":true,"href":"http:\/\/www.associazione-apertamente.org\/m\/wp-json\/wp\/v2\/comments?post=4810"}],"version-history":[{"count":1,"href":"http:\/\/www.associazione-apertamente.org\/m\/wp-json\/wp\/v2\/posts\/4810\/revisions"}],"predecessor-version":[{"id":4812,"href":"http:\/\/www.associazione-apertamente.org\/m\/wp-json\/wp\/v2\/posts\/4810\/revisions\/4812"}],"wp:featuredmedia":[{"embeddable":true,"href":"http:\/\/www.associazione-apertamente.org\/m\/wp-json\/wp\/v2\/media\/4811"}],"wp:attachment":[{"href":"http:\/\/www.associazione-apertamente.org\/m\/wp-json\/wp\/v2\/media?parent=4810"}],"wp:term":[{"taxonomy":"category","embeddable":true,"href":"http:\/\/www.associazione-apertamente.org\/m\/wp-json\/wp\/v2\/categories?post=4810"},{"taxonomy":"post_tag","embeddable":true,"href":"http:\/\/www.associazione-apertamente.org\/m\/wp-json\/wp\/v2\/tags?post=4810"}],"curies":[{"name":"wp","href":"https:\/\/api.w.org\/{rel}","templated":true}]}}