{"id":4727,"date":"2023-08-11T19:53:30","date_gmt":"2023-08-11T17:53:30","guid":{"rendered":"http:\/\/www.associazione-apertamente.org\/m\/?p=4727"},"modified":"2023-08-12T20:03:33","modified_gmt":"2023-08-12T18:03:33","slug":"l8-settembre-di-gorizia","status":"publish","type":"post","link":"http:\/\/www.associazione-apertamente.org\/m\/2023\/08\/11\/l8-settembre-di-gorizia\/","title":{"rendered":"L\u20198 settembre di Gorizia"},"content":{"rendered":"\n<p>di Carlo Michelutti a cura di Marzio Lamberti<\/p>\n\n\n\n<p><strong>8 settembre<\/strong><\/p>\n\n\n\n<p><em>&#8220;Ma in sostanza signor colonnello, noi, ora, cosa dobbiamo fare ?&#8221;.<\/em>E&#8217;questa la domanda che l&#8217;8 settembre del 1943 un soldato italiano pone al suo superiore, manifestando tutta l&#8217;angoscia e tutto lo smarrimento che si diffondono nell&#8217;esercito che si sfascia ma anche nella popolazione che assiste, attonita, alla tragedia pi\u00f9 spaventosa di tutta la storia dell&#8217;Italia unita. Il Paese \u00e8 in preda ad uno sbandamento e ad un degrado materiale e morale di fronte ai quali i passati drammi nazionali come la sconfitta di Caporetto, impallidiscono.<\/p>\n\n\n\n<p>Anche a Gorizia la situazione appare estremamente confusa, resa ancora pi\u00f9 complessa da un fattore specifico e di essa peculiare &#8211; che si manifesta puntualmente ogni qualvolta la storia della citt\u00e0 volta pagina &#8211; cio\u00e8 la pressione, alle sue porte, dell&#8217;elemento slavo, nella fattispecie di quello slavo-comunista sotto forma di formazioni militari partigiane gi\u00e0 consistenti e organizzate, le quali avevano fatto capolino in citt\u00e0 addirittura il 25 luglio precedente, giorno della caduta del fascismo. I tedeschi, che avevano subodorato la defezione dell&#8217;alleato, entrano in Italia a fine agosto da Tarvisio con il Rgt. della 7l\u00b0 Divisione di fanteria comandato dal col. Krancke, attestandosi a Moggio. Le formazioni di Tito, come testimonia Teodoro Francesconi nel suo libro <em>&#8220;Gorizia 1940-1945<\/em>&#8220;, gi\u00e0 il 3 settembre addirittura conoscono la data precisa dell&#8217;armistizio, probabilmente informate da una delle numerose missioni alleate presenti nelle file della resistenza jugoslava. Ci troviamo di fronte alla situazione paradossale per cui i nostri avversari prevedono o conoscono l&#8217;evolversi degli avvenimenti, mentre i comandi italiani ne sono completamente all&#8217;oscuro.<\/p>\n\n\n\n<p>Nella zona di Gorizia il Regio Esercito dispone di 54 mila uomini, la Div.&#8221;Julia&#8221;, la Div. &#8220;Torino&#8221; e l&#8217;82\u00b0 Rgt. Fanteria in citt\u00e0, e il 9\u00b0 Alpini a Tolmino. Uno schieramento massiccio, quindi, e pi\u00f9 che sufficiente &#8211; se non fossero sopravvenuti il crollo e la sindrome del &#8220;tutti a casa&#8221; &#8211; ad arginare non solo gli attacchi tedeschi, ma anche quelli dei reparti di Tito (non aveva precisato il proclama armistiziale di Badoglio che le forze armate regie <em>&#8220;&#8230;reagiranno ad eventuali attacchi da qualsiasi altra provenienza&#8221;<\/em>?).<\/p>\n\n\n\n<p><strong>9 settembre<\/strong><\/p>\n\n\n\n<p>&nbsp;Il giorno 9 i tedeschi del 171\u00b0 Rgt. Artiglieria del col. Scharenberg giungono a Salcano, ma l\u00ec segnano il passo fino al giorno 11 di fronte alla Divisione &#8220;Torino&#8221;. Intanto formazioni partigiane jugoslave prendono possesso di Vertoiba, di San Pietro e di Sant&#8217;Andrea. In citt\u00e0 gi\u00e0 dalla sera dell&#8217;8 settembre ha inizio, come del resto in tutte le citt\u00e0 italiane, il saccheggio di caserme e di depositi militari. In un caos indescrivibile la gente d\u00e0 l&#8217;assalto alla caserma del Fante in via Duca d&#8217;Aosta sottraendo viveri e vestiario, mentre partigiani sloveni prelevano armi e munizioni, e in alcune caserme gli stessi militari che le stanno abbandonando &#8220;spaccano tutto&#8221;. Vittorio Pettarin nella sua cronaca <em>&#8220;Accadde a Gorizia l943-1945<\/em>&#8221; ricorda che alcune vie erano percorse da cavalli imbizzarriti. Un uomo riusc\u00ec ad issarsi su uno di essi e a guidare la folla tumultuante verso la caserma dell&#8217;artiglieria mentre altri gruppi si dirigevano verso l\u2019aeroporto<\/p>\n\n\n\n<p><strong>10 settembre<\/strong><\/p>\n\n\n\n<p>Il mattino del giorno 10 una folla proveniente dalle frazioni, molti i bambini e le donne, sventolando bandiere con la stella rossa giunge in citt\u00e0 e ascolta i discorsi, in sloveno e in italiano, che alcuni capi partigiani pronunciano dal balcone del Municipio. Nel pomeriggio i partigiani ottengono dal presidio militare il permesso di tenere un comizio in Piazza della Vittoria che verr\u00e0 interrotto dal gesto di un ufficiale dell&#8217;Aeronautica che strappa una bandiera jugoslava issata sulla fontana del Pacassi. Si forma allora un corteo, nel quale si notano molte donne in costume, che salutando con il pugno chiuso, percorre le vie cittadine. Gli studenti delle scuole superiori organizzano un loro corteo intonando l&#8217;Inno di Mameli. Si incrociano all&#8217;altezza del caff\u00e8 Teatro con i dimostranti slavi, ma senza scontrarsi.<\/p>\n\n\n\n<p>Lo stesso giorno 10 i partigiani ottengono dal comando di presidio la scarcerazione di tutti i prigionieri politici e militari a Gorizia e a Gradisca e dalle carceri &#8220;sussidiarie&#8221; di Sdraussina e Castagnevizza. Sono circa <strong>duemila<\/strong>, in prevalenza sloveni. Sfilano anch&#8217;essi per la citt\u00e0 festeggiati dai dimostranti. I tedeschi si trovano ormai nei sobborghi settentrionali della citt\u00e0 ma non dispongono di forze sufficienti per debellare la resistenza partigiana. Uno scontro durissimo, che dura sette ore, si svolge nella zona di Valdirose con i mortai partigiani che sparano dal San Marco mentre i tedeschi rispondono dal Castello.<\/p>\n\n\n\n<figure class=\"wp-block-image size-large\"><img loading=\"lazy\" width=\"326\" height=\"422\" src=\"http:\/\/www.associazione-apertamente.org\/m\/wp-content\/uploads\/2023\/08\/viascoli.jpg\" alt=\"\" class=\"wp-image-4732\" srcset=\"http:\/\/www.associazione-apertamente.org\/m\/wp-content\/uploads\/2023\/08\/viascoli.jpg 326w, http:\/\/www.associazione-apertamente.org\/m\/wp-content\/uploads\/2023\/08\/viascoli-232x300.jpg 232w, http:\/\/www.associazione-apertamente.org\/m\/wp-content\/uploads\/2023\/08\/viascoli-113x146.jpg 113w, http:\/\/www.associazione-apertamente.org\/m\/wp-content\/uploads\/2023\/08\/viascoli-39x50.jpg 39w, http:\/\/www.associazione-apertamente.org\/m\/wp-content\/uploads\/2023\/08\/viascoli-58x75.jpg 58w\" sizes=\"(max-width: 326px) 100vw, 326px\" \/><\/figure>\n\n\n\n<p><strong>11 settembre<\/strong><\/p>\n\n\n\n<p>La sera del giorno 11 i tedeschi occupano le stazioni Centrale e Montesanto e vi sistemano un piccolo reparto del genio ferrovieri. Sia i tedeschi che i partigiani parlamentano con il generale Malaguti comandante della Div. Torino per indurlo a schierarsi dall&#8217;una o dall&#8217;altra parte: i primi lo fanno con il col. Scharenberg, i secondi tramite il cap. William Jones, membro di una missione alleata presso l&#8217;armata di Tito. Il gen.Malaguti tergiversa:quando poi sembra decidere, \u00e8 troppo tardi, poich\u00e9 i soldati hanno gi\u00e0 abbandonato le caserme. Emerge qui una delle vicende pi\u00f9 amare di quelle infelici giornate. Migliaia di soldati laceri e affamati si riversano per la citt\u00e0 cercando abiti civili e chiedendo la direzione per tornare alle loro case. I tedeschi li insultano e li malmenano per le strade e li radunano nel campo Baiamonti, nel centro del quale si forma in breve un&#8217;enorme catasta di armi. Dalle tribune, ricorda Vittorio Pettarin, un altoparlante diffonde le note di un valzer di Strauss. I tedeschi che sorvegliano i prigionieri sono pochissimi, molti giovanissimi, con le loro divise estive dai calzoni corti.<\/p>\n\n\n\n<div class=\"wp-block-group\"><div class=\"wp-block-group__inner-container\">\n<blockquote class=\"wp-block-quote\"><p><strong><em>Dalle memorie di Piero Lamberti di Gorizia Sergente del 23\u00b0 Rgt. di Fanteria operante in Jugoslavia<\/em><\/strong><\/p><p><strong>8 settembre<\/strong><\/p><p>\u00a0Il giorno 8 settembre 1943 fui inviato dal Comando del 23\u00b0 Fanteria di stanza a Novo Mesto (Slovenia) a Gorizia per consegnare alcuni documenti al Comando deposito del Reggimento sito nella mia citt\u00e0 in via Duca D\u2019Aosta. Lungo il tragitto, alla stazione di Postumia (Slovenia), appresi dell\u2019armistizio dalla radio. Giunto a Gorizia mi recai al Comando cui consegnai i documenti.<\/p><p><strong>10 settembre<\/strong><\/p><p>Il giorno 10 settembre i Tedeschi occuparono la Caserma ordinando di consegnare tutte le armi in dotazione e quelle nei depositi, armi che furono ammassate nel cortile centrale. Poi ci radunarono e chiesero chi intendeva continuare a vestire la divisa. Chi avrebbe rifiutato sarebbe stato inviato nei campi di concentramento in Germania. Pochi aderirono. Tutti gli altri furono trasferiti e rinchiusi nel campo di calcio di via Baiamonti, poco distante, dove restammo all\u2019aperto fino al giorno dopo.<\/p><p><strong>11 settembre<\/strong><\/p><p>\u00a0Il giorno 11 settembre alle ore 10 ci ordinarono di metterci in fila e ci portarono incolonnati alla Stazione Transalpina dove ci fecero salire sui carri bestiame. Qui, in attesa della partenza, vidi mia moglie con in braccio mio figlio che proprio due giorni prima aveva compiuto due anni. Poi un militare tedesco li allontan\u00f2 e chiuse la porta del vagone. C\u2019erano alla Stazione tante persone poich\u00e9 la voce della cattura dei militari italiani si era sparsa ovunque per la citt\u00e0. Il treno stipato all\u2019inverosimile part\u00ec lungo la nostra valle dell\u2019Isonzo passando per Canale, Caporetto, Tolmino e poi Jesenice (Slovenia), e su verso l\u2019Austria e la Germania\u2026&#8230;<\/p><\/blockquote>\n<\/div><\/div>\n\n\n\n<p><strong>notte dell&#8217;11 settembre<\/strong><\/p>\n\n\n\n<p>La notte dell&#8217;11 settembre i partigiani occupano la Stazione centrale e organizzano la resistenza; qui i tedeschi, ai quali si \u00e8 affiancata 1&#8217;88\u00b0 compagnia controcarro dell&#8217;8\u00b0 alpini che il generale Zannini, comandante del XXIV Corpo d&#8217;Armata, ha pensato bene di mandare da Udine a dare man forte ai tedeschi che, come sottolinea Teodoro Francesconi, &#8220;solo a Gorizia subiscono una battuta d&#8217;arresto&#8221; .<\/p>\n\n\n\n<p>Inizia quella che verr\u00e0 chiamata la <strong>&#8220;Battaglia di Gorizia&#8221;.<\/strong> Circa duemila uomini, in gran parte provenienti dai cantieri di Monfalcone, formano la <strong>&#8220;Brigata proletaria<\/strong>&#8220;, uomini che, secondo il Francesconi (che \u00e8 un ex combattente del Btg- Bersaglieri Mussolini, della Rsi) &#8220;assumono veste di protagonisti&#8221; occupando una posizione di primo piano.L&#8217; importanza della &#8220;Battaglia di Gorizia&#8217; viene rimarcata e addirittura enfatizzata proprio dai comandi tedeschi e dai bollettini del Quartier Generale del Fuhrer che, rilevata l&#8217;attivit\u00e0, nelle zone ad oriente di Gorizia di <em>&#8220;ribelli sloveni insieme con gruppi di comunisti italiani&#8221;<\/em>, ne segnalano le inverosimili perdite di &#8220;oltre mille morti e migliaia di prigionieri&#8221;.<\/p>\n\n\n\n<p>Un rapporto della Questura repubblichina di Gorizia inviato al Ministro dell&#8217;Interno nell&#8217;aprile 1944 segnala che dopo il 10 settembre, contro i partigiani che <em>&#8220;hanno occupato tutta la provincia non escluse, sebbene con forze modeste, Gorizia e le localit\u00e0 friulane, le truppe germaniche hanno dovuto affrontare un problema di ordine militare e non di polizia<\/em>&#8220;. Il rapporto aggiunge che. <em>&#8220;&#8230;solamente l&#8217;uso di mezzi bellici preponderanti quali artiglierie, l&#8217;aviazione e i carri armati \u00e8 valso a far sgomberare i ribelli dal capoluogo e da altri comuni nonch\u00e9 dalle vie di comunicazione di maggiore importanza&#8221;<\/em> .<\/p>\n\n\n\n<p><strong>12 settembre<\/strong><\/p>\n\n\n\n<p>&nbsp;Alla Stazione centrale di Gorizia la mattina del giorno 12 si contano <strong>i primi caduti italiani della Resistenza.<\/strong> La &#8220;Battaglia di Gorizia&#8221; e l&#8217;apporto italiano assumono un significato simbolico, politico e civile straordinario, meritevole di ulteriori riflessioni intorno alla sua natura a met\u00e0 strada tra sollevazione spontanea e i prodromi di una lotta ideologicamente e militarmente organizzata.<\/p>\n\n\n\n<figure class=\"wp-block-image size-large\"><img loading=\"lazy\" width=\"292\" height=\"375\" src=\"http:\/\/www.associazione-apertamente.org\/m\/wp-content\/uploads\/2023\/08\/selz-cippo-1.png\" alt=\"\" class=\"wp-image-4731\" srcset=\"http:\/\/www.associazione-apertamente.org\/m\/wp-content\/uploads\/2023\/08\/selz-cippo-1.png 292w, http:\/\/www.associazione-apertamente.org\/m\/wp-content\/uploads\/2023\/08\/selz-cippo-1-234x300.png 234w, http:\/\/www.associazione-apertamente.org\/m\/wp-content\/uploads\/2023\/08\/selz-cippo-1-114x146.png 114w, http:\/\/www.associazione-apertamente.org\/m\/wp-content\/uploads\/2023\/08\/selz-cippo-1-39x50.png 39w, http:\/\/www.associazione-apertamente.org\/m\/wp-content\/uploads\/2023\/08\/selz-cippo-1-58x75.png 58w\" sizes=\"(max-width: 292px) 100vw, 292px\" \/><\/figure>\n\n\n\n<p>&nbsp;P<strong>omeriggio del 12 settembre<\/strong> .<\/p>\n\n\n\n<p>Nel tardo pomeriggio del 12 settembre i tedeschi entrano in forze a Gorizia dove, secondo la giornalista Jolanda Pisani <em>&#8220;una notevole folla di cittadini si era raccolta per salutare con fiori, bandiere e battimani&nbsp; l&#8217;arrivo delle truppe germaniche&#8221;.<\/em> Vale la pena di sottolineare, a conferma delle contraddizioni del momento, che si tratta di quelle stesse truppe contro le quali appena qualche ora prima partigiani italiani si erano battuti nello scontro alla stazione Centrale (e le stesse truppe che con molta diligenza deporteranno tutta la comunit\u00e0 ebraica di Gorizia il 23 novembre successivo). Il grosso delle truppe tedesche era stato preceduto da un carro armato che si era fermato davanti al caff\u00e8 Garibaldi. I carristi erano scesi ed erano entrati nel caff\u00e8 dove, come ricorda Vittorio Pettarin, hanno ordinato una bottiglia di cognac <em>&#8220;attorniati e complimentati dalla gente&#8221;. <\/em>Le testimonianze di una accoglienza favorevole della cittadinanza sono numerose; perfino &#8220;Vanni&#8221; Padovan, commissario della &#8220;Garibardi-Natisone&#8221;, riconoscer\u00e0 nelle sue memorie che <em>&#8220;..non solo i grandi padroni accolgono con entusiasmo le truppe germaniche, ma tutta la piccola borghesia cittadina fece un&#8217;accoglienza festosa ai nazisti perch\u00e9 si pensava che avrebbero portato l&#8217;ordine e la legge&#8221;.<\/em> Aggiunge Jolanda Pisani : <em>&#8216;Nella loro mente (dei Goriziani),confusa e smarrita nel caos che regnava sovrano da tre giorni e soprattutto dal terrore che la citt\u00e0 venisse occupata dagli slavi &#8230;s&#8217;era profilata la speranza che i tedeschi avessero riportato l&#8217;ordine e tutelata e difesa l&#8217;italianit\u00e0 di Gorizia&#8221;.<\/em><\/p>\n\n\n\n<blockquote class=\"wp-block-quote\"><p><strong>Dalle memorie di Vilma Braini staffetta partigiana deportata a Bergen-Belsen<\/strong><\/p><p>Vilma nasce il 14 giugno del 1928 a Gorizia. La famiglia \u00e8 di origine slovena. Vive e cresce a S. Andrea. Nel 1943 il padre di Vilma viene arruolato forzatamente in quanto sloveno nei Battaglioni speciali e mandato prima a Melfi e poi in Sardegna. Da\u00a0 questo drammatico fatto,\u00a0\u00a0 Vilma prende coscienza dell\u2019oppressione razziale nei confronti degli sloveni. <em>\u201cPerch\u00e9 non si poteva parlare sloveno?\u201d<\/em> Era la domanda che fece fare a Vilma la scelta dell\u2019antifascismo<\/p><p><strong>8 settembre e nei giorni seguenti. <\/strong><\/p><p>Si trova insieme ai ragazzi che come lei collaboravano con i partigiani, sul ponte 8 agosto a raccogliere le armi che i militari italiani in fuga abbandonavano per tornarsene a casa, armi che venivano inviate\u00a0 ai partigiani gi\u00e0 da un anno\u00a0 operativi poco oltre Gorizia. Diventa staffetta partigiana. Appena sedicenne viene arrestata prima dalle SS e in seguito anche dalla X Mas e incarcerata due volte a Gorizia per la sua attivit\u00e0 di staffetta e di informatrice del movimento partigiano. Il 24 febbraio 1945 Vilma viene deportata come prigioniera politica prima\u00a0 nel campo\u00a0 di concentramento\u00a0\u00a0 di Ravensbruch e poi in quello\u00a0 di Bergen-Belsen. Riesce a sopravvivere con grandi sofferenze fino alla liberazione. Ritorna a casa nel giugno del 1945. Aveva 17 anni appena compiuti.<\/p><\/blockquote>\n\n\n\n<p>Nei giorni successivi &#8211; Tenuto conto della composizione sociale della citt\u00e0 e della situazione politico-militare incredibilmente complessa e infausta, bisogna riconoscere che si tratta di atteggiamenti che appaiono comprensibili. Sta di fatto che i tedeschi non tuteleranno per niente l&#8217;italianit\u00e0 di Gorizia, anzi faranno di tutto per soffocarla. I valori e i sentimenti di italianit\u00e0 della citt\u00e0 non furono mai cos\u00ec mortificati come nel settembre &#8217;43 e nei mesi successivi. Teodoro Francesconi scriver\u00e0 che Gorizia &#8220;<em>gi\u00e0 avamposto orgoglioso della nazione<\/em>&#8220;, ora si vede da essa abbandonata e minacciata da due eserciti stranieri. La successiva amministrazione germanica del Litorale Adriatico privileger\u00e0 la componente economico-amministrativa legata alla tradizione asburgica, e anche gli sloveni, riaprendo i loro circoli e le loro scuole. Ai posti di responsabilit\u00e0 verranno chiamati ex ufficiali dell&#8217;esercito A.U., come il conte Marino Pace che diventer\u00e0 Prefetto della provincia, il quale amava definire gli italiani &#8220;beduini&#8221;. Davanti a questi fatti e durante questo tormentato periodo l&#8217;atteggiamento &#8220;politico&#8221; della citt\u00e0 rivela una pressoch\u00e9 totale estraneit\u00e0. Latita in particolare la presenza di un organismo militare e politico cittadino. Il CLN, che si era fatto vivo il 2 settembre con un esposto al Prefetto tendente a vedere ristabilite in citt\u00e0 le libert\u00e0 democratiche, \u00e8 poi completamente assente lungo tutto il mese e, quindi, nel corso della Battaglia di Gorizia. <em>&#8220;La giovent\u00f9 di citt\u00e0 &#8211; <\/em>osserver\u00e0 Emilio Mulitsch<em> -rimase quasi assente&#8221;<\/em> . Scriver\u00e0 Roberto Spazzali: &#8220;<em>In Gorizia non esisteva una formazione armata partigiana italiana organicamente riconoscibile<\/em>&#8220;- il rapporto della Questura di Gorizia dall&#8217;aprile del &#8217;44, gi\u00e0 citato, preciser\u00e0 che <em>&#8220;di gruppi partigiani facenti capo al comitato di liberazione nazionale non si ha qui sentore di esistenza&#8221;<\/em>. In uno scenario cos\u00ec convulso e disperato si avverte il bisogno di cogliere un segno di normalit\u00e0 nello scorrere della vita quotidiana della citt\u00e0. I giornali ricompaiono con le cronache locali soltanto il 20 settembre e, accanto alla notizia che nella serata del 12 una colonna di SS germaniche \u00e8 entrata a Gorizia &#8220;attraverso i due corsi imbandierati&#8221; avvertono che il servizio di autobus funziona regolarmente e anche quello ferroviario &#8220;tranne quello per Trieste&#8221;. Vittorio Pettarin riferisce <em>&#8220;Trascorsero alcuni giorni, in citt\u00e0 ritorn\u00f2 la quiete. La gente usciva dalle case per la passeggiata lungo il corso. Coprifuoco o no rincasava alle ore nove. Questa, dei goriziani, era una vecchia abitudine&#8221;<\/em>. Il settimanale della Curia isontina <em>&#8220;L&#8217;Idea del Popolo<\/em>&#8221; pubblica il suo ultimo numero il 12 settembre con la cronaca delle funzioni religiose svoltesi proprio l&#8217;8 settembre, ricorrenza della Nativit\u00e0 di Maria Vergine, nel Santuario di Montesanto. Vi hanno partecipato tremila fedeli, di cui mille ottocento hanno ricevuto la Santa Comunione. <em>&#8220;L&#8217;Idea del Popolo&#8221;<\/em> pubblica il proclama armistiziale di Badoglio, ma non rinuncia a richiamare i fedeli all&#8217;osservanza dei principi della morale cristiana, fra i quali quello della modestia nel contegno e nel vestire. Quasi accanto al testo del comunicato del maresciallo Badoglio appare il seguente appello <em>:&#8221;Signorine! Signorine! Andando a quel modo in bicicletta, sedendo a quel modo in luogo pubblico, date scandalo! Sarete responsabili di tanti e tanti peccati! Pensateci e pensate anche alla vostra anima!&#8221;.<\/em> Un segno di normalit\u00e0, almeno questo.<\/p>\n\n\n\n<blockquote class=\"wp-block-quote\"><p><strong>La divisione Torino<\/strong><\/p><p><strong>7 settembre <\/strong><\/p><p>\u00a0Ed ecco come il generale Malaguti comandante della Divisione Torino descrive la prima fase della battaglia: <em>&#8220;Alta data del 7 settembre la Divisione era ripartita in tre nuclei: uno nella zona Monte Santo &#8211; Sabotino\u00a0 ); un secondo a Zolla (ora Col, frazione di Aidussina -nda) ; il terzo a Prevallo (ora Razdrto, frazione di Postumia sulla strada Postumia-Aidussina nda) . A Gorizia era dislocato il solo Comando di divisione. Compito dei distaccamenti era di impedire ai tedeschi di venire su Gorizia: per\u00f2 se questi si fossero presentati in forze superiori, parlamentare per cercare di farli desistere; cercare di non essere disarmati; alla violenza opporre la violenza&#8221;. <\/em><\/p><p><strong>8 -11 settembre<\/strong><\/p><p>\u00a0La Divisione ebbe due scontri coi tedeschi, rispettivamente in Val d&#8217;Isonzo, tra Monte Santo e Sabotino (82\u00b0 Fanteria) e a Prevallo (81\u00b0Fanteria). Il primo fu causato dal fatto che le truppe tedesche di fondo Valle Isonzo agli ordini del colonnello Scharemberg tendevano ad impossessarsi del ponte di Salcano;\u00a0\u00a0 Il secondo fu originato dal fatto che un battaglione del 81\u00b0 Fanteria che doveva sistemarsi su una quota che delimitava da sud l&#8217;occupazione della stretta di Prevallo, la trov\u00f2 occupata da truppe tedesche; ne nacque un combattimento in seguito al quale i tedeschi dovettero abbandonare la posizione;\u00a0\u00a0 &#8211; La &#8220;Torino&#8221;, dunque, respinse tutti gli attacchi tedeschi dal 9 all&#8217;11 settembre.<\/p><p><strong>\u00a012 settembre<\/strong>.<\/p><p>\u00a0La &#8220;Torino dovette ripiegare, imbattuta, per ordine del Comando del 24\u00b0Corpo d&#8217;Armata di Udine. il 12 settembre i tedeschi poterono cos\u00ec occupare Gorizia.<\/p><p>\u00a0La resistenza dei fanti italiani della Torino, delle Guardie alla Frontiera e degli alpini della Julia a Gorizia, in val Bacia, nella zona Aidussina &#8211; Postumia, nell&#8217;Alto Isonzo, nell&#8217;Alto Friuli ed a Tarvisio (che blocc\u00f2 l&#8217;avanzata tedesca fino al 12 settembre) aveva tuttavia dato il tempo agli operai di Monfalcone di organizzarsi, di costituirsi in &#8220;Brigata Proletaria&#8221; e dl combattere insieme ai partigiani sloveni, per altre due settimane.\u00a0 I militari italiani pagarono per questo loro comportamento un grosso tributo: 157 caduti dei quali 29 fanti della &#8220;Torino&#8221; catturati dai tedeschi a Salcano, fucilati e sepolti in una vecchia trincea a Sella Montesanto<\/p><p><strong>Italico Chiarion.\u00a0 La divisione Torino e il ruolo dell\u2019esercito italiano nella battaglia di Gorizia. sintesi<\/strong><\/p><\/blockquote>\n\n\n\n<blockquote class=\"wp-block-quote\"><p><strong>La Brigata Proletaria<\/strong><\/p><p><strong>8-9 settembre.<\/strong><\/p><p>gli operai dei C.R.D.A. di Monfalcone e di altre fabbriche, erano gi\u00e0 preparata a combattere<\/p><p>nasce un Comitato d\u2019azione.<\/p><p><strong>10 settembre<\/strong><\/p><p>\u00a0A Monfalcone un grande comizio, con la partecipazione di migliaia di operai. Molti operai monfalconesi, ancora in tuta da lavoro, ma armati, iniziarono a confluire a Cave di Selz, nei pressi di Ronchi,\u00a0 per organizzare la difesa del territorio dall&#8217;invasione nazista.<\/p><p><strong>11 settembre <\/strong><\/p><p>Viene costituita la brigata italiana divisa in tre battaglioni che venne chiamata Brigata Proletaria. Ad essi si unirono anche alcuni ufficiali e soldati antifascisti dell&#8217;ormai dissolto regio esercito italiano . A comandare un battaglione fu designato anche un goriziano ufficiale dell\u2019esercito italiano.<\/p><p><strong>notte fra l\u201911 e il 12 settembre.<\/strong><\/p><p>\u00a0I partigiani della \u201cBrigata Proletaria\u201d (circa 1.000-1.500 combattenti in buona parte operai del monfalconese), che si \u00e8 costituita poche ore prima a Ville Montevecchio ed a cui il comando sloveno ha affidato il compito di controllare le vie di comunicazione per Trieste e di chiudere gli accessi alla valle del Vipacco, prendono posizione alla periferia meridionale di Gorizia. I reparti proletari occupano il paese di Merna ed il campo di aviazione, dove vengono danneggiate le installazioni militari e bruciati alcuni velivoli negli hangar, fanno saltare il ponte ferroviario di Rubbia e distruggono un tratto di binari provocando l\u2019interruzione della linea ferroviaria per Trieste.<\/p><p><strong>\u00a012 settembre <\/strong><\/p><p>Reparti del secondo battaglione, occupano la stazione ferroviaria centrale di Gorizia, mentre il primo ed il terzo battaglione sono schierati tra Gabria e Merna con il compito d\u2019interrompere le strade e la linea Trieste Gorizia, cosa che viene eseguita con la distruzione dei ponti sul Vipacco.<\/p><p><strong>26 settembre<\/strong> Il successivo impiego di gran parte degli effettivi della 24\u00b0 Panzer-Division del 2\u00b0 Panzerkorp-SS, che si unirono alla 71\u00aa divisione di fanteria, infranse la resistenza dei partigini italiani e sloveni che abbandonarono l&#8217;ultimo ridotto in loro possesso, Merna. Nei giorni successivi ci furono, per la sola Brigata Proletaria, circa un centinaio tra morti e dispersi oltre ad un numero ben maggiore di feriti. A tali perdite si devono aggiungere quelle di parte slovena, mai quantificate.<\/p><p><strong>Luciano Patat \u2013 La battaglia di Gorizia del settembre 1943\u00a0 (in \u201cStoria contemporanea in Friuli\u201d, anno XXXIV \u2013 2004, n. 35) sintesi<\/strong><\/p><\/blockquote>\n\n\n\n<p><\/p>\n\n\n\n<p><strong><em>Carlo Michelutti<\/em><\/strong><em>.\u00a0 <\/em><\/p>\n\n\n\n<p><em>Laureato in Giurisprudenza si era trasferito a Gorizia dove aveva ricoperto per lunghi anni importanti incarichi dirigenziali in Comune nei settori economici e programmatori. Andato in pensione nei primi anni novanta il suo nome fu proposto come candidato sindaco per il centro sinistra per le elezioni amministrative del 1994. Nel 1995 inizi\u00f2 la sua collaborazione con NotizieNovice e poi nel 2008 con GoriziaEruopa. Di grande spessore la sua collaborazione con Isonzo-So\u010da <\/em><em><\/em><\/p>\n\n\n\n<figure class=\"wp-block-image size-large\"><img loading=\"lazy\" width=\"129\" height=\"181\" src=\"http:\/\/www.associazione-apertamente.org\/m\/wp-content\/uploads\/2023\/08\/tyrt5.jpg\" alt=\"\" class=\"wp-image-4728\" srcset=\"http:\/\/www.associazione-apertamente.org\/m\/wp-content\/uploads\/2023\/08\/tyrt5.jpg 129w, http:\/\/www.associazione-apertamente.org\/m\/wp-content\/uploads\/2023\/08\/tyrt5-104x146.jpg 104w, http:\/\/www.associazione-apertamente.org\/m\/wp-content\/uploads\/2023\/08\/tyrt5-36x50.jpg 36w, http:\/\/www.associazione-apertamente.org\/m\/wp-content\/uploads\/2023\/08\/tyrt5-53x75.jpg 53w\" sizes=\"(max-width: 129px) 100vw, 129px\" \/><\/figure>\n\n\n\n<p><em>Poi progressivamente spost\u00f2 la sua attenzione sulla storia della citt\u00e0 e sulla storia europea che coinvolgeva Gorizia con preziosi articoli sull\u2019esodo e sulla composizione etnica della citt\u00e0 e sui rapporti transfrontalieri Scrisse pi\u00f9 articoli sulle due Gorizia denunciando le due diverse velocit\u00e0 con cui si muovevano. Soprattutto i \u201dprofessionisti\u201d delle tensioni tra le due comunit\u00e0.\u201d<\/em><em><\/em><\/p>\n\n\n\n<p><em>Di rilievo le sue ricerche sulla resistenza a sull\u2019area giuliana. Particolarmente approfondita la sua analisi sulle giornate attorno all\u20198 settembre 1943, una delle pochissime della citt\u00e0 stretta tra due eserciti. <\/em><em><\/em><\/p>\n\n\n\n<p><em>La sua collaborazione termin\u00f2 nel 2014 anno in cui ritorn\u00f2 a vivere nel suo paese d\u2019origine.<\/em><em><\/em><\/p>\n\n\n\n<p><em>E\u2019 morto nel 2021. <\/em><strong><em><\/em><\/strong><\/p>\n","protected":false},"excerpt":{"rendered":"<p>di Carlo Michelutti a cura di Marzio Lamberti 8 settembre &#8220;Ma in sostanza signor colonnello, noi, ora, cosa dobbiamo fare ?&#8221;.E&#8217;questa la domanda che l&#8217;8 settembre del 1943 un soldato italiano pone al suo superiore, manifestando tutta l&#8217;angoscia e tutto lo smarrimento che si diffondono nell&#8217;esercito che si sfascia ma anche nella popolazione che assiste, attonita, alla tragedia pi\u00f9 spaventosa di tutta la storia dell&#8217;Italia unita. Il Paese \u00e8 in preda ad uno sbandamento e ad un degrado materiale e<span class=\"excerpt-hellip\"> [\u2026]<\/span><\/p>\n","protected":false},"author":1,"featured_media":4729,"comment_status":"open","ping_status":"open","sticky":false,"template":"","format":"standard","meta":[],"categories":[13],"tags":[],"_links":{"self":[{"href":"http:\/\/www.associazione-apertamente.org\/m\/wp-json\/wp\/v2\/posts\/4727"}],"collection":[{"href":"http:\/\/www.associazione-apertamente.org\/m\/wp-json\/wp\/v2\/posts"}],"about":[{"href":"http:\/\/www.associazione-apertamente.org\/m\/wp-json\/wp\/v2\/types\/post"}],"author":[{"embeddable":true,"href":"http:\/\/www.associazione-apertamente.org\/m\/wp-json\/wp\/v2\/users\/1"}],"replies":[{"embeddable":true,"href":"http:\/\/www.associazione-apertamente.org\/m\/wp-json\/wp\/v2\/comments?post=4727"}],"version-history":[{"count":2,"href":"http:\/\/www.associazione-apertamente.org\/m\/wp-json\/wp\/v2\/posts\/4727\/revisions"}],"predecessor-version":[{"id":4750,"href":"http:\/\/www.associazione-apertamente.org\/m\/wp-json\/wp\/v2\/posts\/4727\/revisions\/4750"}],"wp:featuredmedia":[{"embeddable":true,"href":"http:\/\/www.associazione-apertamente.org\/m\/wp-json\/wp\/v2\/media\/4729"}],"wp:attachment":[{"href":"http:\/\/www.associazione-apertamente.org\/m\/wp-json\/wp\/v2\/media?parent=4727"}],"wp:term":[{"taxonomy":"category","embeddable":true,"href":"http:\/\/www.associazione-apertamente.org\/m\/wp-json\/wp\/v2\/categories?post=4727"},{"taxonomy":"post_tag","embeddable":true,"href":"http:\/\/www.associazione-apertamente.org\/m\/wp-json\/wp\/v2\/tags?post=4727"}],"curies":[{"name":"wp","href":"https:\/\/api.w.org\/{rel}","templated":true}]}}