{"id":4695,"date":"2023-07-23T10:25:16","date_gmt":"2023-07-23T08:25:16","guid":{"rendered":"http:\/\/www.associazione-apertamente.org\/m\/?p=4695"},"modified":"2023-07-23T10:25:17","modified_gmt":"2023-07-23T08:25:17","slug":"una-campagna-elettorale-lunga-un-anno","status":"publish","type":"post","link":"http:\/\/www.associazione-apertamente.org\/m\/2023\/07\/23\/una-campagna-elettorale-lunga-un-anno\/","title":{"rendered":"Una campagna elettorale lunga un anno"},"content":{"rendered":"\n<p>di Cosimo Risi del 23\/7\/2023<\/p>\n\n\n\n<p>Si vota alle Europee nel giugno 2024, le liste saranno presentate qualche tempo prima, la campagna elettorale, senza i candidati, \u00e8 gi\u00e0 cominciata. E\u2019 singolare che il Governo italiano, a impronta sovranista, stia in prima linea nel cercare la sponda europea. Pesa l\u2019ombra lunga di Mario Draghi che nei Palazzi europei era di casa. Importa vederci riconosciuto un ruolo che non sia la pallida imitazione delle destre estreme condannate a non governare.<\/p>\n\n\n\n<p>La campagna anticipata si svolge attorno a temi alti. Sar\u00e0 il conflitto in Ucraina, sar\u00e0 la conseguenza della pandemia, saranno la crisi migratoria e il cambiamento climatico, fatto sta che i punti in discussione sono rilevanti e d\u2019interesse generale. Nessuno stato membro pu\u00f2 farcela da solo, troppo seri sono i problemi da affrontare, troppo deboli sono le singole forze da mettere in campo.<\/p>\n\n\n\n<p>Resiste il tab\u00f9 dell\u2019interesse nazionale da perseguire anche a brutto muso. Resiste l\u2019immagine di un\u2019Europa matrigna che premia chi \u00e8 gi\u00e0 in testa e trascura chi sta indietro. Nell\u2019ambizione di Italia-potenza affiora la recriminazione dell\u2019Italia emarginata dal complotto straniero.<\/p>\n\n\n\n<p>&nbsp;&nbsp;&nbsp;&nbsp;&nbsp;&nbsp;&nbsp;&nbsp;&nbsp;&nbsp;&nbsp; Nei pregiudizi c\u2019\u00e8 una traccia di verit\u00e0. Che l\u2019asse franco-tedesco persegua gli interessi nazionali anche a &nbsp;scapito dell\u2019interesse generale, \u00e8 pi\u00f9 di un\u2019ipotesi di scuola. Che gli stati membri fondatori abbiano responsabilit\u00e0 speciali \u00e8 anch\u2019essa pi\u00f9 di un\u2019ipotesi. Spetta a loro farsi protagonisti del processo d\u2019integrazione. Pi\u00f9 integrazione significa affrontare la politica europea con lo sguardo lungo.<\/p>\n\n\n\n<p>&nbsp;&nbsp;&nbsp;&nbsp;&nbsp;&nbsp;&nbsp;&nbsp;&nbsp;&nbsp;&nbsp; La guerra in Ucraina mostra la strutturale debolezza del quadro europeo. L\u2019Unione \u00e8 cos\u00ec disabituata alla prassi della guerra che reagisce attonita, si lascia guidare dall\u2019alleato americano, abbraccia la NATO con una convinzione mai prima cos\u00ec netta. Il fatto che paesi tradizionalmente neutrali come Finlandia e Svezia abbiano avvertito l\u2019urgenza di aderire all\u2019Alleanza la dice lunga circa il timore che circola anche fra i popoli pi\u00f9 distaccati. Le socialdemocrazie non allignano pi\u00f9 presso le felici isole scandinave. I conservatori prevalgono, l\u2019elettorato si riunisce attorno alla bandiera della sicurezza.<\/p>\n\n\n\n<p>&nbsp;&nbsp;&nbsp;&nbsp;&nbsp;&nbsp;&nbsp;&nbsp;&nbsp;&nbsp;&nbsp; L\u2019allargamento della NATO contrasta con l\u2019autonomia strategica europea. A meno che l\u2019autonomia non si presenti come un modo per irrobustire la presenza europea in seno all\u2019Alleanza: spendiamo di pi\u00f9 per la sicurezza, ci impegniamo sul fronte bellico, possiamo dire la nostra riguardo alle strategie.<\/p>\n\n\n\n<p>C\u2019\u00e8 da dubitare che gli stati membri siano disposti a pagare di pi\u00f9 per la NATO e, insieme, per la difesa europea. L\u2019autonomia strategica europea andr\u00e0 semmai cercata &nbsp;nelle tecnologie avanzate, nel digitale, nell\u2019intelligenza artificiale.<\/p>\n\n\n\n<p>&nbsp;&nbsp;&nbsp;&nbsp;&nbsp;&nbsp;&nbsp;&nbsp;&nbsp;&nbsp;&nbsp; Da anni, a parlare di ricerca, l\u2019Unione insegue il feticcio della concorrenza a Stati Uniti e Cina. Le conclusioni dei Consigli europei reclamano per l\u2019Unione la culla della ricerca pi\u00f9 avanzata. Rispetto ai giganti tecnologici l\u2019Unione resta terza, con la prospettiva di perdere posizioni a misura che altri soggetti si affacciano. L\u2019India \u00e8 sulla buona strada, cos\u00ec il Brasile della seconda \u201ccura Lula\u201d. A Bruxelles si \u00e8 appena svolto il vertice con i paesi latino-americani, il Presidente brasiliano ha mostrato di dettare la linea non solo per il suo continente ma per l\u2019agenda mondiale.<\/p>\n\n\n\n<p>&nbsp;&nbsp;&nbsp;&nbsp;&nbsp;&nbsp;&nbsp;&nbsp;&nbsp;&nbsp;&nbsp; E\u2019 sul tappeto la candidatura all\u2019adesione dei Balcani occidentali e dell\u2019Ucraina. E\u2019 alle porte un impetuoso allargamento a Est dopo il Big Bang dei primi Duemila. Sarebbe pernicioso affrontarlo con la strumentazione politica e istituzionale a disposizione.<\/p>\n\n\n\n<p>La tesi \u00e8 ben esposta da Sandro Gozi, il parlamentare europeo di Renew Europe (intervista a Tutti Europa ventitrenta, 20 luglio 2023). La regola dell\u2019unanimit\u00e0 \u00e8 una gabbia, con i nuovi membri soffocher\u00e0 qualsiasi impulso a legiferare in maniera innovativa. Egli propone di riservare l\u2019unanimit\u00e0 solo alla decisione capitale di accettare i nuovi membri. N\u00e9 potrebbe essere altrimenti poich\u00e9 allargamento e modifiche del Trattato sono procedure intergovernative. Tutte le materie strettamente europee (risorse proprie, energia, fiscalit\u00e0, difesa) andrebbero decise a maggioranza. Le alleanze in campagna elettorale e poi a Strasburgo dovranno considerare questa traccia per uscire dalle secche.<\/p>\n\n\n\n<p>Ursula von der Leyen si candida a succedere a se stessa al Berlaymont. A rieleggerla sar\u00e0 la stessa \u201cmaggioranza Ursula\u201d che la vot\u00f2 nel 2019? &nbsp;&nbsp;La base si allargher\u00e0 a certi settori conservatori? La tattica di aprire \u00e8 chiara nelle missioni che la stessa Ursula compie con la Presidente Meloni in Tunisia. In Italia \u00e8 di casa, \u00e8 consapevole della nostra preoccupazione per i flussi migratori. &nbsp;<\/p>\n\n\n\n<p>Gli arrivi si sono moltiplicati dal 2022 al 2023. Il Governo dovr\u00e0 presentare qualche risultato all\u2019elettorato nel 2024, altrimenti la facile promessa di bloccare gli arrivi, costi quel che costi, si riveler\u00e0 vacua. Per non parlare del PNRR. Su questi punti si misura la possibile convergenza fra interesse nazionale e politica europea.<\/p>\n","protected":false},"excerpt":{"rendered":"<p>di Cosimo Risi del 23\/7\/2023 Si vota alle Europee nel giugno 2024, le liste saranno presentate qualche tempo prima, la campagna elettorale, senza i candidati, \u00e8 gi\u00e0 cominciata. E\u2019 singolare che il Governo italiano, a impronta sovranista, stia in prima linea nel cercare la sponda europea. Pesa l\u2019ombra lunga di Mario Draghi che nei Palazzi europei era di casa. Importa vederci riconosciuto un ruolo che non sia la pallida imitazione delle destre estreme condannate a non governare. La campagna anticipata<span class=\"excerpt-hellip\"> [\u2026]<\/span><\/p>\n","protected":false},"author":1,"featured_media":3724,"comment_status":"open","ping_status":"open","sticky":false,"template":"","format":"standard","meta":[],"categories":[13],"tags":[],"_links":{"self":[{"href":"http:\/\/www.associazione-apertamente.org\/m\/wp-json\/wp\/v2\/posts\/4695"}],"collection":[{"href":"http:\/\/www.associazione-apertamente.org\/m\/wp-json\/wp\/v2\/posts"}],"about":[{"href":"http:\/\/www.associazione-apertamente.org\/m\/wp-json\/wp\/v2\/types\/post"}],"author":[{"embeddable":true,"href":"http:\/\/www.associazione-apertamente.org\/m\/wp-json\/wp\/v2\/users\/1"}],"replies":[{"embeddable":true,"href":"http:\/\/www.associazione-apertamente.org\/m\/wp-json\/wp\/v2\/comments?post=4695"}],"version-history":[{"count":1,"href":"http:\/\/www.associazione-apertamente.org\/m\/wp-json\/wp\/v2\/posts\/4695\/revisions"}],"predecessor-version":[{"id":4696,"href":"http:\/\/www.associazione-apertamente.org\/m\/wp-json\/wp\/v2\/posts\/4695\/revisions\/4696"}],"wp:featuredmedia":[{"embeddable":true,"href":"http:\/\/www.associazione-apertamente.org\/m\/wp-json\/wp\/v2\/media\/3724"}],"wp:attachment":[{"href":"http:\/\/www.associazione-apertamente.org\/m\/wp-json\/wp\/v2\/media?parent=4695"}],"wp:term":[{"taxonomy":"category","embeddable":true,"href":"http:\/\/www.associazione-apertamente.org\/m\/wp-json\/wp\/v2\/categories?post=4695"},{"taxonomy":"post_tag","embeddable":true,"href":"http:\/\/www.associazione-apertamente.org\/m\/wp-json\/wp\/v2\/tags?post=4695"}],"curies":[{"name":"wp","href":"https:\/\/api.w.org\/{rel}","templated":true}]}}