{"id":4689,"date":"2023-07-23T10:11:01","date_gmt":"2023-07-23T08:11:01","guid":{"rendered":"http:\/\/www.associazione-apertamente.org\/m\/?p=4689"},"modified":"2023-07-23T10:11:02","modified_gmt":"2023-07-23T08:11:02","slug":"ancora-lui-il-nostro-corpo","status":"publish","type":"post","link":"http:\/\/www.associazione-apertamente.org\/m\/2023\/07\/23\/ancora-lui-il-nostro-corpo\/","title":{"rendered":"Ancora lui, il nostro corpo"},"content":{"rendered":"\n<p>di Bianca Della Pietra del 23\/7\/2023<\/p>\n\n\n\n<p>\u00c8 un problema, inutile negarlo. Non per tutti forse, mai generalizzare.<\/p>\n\n\n\n<p>Il problema nasce dopo i 7\/8 anni quando, oltre ad \u201cessere\u201d un corpo, ci rendiamo conto di averlo. E questo luogo che abitiamo si trasforma, non si ferma nemmeno quando raggiunge l\u2019apice della nostra soddisfazione di cui, aihm\u00e8, spesso ce ne rendiamo conto solo dopo. Quante volte infatti succede di ritrovarsi in fotografie del passato e dire: \u201cCom\u2019ero carina, bello, magro, magra\u2026una volta\u201d.<\/p>\n\n\n\n<p>La nostra forma fisica e mentale si condizionano reciprocamente nel loro stare al mondo.<\/p>\n\n\n\n<p>Il tema della corporeit\u00e0 scoppia in estate, tempo in cui il il corpo viene riscoperto perch\u00e9 si scopre, scusate la ripetizione.<\/p>\n\n\n\n<p>Ma in questa calda estate il problema \u00e8 il corpo coperto.<\/p>\n\n\n\n<p>Non le pancione esposte, i culoni divisi da pants brasiliani o tanga assolutamente improbabili, le tette rifatte come meloni oppure gambette sottili come sedani o<\/p>\n\n\n\n<p>grinze pervasive, non le voci ululanti (anche queste produzioni corporee) o i pianti snervanti di bambini costretti ad amare l\u2019acqua o la sabbia o la giornata intera al mare.<\/p>\n\n\n\n<p>No. I corpi coperti la cui vista disonora la spiaggia.<\/p>\n\n\n\n<p>Certo fa strano, ma \u2026<\/p>\n\n\n\n<p>Capisco la fatica di accettare le abitudini altrui, per\u00f2 non capisco la perversione di chi osserva, commenta e denuncia al Sindaco la presenza di questi alieni\/e. E il Sindaco, come mai solo adesso scopre e dichiara il fenomeno? Ha mai frequentato le spiagge monfalconesi finora in tempo di bagni? Non \u00e8 da oggi che ci sono persone che si bagnano coperte.<\/p>\n\n\n\n<p>Il tema dunque \u00e8 il corpo coperto, in citt\u00e0 e al mare.<\/p>\n\n\n\n<p>Il corpo o il viso? Anche donne dei paesi balcanici frequentano Monfalcone e dintorni coperte da capo a piedi eccetto il volto. Penso, quando le incontro, che abbiano un gran caldo in estate, magari non in inverno. Vederle non mi infastidisce. Per\u00f2 se sono in molti i cittadini a percepire questo come un problema, discutiamone e facciamolo seriamente soprattutto con l\u2019intenzione di capire e capirci meglio.<\/p>\n\n\n\n<p>Abbiamo a che fare con l\u2019esistenza terrena delle persone, con la loro identit\u00e0 e cultura, faccende non da poco che non possono essere affrontate su base delatoria e con divieti a oltranza. E poi, dove lo mettiamo il valore della libert\u00e0 tanto decantata come caratteristica principale della nostra societ\u00e0 occidentale cos\u00ec evoluta? La libert\u00e0 di essere come ci si sente nel rispetto reciproco delle regole e delle persone, la libert\u00e0 di non esporsi agli sguardi ma, molto pi\u00f9 prosaicamente, ai raggi del sole. Se osserviamo bene quante sono le persone che provengono da paesi nordici che indossano magliette per non scottarsi la pelle?<\/p>\n\n\n\n<p>\u201c\u00c8 inaccettabile il comportamento degli stranieri musulmani che entrano abitualmente in acqua con i loro vestiti\u2026\u00c8 una pratica che sta determinando sconcerto e che crea insopportabili conseguenze alla salvaguardia del decoro\u201d afferma la Sindaca di Monfalcone.<\/p>\n\n\n\n<p>Inaccettabile, insopportabile: davvero aggettivi forti questi usati.<\/p>\n\n\n\n<p>Mi domando a che scopo e per chi.<\/p>\n\n\n\n<p>A me personalmente disturba molto di pi\u00f9 l\u2019obesit\u00e0 che fuoriesce da un mini costume, da un leggins bianco strizzato, piuttosto che da una persona in acqua vestita. E poi, vogliamo parlare degli uomini? Perch\u00e9 solitamente quelle prese di mira per il modo di vestire sono le donne che ricevono commenti critici in egual misura da tutti noi. Ma uomini brutti da guardare, che creano sconcerto sia con l\u2019abbigliamento che con il comportamento non ce ne sono?<\/p>\n\n\n\n<p>Il corpo \u00e8 la mappa della nostra vita interna ed esterna, e l\u2019abito che lo copre \u00e8 frutto dei simboli culturali che ci indicano ambiente di provenienza, et\u00e0, possibilit\u00e0 economica, status sociale e potere, \u00e8 l\u2019interfaccia tra individuale\/privato e sociale\/pubblico, \u00e8 un luogo esposto. Per tutta la vita \u00e8 esposto allo sguardo dell\u2019altro e esprime il proprio potere percepito attraverso simboli (oggetti indossati, tatuaggi ad esempio), produzioni (uso della voce)&nbsp; e posture e abiti, appunto.<\/p>\n\n\n\n<p>Le donne che fanno il bagno vestite sono impenetrabili agli sguardi: l\u2019abito non permette allo sguardo di avere accesso al corpo nudo, di valutarlo. Sar\u00e0 mica allora questo il problema? Sar\u00e0 un problema di disagio dovuto alla disparit\u00e0 che definisce questo come inaccettabile?<\/p>\n\n\n\n<p>Ho sempre ritenuto le nostre spiagge, nelle loro parti libere in particolare, come luoghi per tutti, luoghi democratici in cui ognuno pu\u00f2 godere di tempi di libert\u00e0 di godere dell\u2019estate come pu\u00f2. Marina Julia Marina e Nova sono spiagge popolari e cosi devono restare: accessibili a tutti, a chi pu\u00f2 permettersi lettini e ombrelloni a pagamento e a chi non pu\u00f2.<\/p>\n\n\n\n<p>Il nostro mare \u00e8 davvero ridotto al minimo e la manutenzione della spiaggia dovrebbe essere doverosa e non sbandierata come un evento spettacolare, neanche fossimo una localit\u00e0 balneare delle pi\u00f9 famose d\u2019Italia, cosa a cui non possiamo ambire, rassegnamoci e godiamo quel che abbiamo.<\/p>\n","protected":false},"excerpt":{"rendered":"<p>di Bianca Della Pietra del 23\/7\/2023 \u00c8 un problema, inutile negarlo. Non per tutti forse, mai generalizzare. Il problema nasce dopo i 7\/8 anni quando, oltre ad \u201cessere\u201d un corpo, ci rendiamo conto di averlo. E questo luogo che abitiamo si trasforma, non si ferma nemmeno quando raggiunge l\u2019apice della nostra soddisfazione di cui, aihm\u00e8, spesso ce ne rendiamo conto solo dopo. Quante volte infatti succede di ritrovarsi in fotografie del passato e dire: \u201cCom\u2019ero carina, bello, magro, magra\u2026una volta\u201d.<span class=\"excerpt-hellip\"> [\u2026]<\/span><\/p>\n","protected":false},"author":1,"featured_media":4690,"comment_status":"open","ping_status":"open","sticky":false,"template":"","format":"standard","meta":[],"categories":[13],"tags":[],"_links":{"self":[{"href":"http:\/\/www.associazione-apertamente.org\/m\/wp-json\/wp\/v2\/posts\/4689"}],"collection":[{"href":"http:\/\/www.associazione-apertamente.org\/m\/wp-json\/wp\/v2\/posts"}],"about":[{"href":"http:\/\/www.associazione-apertamente.org\/m\/wp-json\/wp\/v2\/types\/post"}],"author":[{"embeddable":true,"href":"http:\/\/www.associazione-apertamente.org\/m\/wp-json\/wp\/v2\/users\/1"}],"replies":[{"embeddable":true,"href":"http:\/\/www.associazione-apertamente.org\/m\/wp-json\/wp\/v2\/comments?post=4689"}],"version-history":[{"count":1,"href":"http:\/\/www.associazione-apertamente.org\/m\/wp-json\/wp\/v2\/posts\/4689\/revisions"}],"predecessor-version":[{"id":4691,"href":"http:\/\/www.associazione-apertamente.org\/m\/wp-json\/wp\/v2\/posts\/4689\/revisions\/4691"}],"wp:featuredmedia":[{"embeddable":true,"href":"http:\/\/www.associazione-apertamente.org\/m\/wp-json\/wp\/v2\/media\/4690"}],"wp:attachment":[{"href":"http:\/\/www.associazione-apertamente.org\/m\/wp-json\/wp\/v2\/media?parent=4689"}],"wp:term":[{"taxonomy":"category","embeddable":true,"href":"http:\/\/www.associazione-apertamente.org\/m\/wp-json\/wp\/v2\/categories?post=4689"},{"taxonomy":"post_tag","embeddable":true,"href":"http:\/\/www.associazione-apertamente.org\/m\/wp-json\/wp\/v2\/tags?post=4689"}],"curies":[{"name":"wp","href":"https:\/\/api.w.org\/{rel}","templated":true}]}}