{"id":4684,"date":"2023-07-20T09:31:44","date_gmt":"2023-07-20T07:31:44","guid":{"rendered":"http:\/\/www.associazione-apertamente.org\/m\/?p=4684"},"modified":"2023-07-20T09:31:45","modified_gmt":"2023-07-20T07:31:45","slug":"la-nato-si-allarga","status":"publish","type":"post","link":"http:\/\/www.associazione-apertamente.org\/m\/2023\/07\/20\/la-nato-si-allarga\/","title":{"rendered":"La NATO si allarga."},"content":{"rendered":"\n<p>di Cosimo Risi del 20\/7\/2023<\/p>\n\n\n\n<p>I vertici NATO \u201csi tengono ogni anno nella generale disattenzione dell\u2019opinione pubblica. Ma non stavolta\u201d (Giuseppe Cassini, <em>Lettera da Vilnius<\/em>). L\u2019inusitato interesse ad uno stanco rituale si deve alla guerra in corso da oltre un anno e mezzo, alla minaccia nucleare che l\u2019ex Presidente russo Dmitrij Medvedev puntualmente agita, alla paura dell\u2019Occidente europeo che l\u2019aggressione russa, se vince in Ucraina, destabilizzi anche questa parte del Continente. Dove siamo male abituati: non abbiamo pi\u00f9 guerre dal 1945, un periodo troppo lungo per la\u00a0\u00a0 bellicosa attitudine degli Europei.<\/p>\n\n\n\n<p>&nbsp;&nbsp;&nbsp;&nbsp;&nbsp;&nbsp;&nbsp;&nbsp;&nbsp;&nbsp;&nbsp; La NATO \u00e8 l\u2019ombrello di sicurezza che ci protegge. L\u2019opinione pubblica, di solito noncurante della sicurezza, tanto questa \u00e8 affidata agli Stati Uniti dal 1945 appunto, vede con favore qualsiasi allargamento dell\u2019Alleanza Atlantica, persino all\u2019Ucraina.<\/p>\n\n\n\n<p>&nbsp;&nbsp;&nbsp;&nbsp;&nbsp;&nbsp;&nbsp;&nbsp;&nbsp;&nbsp;&nbsp; Non deve essere solo Volodymyr Zelenskyj ad essere deluso dall\u2019esito del Vertice, il suo sentimento sar\u00e0 ampiamente condiviso. Fra l\u2019Ucraina e l\u2019accesso alla NATO si sono posti prima alcuni Europei, la freddezza del Cancelliere Olaf Scholz si manifesta con la voglia di apparire poco o non apparire affatto, e poi l\u2019azionista di maggioranza e decisore di ultima istanza. Il Presidente Biden, in accordo con il Segretario di Stato ed il Direttore CIA, e cio\u00e8 la massima triade della sicurezza euro-atlantica, ha decretato che non \u00e8 il momento dell\u2019adesione, questa sar\u00e0 possibile, e vivamente auspicata, appena il conflitto cesser\u00e0.<\/p>\n\n\n\n<p>&nbsp;&nbsp;&nbsp;&nbsp;&nbsp;&nbsp;&nbsp;&nbsp;&nbsp;&nbsp;&nbsp; Il che \u00e8 tutto da vedere. Nel frattempo all\u2019Ucraina alcuni membri NATO forniscono, o intendono fornire, il linguaggio diplomatico \u00e8 ricco di ambiguit\u00e0, le bombe a grappolo e gli aerei F16. Le bombe a grappolo sono bandite dalle Convenzioni internazionali, e dunque noi che del diritto internazionale siamo i paladini, dovremmo guardarcene. Gli aerei sarebbero in grado di trasportare gli ordigni nucleari: puntuale \u00e8 la reazione del Ministro degli Esteri Lavrov che li riterr\u00e0 una potenziale minaccia nucleare alla Russia.<\/p>\n\n\n\n<p>&nbsp;&nbsp;&nbsp;&nbsp;&nbsp;&nbsp;&nbsp;&nbsp;&nbsp;&nbsp;&nbsp; Il mondo si sta adoperando, con successo degno di ben altra causa, &nbsp;a cancellare il trentennio di distensione seguito alla dottrina Gorbacev della cooperazione nelle relazioni internazionali. Il collasso dell\u2019Unione Sovietica sembrava avere reso impossibile il confronto armato in Europa. Ed invece, da febbraio 2022, il ritorno al futuro \u00e8 il triste ritorno al passato, che le generazioni venute dagli anni Novanta non hanno conosciuto.<\/p>\n\n\n\n<p>&nbsp;&nbsp;&nbsp;&nbsp;&nbsp;&nbsp;&nbsp;&nbsp;&nbsp;&nbsp;&nbsp; La NATO avrebbe dovuto sciogliersi, o comunque ridimensionarsi, avendo perduto il nemico storico, il Patto di Varsavia e l\u2019URSS che l\u2019animava. Il Presidente Macron, appena qualche anno fa, la dichiarava \u201ccerebralmente defunta\u201d. Ed invece la NATO mostra una straordinaria vitalit\u00e0. A Vilnius, ad una manciata di chilometri dalla quasi nemica Bielorussia, la NATO accetta la Svezia, a completare l\u2019allargamento ai paesi scandinavi. Mesi addietro \u00e8 stato il turno della Finlandia.<\/p>\n\n\n\n<p>&nbsp;&nbsp;&nbsp;&nbsp;&nbsp;&nbsp;&nbsp;&nbsp;&nbsp;&nbsp;&nbsp; Finlandia e Svezia, nel ricordo dei diplomatici d\u2019annata, erano i luoghi terzi dove Est e Ovest si incontravano per tessere relazioni altrove impossibili. E per fare da scenario alle storie di spionaggio: si pensi a Intrigo a Stoccolma con Paul Newman in stato di grazia.<\/p>\n\n\n\n<p>&nbsp;&nbsp;&nbsp;&nbsp;&nbsp;&nbsp;&nbsp;&nbsp;&nbsp;&nbsp;&nbsp; Sempre secondo Cassini, la burocrazia NATO mira ad accrescersi per autoriprodursi. L\u2019istituzione crea la funzione. L\u2019apparato diplomatico-militare \u00e8 &nbsp;enorme, si muove fra Evere, un Comune di Bruxelles Capitale, e Mons in Vallonia.<\/p>\n\n\n\n<p>&nbsp;&nbsp;&nbsp;&nbsp;&nbsp;&nbsp;&nbsp;&nbsp;&nbsp;&nbsp;&nbsp; Le accresciute funzioni necessitano un accresciuto bilancio. Il Vertice di Newport (2014) aument\u00f2 al 2% del PIL il contributo di ciascuno stato membro. Nessuno fra gli Europei arriva a quella cifra. L\u2019Italia si ferma all\u20191,4%, gli aumenti in programma saranno spalmati nel corso di varie annualit\u00e0.<\/p>\n\n\n\n<p>&nbsp;&nbsp;&nbsp;&nbsp;&nbsp;&nbsp;&nbsp;&nbsp;&nbsp;&nbsp;&nbsp; La riluttanza a spendere \u00e8 comprensibile. Il bilancio pubblico pu\u00f2 trovare i fondi aggiuntivi per la sicurezza aumentando le imposte&nbsp; o riducendo la spesa sociale. La prima \u00e8 una decisione impercorribile per Governi che le dichiarano \u201cpizzo di stato\u201d. La seconda non pu\u00f2 essere contratta &nbsp;al di sotto di un certo livello di efficienza di servizi essenziali come sanit\u00e0 e istruzione. Una trappola politica da cui \u00e8 difficile uscire senza scontentare l\u2019apparato di Bruxelles o fette dell\u2019elettorato.<\/p>\n\n\n\n<p>&nbsp;&nbsp;&nbsp;&nbsp;&nbsp;&nbsp;&nbsp;&nbsp;&nbsp;&nbsp;&nbsp; Certo \u00e8 che la deflagrazione del conflitto su larga scala costringerebbe a rivedere le priorit\u00e0. L\u2019incidente pu\u00f2 scoppiare in qualsiasi momento. Nella centrale nucleare di Zaporizhzhia? Nell\u2019exclave russa di Kaliningrad fra Lituania e Polonia? Nel trasporto di derrate nel Mar Nero? Siamo appesi al filo della casualit\u00e0.<\/p>\n","protected":false},"excerpt":{"rendered":"<p>di Cosimo Risi del 20\/7\/2023 I vertici NATO \u201csi tengono ogni anno nella generale disattenzione dell\u2019opinione pubblica. Ma non stavolta\u201d (Giuseppe Cassini, Lettera da Vilnius). L\u2019inusitato interesse ad uno stanco rituale si deve alla guerra in corso da oltre un anno e mezzo, alla minaccia nucleare che l\u2019ex Presidente russo Dmitrij Medvedev puntualmente agita, alla paura dell\u2019Occidente europeo che l\u2019aggressione russa, se vince in Ucraina, destabilizzi anche questa parte del Continente. Dove siamo male abituati: non abbiamo pi\u00f9 guerre dal<span class=\"excerpt-hellip\"> [\u2026]<\/span><\/p>\n","protected":false},"author":1,"featured_media":4685,"comment_status":"open","ping_status":"open","sticky":false,"template":"","format":"standard","meta":[],"categories":[12],"tags":[],"_links":{"self":[{"href":"http:\/\/www.associazione-apertamente.org\/m\/wp-json\/wp\/v2\/posts\/4684"}],"collection":[{"href":"http:\/\/www.associazione-apertamente.org\/m\/wp-json\/wp\/v2\/posts"}],"about":[{"href":"http:\/\/www.associazione-apertamente.org\/m\/wp-json\/wp\/v2\/types\/post"}],"author":[{"embeddable":true,"href":"http:\/\/www.associazione-apertamente.org\/m\/wp-json\/wp\/v2\/users\/1"}],"replies":[{"embeddable":true,"href":"http:\/\/www.associazione-apertamente.org\/m\/wp-json\/wp\/v2\/comments?post=4684"}],"version-history":[{"count":1,"href":"http:\/\/www.associazione-apertamente.org\/m\/wp-json\/wp\/v2\/posts\/4684\/revisions"}],"predecessor-version":[{"id":4686,"href":"http:\/\/www.associazione-apertamente.org\/m\/wp-json\/wp\/v2\/posts\/4684\/revisions\/4686"}],"wp:featuredmedia":[{"embeddable":true,"href":"http:\/\/www.associazione-apertamente.org\/m\/wp-json\/wp\/v2\/media\/4685"}],"wp:attachment":[{"href":"http:\/\/www.associazione-apertamente.org\/m\/wp-json\/wp\/v2\/media?parent=4684"}],"wp:term":[{"taxonomy":"category","embeddable":true,"href":"http:\/\/www.associazione-apertamente.org\/m\/wp-json\/wp\/v2\/categories?post=4684"},{"taxonomy":"post_tag","embeddable":true,"href":"http:\/\/www.associazione-apertamente.org\/m\/wp-json\/wp\/v2\/tags?post=4684"}],"curies":[{"name":"wp","href":"https:\/\/api.w.org\/{rel}","templated":true}]}}