{"id":4667,"date":"2023-07-10T19:20:06","date_gmt":"2023-07-10T17:20:06","guid":{"rendered":"http:\/\/www.associazione-apertamente.org\/m\/?p=4667"},"modified":"2023-07-10T19:20:07","modified_gmt":"2023-07-10T17:20:07","slug":"il-bello-del-calcio","status":"publish","type":"post","link":"http:\/\/www.associazione-apertamente.org\/m\/2023\/07\/10\/il-bello-del-calcio\/","title":{"rendered":"Il bello del calcio."},"content":{"rendered":"\n<p>di Cosimo Risi del 10\/7\/2023<\/p>\n\n\n\n<p>Il calcio pu\u00f2 escludere. Ad esempio il famoso scrittore dalla Fiera letteraria perch\u00e9 ha scritto bene della squadra del cuore e maluccio della squadra della citt\u00e0 che ospita la Fiera. Il calcio pu\u00f2 includere persone che si guardano con sospetto, pur appartenendo \u00a0alla stesso Stato.<\/p>\n\n\n\n<p>Nel saggio <em>Roger Federer come esperienza religiosa, <\/em>titolo di felice preveggenza a notare l\u2019accoglienza che il Divino Roger riceve a Winbledon 2023, la lunga ovazione e l\u2019omaggio sorridente della Principessa Kate, David Foster Wallace scrive che\u00a0 \u201cla bellezza non \u00e8 lo scopo degli sport competitivi\u201d.<\/p>\n\n\n\n<p>La fotografa artistica Noa Klagsbald coglie invece la bellezza dello sport spiando nello spogliatoio del calcio. Riprende i giocatori, etnicamente misti, nel dopo partita Jaffa \u2013 Lod. Festeggiano la vittoria ebrei e arabi. La fotografa si chiede se il calcio, in fondo, possegga la chiave dell\u2019integrazione. <em>&nbsp;<\/em><\/p>\n\n\n\n<p>Lo Stato d\u2019Israele non se la passa bene. Da quando si \u00e8 insediato, il Governo destra \u2013 destra di Benjamin Netanyahu non fa che inanellare problemi. Una coalizione di insuccesso, andrebbe da dire, se non fosse che il Premier \u00e8 l\u2019asso vincente del Likud. Ad ogni elezione guadagna voti abbastanza per mettere in\u00a0 piedi una coalizione ma non tanto da consentirgli di governare con le mani libere.<\/p>\n\n\n\n<p> Netanyahu soffre le riserve delle opposizioni e persino dell\u2019apparato statale. Diplomatici in\u00a0 servizio all\u2019estero si dimettono dall\u2019incarico, militari della riserva\u00a0 non si presentano al richiamo, giudici criticano le proposte di riforma dell\u2019apparato giudiziario. Manifestazioni di massa percorrono le strade. Sottoporre la Corte Suprema al vaglio del Parlamento \u00e8 alterare la fondamentale divisione dei poteri, il pilastro che differenzia Israele dai vicini mediorientali.<\/p>\n\n\n\n<p>Netanyahu soffre la freddezza dell\u2019Amministrazione Biden, pesano la sua vicinanza all\u2019Amministrazione Trump e l\u2019ostinazione con cui critica le trattative degli Stati Uniti con l\u2019Iran per rivitalizzare l\u2019accordo sul nucleare. Non \u00e8 un segreto che il Primo Ministro prediliga l\u2019opzione militare alla diplomatica.<\/p>\n\n\n\n<p>L\u2019attacco dell\u2019IDF a Jenin \u00e8 stato l\u2019apice della frattura fra il Governo di Gerusalemme e l\u2019Autorit\u00e0 Palestinese, gi\u00e0 invecchiata e indebolita di suo dalle divisioni interne. Il saggio Presidente Abu Mazen\u00a0 dismette la saggezza per minacciare di cessare la collaborazione in materia di sicurezza. Non basti percuotere Gaza in risposta ai lanci di razzi, ora il penetrare in Cisgiordania per liberare Jenin dai terroristi \u00e8 il modo per dichiarare l\u2019inidoneit\u00e0 dell\u2019Autorit\u00e0 a badare a suoi amministrati.<\/p>\n\n\n\n<p> Le citt\u00e0 miste in Israele sono scosse dal distacco dei cittadini arabo-israeliani riguardo ad uno Stato di cui hanno la cittadinanza ma non tutti i diritti e neppure tutti i doveri.\u00a0<\/p>\n\n\n\n<p>Irrompe il calcio. &nbsp;La Nazionale Under 21 si qualifica alle Olimpiadi di Parigi 2024. La prima volta nella storia di un paese &nbsp;calcisticamente assimilato all\u2019Europa. A riprova che nelle sue fibre scorre Europa quanto Medio Oriente.<\/p>\n\n\n\n<p>La Nazionale \u00e8 composita, un sapiente patchwork di elementi ebrei e arabi. Questi ultimi provengono dalle citt\u00e0 miste e da piccole comunit\u00e0 dove, per dirla con un protagonista, gli impianti sportivi non esistono. I genitori di Hamza, Karem, Anan, nomi manifestamente arabi, sono diligenti nell\u2019accompagnare i figli dove si possano allenare.<\/p>\n\n\n\n<p>L\u2019iniziale freddezza per una Nazionale che non sembra di tutti, stempera grazie ai successi della compagine. I giocatori arabi hanno la carica per emergere: attaccanti con la voglia di mettere la palla dentro. Una madre confessa di non seguire le partite alla TV, prega i parenti di avvertirla solo all\u2019esultanza del gol. Un padre dichiara di avere avuto i brividi quando il figlio, sul podio, ha ricevuto la medaglia UEFA.<\/p>\n\n\n\n<p>Una qualificazione non fa vittoria. La strada a Parigi sar\u00e0 impervia. In Francia i giocatori arabi della Nazionale d\u2019Israele troveranno altri giovani arabi pronti a rompere e non costruire. Un cattivo esempio dalla vecchia Europa. Che pure di energie diverse ha bisogno per rinnovarsi.<\/p>\n\n\n\n<p>La demografia ci penalizza inesorabilmente. Se non vogliamo finire \u201ccinesi\u201d, meglio associarci a chi sta vicino per cultura e geografia. Integrare sarebbe la soluzione giusta non solo nello sport. In Italia una moltitudine di italofoni \u00a0attende la cittadinanza.<\/p>\n","protected":false},"excerpt":{"rendered":"<p>di Cosimo Risi del 10\/7\/2023 Il calcio pu\u00f2 escludere. Ad esempio il famoso scrittore dalla Fiera letteraria perch\u00e9 ha scritto bene della squadra del cuore e maluccio della squadra della citt\u00e0 che ospita la Fiera. Il calcio pu\u00f2 includere persone che si guardano con sospetto, pur appartenendo \u00a0alla stesso Stato. Nel saggio Roger Federer come esperienza religiosa, titolo di felice preveggenza a notare l\u2019accoglienza che il Divino Roger riceve a Winbledon 2023, la lunga ovazione e l\u2019omaggio sorridente della Principessa<span class=\"excerpt-hellip\"> [\u2026]<\/span><\/p>\n","protected":false},"author":1,"featured_media":4668,"comment_status":"open","ping_status":"open","sticky":false,"template":"","format":"standard","meta":[],"categories":[13],"tags":[],"_links":{"self":[{"href":"http:\/\/www.associazione-apertamente.org\/m\/wp-json\/wp\/v2\/posts\/4667"}],"collection":[{"href":"http:\/\/www.associazione-apertamente.org\/m\/wp-json\/wp\/v2\/posts"}],"about":[{"href":"http:\/\/www.associazione-apertamente.org\/m\/wp-json\/wp\/v2\/types\/post"}],"author":[{"embeddable":true,"href":"http:\/\/www.associazione-apertamente.org\/m\/wp-json\/wp\/v2\/users\/1"}],"replies":[{"embeddable":true,"href":"http:\/\/www.associazione-apertamente.org\/m\/wp-json\/wp\/v2\/comments?post=4667"}],"version-history":[{"count":1,"href":"http:\/\/www.associazione-apertamente.org\/m\/wp-json\/wp\/v2\/posts\/4667\/revisions"}],"predecessor-version":[{"id":4669,"href":"http:\/\/www.associazione-apertamente.org\/m\/wp-json\/wp\/v2\/posts\/4667\/revisions\/4669"}],"wp:featuredmedia":[{"embeddable":true,"href":"http:\/\/www.associazione-apertamente.org\/m\/wp-json\/wp\/v2\/media\/4668"}],"wp:attachment":[{"href":"http:\/\/www.associazione-apertamente.org\/m\/wp-json\/wp\/v2\/media?parent=4667"}],"wp:term":[{"taxonomy":"category","embeddable":true,"href":"http:\/\/www.associazione-apertamente.org\/m\/wp-json\/wp\/v2\/categories?post=4667"},{"taxonomy":"post_tag","embeddable":true,"href":"http:\/\/www.associazione-apertamente.org\/m\/wp-json\/wp\/v2\/tags?post=4667"}],"curies":[{"name":"wp","href":"https:\/\/api.w.org\/{rel}","templated":true}]}}