{"id":4638,"date":"2023-06-26T19:51:44","date_gmt":"2023-06-26T17:51:44","guid":{"rendered":"http:\/\/www.associazione-apertamente.org\/m\/?p=4638"},"modified":"2023-06-28T22:27:45","modified_gmt":"2023-06-28T20:27:45","slug":"dentro-la-letteratura-di-confine","status":"publish","type":"post","link":"http:\/\/www.associazione-apertamente.org\/m\/2023\/06\/26\/dentro-la-letteratura-di-confine\/","title":{"rendered":"Dentro la letteratura di confine. Torna Estensioni: il festival \u201cdentro le letterature di confine\u201d"},"content":{"rendered":"\n<p>Estensioni. Dentro le letterature di confine &nbsp;giunge alla sua seconda edizione e con maggiore forza vuole caratterizzarsi come un percorso culturale integrato al territorio della Val Pesarina e alla sua comunit\u00e0.<\/p>\n\n\n\n<p>Il festival in programma dal 7 al 9 luglio vuole legare la scoperta di una vallata di confine all\u2019attualit\u00e0, alla nostra storia, alle geografie che negli ultimi anni si fanno liquide, alle frontiere che cadono e ai muri che si innalzano. Alle persone che partono per scoprire il mondo, a quelle che lo fanno per trovare lavoro o che lasciano tutto per amore, a quelle, disperate, che abbandonano la propria casa per fuggire da guerre, persecuzioni e dittature e camminano a piedi scalzi attraversando paesi, nazioni, continenti.<\/p>\n\n\n\n<p>Sar\u00e0 un\u2019edizione in cui i passi scandiranno le parole, e viceversa. Un festival dove avere il tempo dell\u2019incontro, dove entrare in empatia con una terra e i suoi abitanti, dove la cultura e l\u2019evento non sono fini a se stessi ma fanno parte di un percorso, di un\u2019idea, di una visione.<\/p>\n\n\n\n<p>Siamo regione di passaggio, di attraversamento, centrale rispetto all\u2019Europa: ecco perch\u00e9 ragionare e riflettere sulle nostre frontiere diventa cruciale per essere sempre di pi\u00f9 cittadini attivi ed esseri umani consapevoli.<\/p>\n\n\n\n<p>Estensioni &nbsp;\u00e8 realizzato grazie al sostegno della Regione Autonoma Friuli Venezia Giulia, di Fondazione Friuli, Comune di Prato Carnico e Pro Loco Val Pesarina. In collaborazione con Vicino\/Lontano Mont, Associazione Culturale Inni\u00f2, Libreria Quo Vadis? di Pordenone, I gufi della luna, Associazione &#8220;Amicid dell&#8217;Orologeria Pesarina&#8221; APS, Frazionisti di Prato e Prico, Associazione Culturale &#8220;Amici di Osais&#8221;, Associazione Sportiva Dilettantistica Ancora, Associazione Noi in Val Pesarina, Amministrazione frazionale di Pesariis, Frazionisti di Sostasio, Sci Club Val Pesarina, Parrocchia dei SS. Filippo e Giacomo AP &#8211; Pesariis, Parrocchia di San Canciano Martire &#8211; Prato, Museo dell&#8217;Orologeria di Pesariis, Museo Casa Bruseschi Pesariis.<\/p>\n\n\n\n<p><strong>venerd\u00ec 7 luglio<\/strong><\/p>\n\n\n\n<p>ore 18.00 | PESARIIS, Piazza della Canonica A cosa serve un confine?<\/p>\n\n\n\n<p>Incontro con Marco Aime<\/p>\n\n\n\n<p>in dialogo con Claudia Ferigo<\/p>\n\n\n\n<p>In caso di maltempo, Auditorium (Pieria) Fra limiti invalicabili e barriere immaginarie, Marco Aime, uno dei massimi antropologi italiani, esplora le pi\u00f9 svariate forme di confine, quelli che attraversiamo ogni giorno e quelli che invece ci condizionano irrimediabilmente. Un inedito viaggio attraverso la nozione di confine, applicata ai pi\u00f9 svariati ambiti della vita sociale. Anche la pelle \u00e8 un confine; parimenti lo \u00e8 il cibo, con le pi\u00f9 varie abitudini alimentari; allo stesso modo esistono confini tra generazioni, tra religioni, tra classi sociali, nella produzione artistica e letteraria, e in molti altri campi dell\u2019esperienza umana.<\/p>\n\n\n\n<p>Ma a che serve, in fondo, un confine?<\/p>\n\n\n\n<p><strong>sabato 8 luglio<\/strong><\/p>\n\n\n\n<p>ore 10.30 | PRADUMBLI, Piazzetta<\/p>\n\n\n\n<p>Di quali erbacce stiamo parlando?<\/p>\n\n\n\n<p>Riflessioni semiserie su agricoltura sociale, sanit\u00e0 mentale e poesia del quotidiano Incontro con Stefano Montello In caso di maltempo, Auditorium (Pieria) Stefano Montello, scrittore, musicista e operatore sociale, racconta i temi dell\u2019agricoltura sociale, della cura e dell\u2019attenzione verso i soggetti pi\u00f9 fragili, della necessit\u00e0 di un\u2019inclusione che attenui le diseguaglianze. Di un presente talmente presente da oscurare la voglia di futuro. Attraverso le sue personali esperienze di responsabile di progetti di agricoltura sociale, Montello ci presenta la sua visione del mondo delle erbacce, vere e metaforiche, facendoci incontrare matti visionari, giardinieri incompetenti, papi che profetizzano, contadini ascetici.<\/p>\n\n\n\n<p>Possibilit\u00e0 di arrivo a Pradumbli a piedi: passeggiata dalle 9.00 da Pieria oppure in autonomia da Prato (parcheggi disponibili in zona artigianale Chiampeas).<\/p>\n\n\n\n<p>ore 10.00 e ore 11.30 | Localit\u00e0 CHIAMPEAS, 7 L\u2019arte di costruire i clavicembali Visita guidata al laboratorio dei fratelli Leita dove il saper fare, tramandato di generazione in generazione, unito al forte amore per la musica, ha portato i due fratelli ad apprendere l\u2019arte dei cembalari e ad avviare l\u2019attivit\u00e0 di creazione e restauro di strumenti musicali. Nello showroom \u00e8 possibile visionare e provare strumenti usati in vendita, completamente revisionati e restaurati. Due visite per entrare in un mondo affascinante e per toccare con mano una delle eccellenze del territorio della Val Pesarina.<\/p>\n\n\n\n<p>Ogni visita dura circa 40\u2019 e pu\u00f2 avere un massimo di 15 partecipanti. Per iscrizioni: Ufficio Turistico Prato Carnico: 0433 69420; <a href=\"mailto:info@comune.prato-carnico.ud.it\">info@comune.prato-carnico.ud.it<\/a> &lt;<a href=\"mailto:info@comune.prato-carnico.ud.it\">mailto:info@comune.prato-carnico.ud.it<\/a>&gt;<\/p>\n\n\n\n<p>ore 15.00 | PRATO, Piazzetta della Fontana La locanda ai margini d\u2019Europa Incontro con Enrico Maria Mili\u010d in dialogo con Anna Piuzzi In caso di maltempo, Sala Giovani (Prato) Per un tiro di sputo siamo in Italia, in un\u2019osteria slovena tenuta da cattolici, in un paese dove il Partito comunista \u00e8 fortissimo ma non riuscir\u00e0 mai a conquistare del tutto il potere. Siamo nell\u2019Occidente capitalista ma, a un tiro di fionda, iniziano l\u2019Europa orientale e la Jugoslavia del maresciallo Tito. In questa osteria si canta in sloveno, si bestemmia in italiano, ci si aggredisce sulla politica, si ride, tutti bevono e mangiano, chi \u00e8 ospitale o rispettoso saluta in entrambe le lingue. Questo \u00e8 il racconto di 150 anni di storia della famiglia Devetak e del confine che passa sulle teste e nei cuori delle persone di San Michele, un piccolo borgo sul Carso goriziano.<\/p>\n\n\n\n<p>dalle ore 16.00 alle ore 18.00 | OSAIS, Chiesa di San Leonardo Visite guidate Assieme ad Annalisa Cleva La chiesa di Osais \u00e8 un vero gioiello dell\u2019arte sacra in Val Pesarina, dove \u00e8 possibile ammirare i vividi colori di un ciclo di affreschi che impreziosiscono l\u2019abside poligonale gotico con volta a vela e soffitto a costoloni (Pietro Fuluto, 1506) e gli altari finemente lavorati di S. Leonardo (A. Tironi, 1528) e S. Valentino (G.A. Agosti, XVI sec).<\/p>\n\n\n\n<p>ore 18.00 | PRATO, Piazzetta della Fontana Ai confini della parola Incontro con Massimo Cuomo in dialogo con Andrea Visentin In caso di maltempo, Sala Giovani (Prato) L\u2019incontro con uno scrittore, i suoi personaggi, i suoi libri, i suoi paesaggi letterari e non solo. Dall\u2019interno di un\u2019osteria o di un condominio, racconta di donne e uomini, spesso bizzarri, a volte tragici e ne fa storie che spesso viaggiano sull\u2019impercettibile confine fra Veneto e Friuli Venezia Giulia e pi\u00f9 in generale in questo strano nostro Nordest. L\u2019appuntamento con un narratore che ci apre la sua cassetta degli attrezzi e ci conduce all\u2019interno dei mondi dei suoi libri.<\/p>\n\n\n\n<p><strong>domenica 9 luglio<\/strong><\/p>\n\n\n\n<p>ore 11.00 | Stavoli di ORIAS<\/p>\n\n\n\n<p>Attraversamenti<\/p>\n\n\n\n<p>Incontro con Luigi Nacci<\/p>\n\n\n\n<p>in dialogo con Mauro Daltin<\/p>\n\n\n\n<p>In caso di maltempo, Auditorium (Pieria) Luigi Nacci si fa viandante, cammina, scrive, attraversa confini, ne festeggia la caduta. Ci sta sopra, in equilibrio. Vive il cammino come un modo di approcciare l\u2019esistenza e il mondo. Ricerca il selvatico, a partire dalla sua citt\u00e0, Trieste, per poi spingersi verso i margini a est e a ovest d\u2019Europa. Un incontro in un luogo magico per ascoltare una delle voci pi\u00f9 originali della nostra letteratura che ci condurr\u00e0 dentro la parola viandanza.<\/p>\n\n\n\n<p>Possibilit\u00e0 di arrivo agli stavoli a piedi: passeggiata delle 9.30 da Pieria oppure in autonomia da Osais. Attivo servizio bus navetta dall\u2019ampio parcheggio di Fuina a partire dalle 10.00. Accesso veicoli per Truia\/Orias consentito a residenti e autorizzati.<\/p>\n\n\n\n<p>ore 15.00 | CHIAMPEAS, Laghetto<\/p>\n\n\n\n<p>L\u2019autunno in cui tornarono i lupi<\/p>\n\n\n\n<p>Incontro con Mario Ferraguti<\/p>\n\n\n\n<p>in dialogo con Daniele Zongaro<\/p>\n\n\n\n<p>In caso di maltempo, Auditorium (Pieria) Appennino, autunno del 2004. Durante una battuta di caccia al cinghiale, un uomo e un lupo si incontrano; \u00e8 un evento che, in quei luoghi, non si verifica da quasi un secolo. Ferraguti racconta quel piccolo miracolo che \u00e8 stato il ritorno del lupo in tutta la penisola, i conflitti tra ricercatori e cacciatori, la gestione del territorio e la sua percezione che, con la presenza del lupo, muta completamente.<\/p>\n\n\n\n<p>ore 17.00 | PIERIA, Localit\u00e0 Osteai<\/p>\n\n\n\n<p>La via del Tempo<\/p>\n\n\n\n<p>Itinerari dell\u2019arte orologiaia pesarina<\/p>\n\n\n\n<p>A cura dell\u2019Associazione Amici dell\u2019Orologeria Pesarina In caso di maltempo, Auditorium (Pieria) Un incontro per scoprire e fare conoscere i luoghi in cui gli antichi orologi da torre di produzione pesarina sono stati installati, hanno scandito il tempo delle comunit\u00e0 raccontando le loro storie.<\/p>\n\n\n\n<p>La narrazione di questo itinerario coinvolge la \u201cContea principesca di Gradisca\u201d nei comuni di Gradisca d\u2019Isonzo e Romans d\u2019Isonzo, dove sono collocati manufatti riconducibili alla tradizione produttiva carnica, indagando i legami tra le comunit\u00e0 e i casi di successo prodotti dall\u2019osmosi di conoscenze che ha contraddistinto nel corso dei secoli e continua a caratterizzare questa parte d\u2019Europa.<\/p>\n\n\n\n<p>ore 18.30 | PIERIA, Localit\u00e0 Osteai<\/p>\n\n\n\n<p>La pulce e altre storie della Carnia<\/p>\n\n\n\n<p>Incontro con Raffella Cargnelutti<\/p>\n\n\n\n<p>in dialogo con Elisa Copetti<\/p>\n\n\n\n<p>In caso di maltempo, Auditorium (Pieria)<\/p>\n\n\n\n<p>I personaggi, entrati nella cultura popolare friulana, si muovono in un universo fantastico e immaginifico dentro il paesaggio incontaminato, aspro e selvaggio della Carnia, luogo ideale dove si nascondono i dispettosi sbilfs e gli antichi gnomi delle miniere. L\u2019ultimo libro di Cargnelutti \u00e8 un viaggio dentro le nostre montagne, nei racconti degli antenati, nelle storie sussurrate attorno al fuoco in una sera d\u2019inverno. &nbsp;&nbsp;&nbsp;&nbsp;&nbsp;&nbsp;&nbsp;&nbsp;&nbsp;&nbsp;&nbsp;&nbsp;&nbsp;&nbsp;<\/p>\n\n\n\n<p>&nbsp;&lt;<a href=\"https:\/\/urlsand.esvalabs.com\/?u=https%3A%2F%2Fwww.bottegaerrantedizioni.it%2Fproduct%2Fla-pulce-e-altre-storie-della-carnia%2F&amp;e=bf316f7d&amp;h=ee24a87f&amp;f=n&amp;p=y\">https:\/\/urlsand.esvalabs.com\/?u=https%3A%2F%2Fwww.bottegaerrantedizioni.it%2Fproduct%2Fla-pulce-e-altre-storie-della-carnia%2F&amp;e=bf316f7d&amp;h=ee24a87f&amp;f=n&amp;p=y<\/a>&gt; &nbsp;&nbsp;&nbsp;<\/p>\n\n\n\n<p>sabato 8 luglio<\/p>\n\n\n\n<p>ore 9.00 | Dal ponte di PIERIA a PRADUMBLI Passeggiata assieme a Erica Gonano A cura della Pro Loco Val Pesarina Passeggiata adatta a tutti. In caso di maltempo la passeggiata verr\u00e0 annullata Una facile camminata per arrivare in uno dei borghi pi\u00f9 particolari e autentici della Val Pesarina, attraversando la \u201cTaviela\u201d con i suoi campi coltivati. Come scrive Paolo Rumiz, \u201cLe case di frazioni come Pradumbli sono vere e proprie biblioteche che, se l\u2019Italia fosse un Paese normale, andrebbero dichiarate patrimonio sotto tutela\u201d. Una guida speciale racconter\u00e0 il territorio, la natura, la geografia e la storia.<\/p>\n\n\n\n<p><strong>domenica 9 luglio<\/strong><\/p>\n\n\n\n<p>ore 9.30 | Dal ponte di PIERIA agli Stavoli di ORIAS Passeggiata Con Andrea Puschiasis A cura della Pro Loco Val Pesarina In caso di maltempo la passeggiata verr\u00e0 annullata Una camminata per arrivare in uno dei luoghi pi\u00f9 belli della Val Pesarina e lasciarsi condurre da una guida speciale che racconta il territorio, la natura, la geografia e la storia di uno dei sentieri pi\u00f9 suggestivi della vallata.<\/p>\n\n\n\n<p>Lunghezza (andata): 2,5 km (sentiero e strada asfaltata) Dislivello: 320 m Consigliato abbigliamento adatto a un trekking<\/p>\n\n\n\n<p>ore 14.30 | Dal campanile di PRATO al laghetto di CHIAMPEAS Passeggiata A cura della Pro Loco Val Pesarina In caso di maltempo la passeggiata verr\u00e0 annullata<\/p>\n\n\n\n<p>Passeggiata adatta a tutti &nbsp;&nbsp;&nbsp;&nbsp;&nbsp;&nbsp;&nbsp;&nbsp;&nbsp;&nbsp;&nbsp;<\/p>\n\n\n\n<p>&nbsp;&lt;<a href=\"https:\/\/urlsand.esvalabs.com\/?u=https%3A%2F%2Fwww.bottegaerrantedizioni.it%2Fproduct%2Fla-pulce-e-altre-storie-della-carnia%2F&amp;e=bf316f7d&amp;h=ee24a87f&amp;f=n&amp;p=y\">https:\/\/urlsand.esvalabs.com\/?u=https%3A%2F%2Fwww.bottegaerrantedizioni.it%2Fproduct%2Fla-pulce-e-altre-storie-della-carnia%2F&amp;e=bf316f7d&amp;h=ee24a87f&amp;f=n&amp;p=y<\/a>&gt; &nbsp;&nbsp;&nbsp;<\/p>\n\n\n\n<p>venerd\u00ec 7 luglio<\/p>\n\n\n\n<p>ore 21.00 | PESARIIS, Piazza della Canonica Liber di scuign\u00ee l\u00e2, da confin a confin Libero di dover andare, da confine a confine | Racconto e musica di e con Gigi Maieron In caso di maltempo, Auditorium (Pieria)&nbsp; \u2026E cuant ch\u2019a si capis a \u00e8 ore di l\u00e2.<\/p>\n\n\n\n<p>Leonardo Zanier e la sua poesia, la sua lingua aspra, la sua puntualit\u00e0. Leonardo Zanier e la ricerca dei riferimenti che fanno da guida. Leonardo Zanier e la fedelt\u00e0 ai valori, e la muda (mutazione) che trasforma ogni cosa.<\/p>\n\n\n\n<p>La parola friulana, muda, cos\u00ec simile alla parola moda. Ma il suo monito suggerisce di aderire al proprio sentire: rimanere se stessi, non necessariamente alla moda. Leonardo Zanier scruta le tracce del suo cammino, da vecchio Sioux carnico, per poi trasferirle sulla carta, per la costruzione del suo libro di viaggio, manuale dello stare al mondo secondo giustizia.<\/p>\n\n\n\n<p><strong>sabato 8 luglio<\/strong><\/p>\n\n\n\n<p>ore 21.00 | PIERIA, Auditorium<\/p>\n\n\n\n<p>Cumbinin<\/p>\n\n\n\n<p>Di e con Martina Delpiccolo e il Teatro Incerto<\/p>\n\n\n\n<p>Produzione: CSS Teatro stabile di innovazione del Friuli Venezia Giulia<\/p>\n\n\n\n<p>Il nuovo spettacolo del Teatro Incerto (Claudio Moretti, Elvio Scruzzi e Fabiano Fantini), sul palco assieme all\u2019autrice e critica letteraria Martina Delpiccolo, \u00e8 ambientato in una SPA dove due uomini ambigui ne stanno attendendo un terzo per chiudere un losco affare. \u00c8 qui dentro che, con addosso dei semplici accappatoi, l\u2019Incerto strizza l\u2019occhio al teatro dell\u2019assurdo e, attraverso le suggestioni letterarie di una originale padrona di casa, riflette con leggerezza su cosa sia la Poesia e a cosa possa ancora servire. &nbsp;&nbsp;&nbsp;&nbsp;&nbsp;&nbsp;&nbsp;&nbsp;&nbsp;&nbsp;&nbsp;&nbsp;&nbsp;&nbsp;<\/p>\n\n\n\n<p>&nbsp;&lt;<a href=\"https:\/\/urlsand.esvalabs.com\/?u=https%3A%2F%2Fwww.bottegaerrantedizioni.it%2Fproduct%2Fla-pulce-e-altre-storie-della-carnia%2F&amp;e=bf316f7d&amp;h=ee24a87f&amp;f=n&amp;p=y\">https:\/\/urlsand.esvalabs.com\/?u=https%3A%2F%2Fwww.bottegaerrantedizioni.it%2Fproduct%2Fla-pulce-e-altre-storie-della-carnia%2F&amp;e=bf316f7d&amp;h=ee24a87f&amp;f=n&amp;p=y<\/a>&gt; &nbsp;&nbsp;&nbsp;<\/p>\n\n\n\n<p>domenica 9 luglio<\/p>\n\n\n\n<p>ore 11.00 | PRATO, Parco giochi<\/p>\n\n\n\n<p>Attraversiamo il muro<\/p>\n\n\n\n<p>Una storia per abbattere muri e costruire ponti Alla narrazione segue un piccolo laboratorio: un tempo prezioso in cui grandi e piccoli condividono il tempo dell\u2019ascolto e del fare con le mani.<\/p>\n\n\n\n<p>In caso di maltempo, tendone della Scuola primaria (Prato) Durata dell\u2019incontro: un\u2019ora e mezza circa. Et\u00e0: dai 5 anni, ma tutti sono invitati (adulti compresi).<\/p>\n\n\n\n<p>A cura di Damatr\u00e0 onlus &nbsp;&nbsp;&nbsp;&nbsp;&nbsp;&nbsp;&nbsp;&nbsp;&nbsp;&nbsp;&nbsp;&nbsp;&nbsp;<\/p>\n\n\n\n<p>Online la prima puntata&nbsp; della rubrica Estensioni. Sguardo a est letteratura e confine. Martina Napolitano incontra il giornalista Sergio Tav\u010dar alla Prosvetni Dom di Opicina (Op\u010dina)&nbsp; che racconta l\u2019esperienza di Tav\u010dar a Tv Capodistria, ma non solo.&nbsp; &nbsp;&nbsp;<\/p>\n\n\n\n<p>Questo il link al video diretto:&nbsp;<a href=\"https:\/\/urlsand.esvalabs.com\/?u=https%3A%2F%2Fwww.meridiano13.it%2Fmultimedia%2Ftv-capodistria-sergio-tavcar%2F&amp;e=bf316f7d&amp;h=677fad46&amp;f=n&amp;p=y\">https:\/\/www.meridiano13.it\/multimedia\/tv-capodistria-sergio-tavcar\/<\/a><\/p>\n\n\n\n<p>Questo il link all&#8217;intervista sulla nostra pagina FB &gt;&nbsp;<a href=\"https:\/\/urlsand.esvalabs.com\/?u=https%3A%2F%2Fwww.facebook.com%2Fbottega.errante%2Fposts%2F6622216307828556&amp;e=bf316f7d&amp;h=3ae3070d&amp;f=n&amp;p=y\">https:\/\/www.facebook.com\/bottega.errante\/posts\/6622216307828556<\/a><\/p>\n","protected":false},"excerpt":{"rendered":"<p>Estensioni. Dentro le letterature di confine &nbsp;giunge alla sua seconda edizione e con maggiore forza vuole caratterizzarsi come un percorso culturale integrato al territorio della Val Pesarina e alla sua comunit\u00e0. Il festival in programma dal 7 al 9 luglio vuole legare la scoperta di una vallata di confine all\u2019attualit\u00e0, alla nostra storia, alle geografie che negli ultimi anni si fanno liquide, alle frontiere che cadono e ai muri che si innalzano. Alle persone che partono per scoprire il mondo,<span class=\"excerpt-hellip\"> [\u2026]<\/span><\/p>\n","protected":false},"author":1,"featured_media":4639,"comment_status":"open","ping_status":"open","sticky":false,"template":"","format":"standard","meta":[],"categories":[10],"tags":[],"_links":{"self":[{"href":"http:\/\/www.associazione-apertamente.org\/m\/wp-json\/wp\/v2\/posts\/4638"}],"collection":[{"href":"http:\/\/www.associazione-apertamente.org\/m\/wp-json\/wp\/v2\/posts"}],"about":[{"href":"http:\/\/www.associazione-apertamente.org\/m\/wp-json\/wp\/v2\/types\/post"}],"author":[{"embeddable":true,"href":"http:\/\/www.associazione-apertamente.org\/m\/wp-json\/wp\/v2\/users\/1"}],"replies":[{"embeddable":true,"href":"http:\/\/www.associazione-apertamente.org\/m\/wp-json\/wp\/v2\/comments?post=4638"}],"version-history":[{"count":2,"href":"http:\/\/www.associazione-apertamente.org\/m\/wp-json\/wp\/v2\/posts\/4638\/revisions"}],"predecessor-version":[{"id":4641,"href":"http:\/\/www.associazione-apertamente.org\/m\/wp-json\/wp\/v2\/posts\/4638\/revisions\/4641"}],"wp:featuredmedia":[{"embeddable":true,"href":"http:\/\/www.associazione-apertamente.org\/m\/wp-json\/wp\/v2\/media\/4639"}],"wp:attachment":[{"href":"http:\/\/www.associazione-apertamente.org\/m\/wp-json\/wp\/v2\/media?parent=4638"}],"wp:term":[{"taxonomy":"category","embeddable":true,"href":"http:\/\/www.associazione-apertamente.org\/m\/wp-json\/wp\/v2\/categories?post=4638"},{"taxonomy":"post_tag","embeddable":true,"href":"http:\/\/www.associazione-apertamente.org\/m\/wp-json\/wp\/v2\/tags?post=4638"}],"curies":[{"name":"wp","href":"https:\/\/api.w.org\/{rel}","templated":true}]}}