{"id":4629,"date":"2023-06-26T19:39:13","date_gmt":"2023-06-26T17:39:13","guid":{"rendered":"http:\/\/www.associazione-apertamente.org\/m\/?p=4629"},"modified":"2023-06-26T19:39:13","modified_gmt":"2023-06-26T17:39:13","slug":"lampedusa-cutro-pylos-si-allunga-la-tragica-lista-dei-naufragi-perche","status":"publish","type":"post","link":"http:\/\/www.associazione-apertamente.org\/m\/2023\/06\/26\/lampedusa-cutro-pylos-si-allunga-la-tragica-lista-dei-naufragi-perche\/","title":{"rendered":"Lampedusa, Cutro, Pylos&#8230; si allunga la tragica lista dei naufragi. Perch\u00e9?"},"content":{"rendered":"\n<p>di Andrea Bellavite<\/p>\n\n\n\n<p>Le tragedie nel Mediterraneo si susseguono con impressionante rapidit\u00e0. La fine terribile delle vittime, il dolore dei feriti e dei sopravvissuti, lo strazio dei parenti e degli amici&#8230; Tutto ci\u00f2 \u00e8 diventata una normalit\u00e0. Non fanno quasi pi\u00f9 notizia 600 persone inghiottite dal mare, un centinaio di bambini, gruppi di uomini annegati, rinchiusi in una stiva senza alcuna possibilit\u00e0 di salvezza. C&#8217;\u00e8 la sofferenza di papa Francesco, unica voce autorevole che si leva nella speranza di scongiurare simili catastrofi. Ci sono i movimenti che sostengono l&#8217;accoglienza, con sottoscrizioni e parole che invocano nuova urgenti politiche. C&#8217;\u00e8 una societ\u00e0 civile sempre pi\u00f9 distratta e i media che, transitate le espressioni di rito, rinchiudono il dramma nella cassaforte impenetrabile della storia.<\/p>\n\n\n\n<p>Ha ragione chi invoca un momento di lutto universale, affinch\u00e9 ci si possa fermare, ci si possa prendere una pausa nel vortiginoso scorrere dell&#8217;essere e del fare.&nbsp;<\/p>\n\n\n\n<p>Perch\u00e9 le persone partono, affrontando il mare o le insidie dei Balcani? Perch\u00e9 il mondo in cui viviamo \u00e8 sbagliato e fa s\u00ec che da una parte ci siano gli straricchi e dall&#8217;altra gli strapoveri. E si \u00e8 tutti parte di un&#8217;unica, grande famiglia umana. Come non prendersi cura della propria sorella e del proprio fratello? Perch\u00e9 invece di incentrare tutti gli sforzi sul come impedire di arrivare nell&#8217;Eldorado dell&#8217;Unione europea a chi muore di fame o di guerra, non ci si chiede come sopperire al dolore di miliardi di esseri umani nel mondo?<\/p>\n\n\n\n<p>Perch\u00e9 si ha paura di chi arriva da noi? Perch\u00e9 non si lavora alacremente per produrre nuove politiche dell&#8217;accoglienza, del lavoro, della casa, dei ricongiungimenti familiari? Si sa che ci sono risorse per tutti, perch\u00e9 allora non investirle in una nuova concezione di un&#8217;Europa realmente accogliente e solidale? Perch\u00e9 invece dell&#8217;ovvio impegno a sopperire alle necessit\u00e0 non dei &#8220;profughi&#8221; o dei &#8220;richiedenti asilo&#8221;, ma di sorelle e fratelli appartenenti alla stessa famiglia, diffusa in tutto il mondo? Perch\u00e9 invece di piangere ogni volta lacrime di coccodrillo in attesa che si spengano i riflettori mediatici, non ci si impegna a costruire canali di relazione tra Paesi pi\u00f9 ricchi e Paesi pi\u00f9 poveri, in modo da poter gestire con serenit\u00e0 i flussi migratori, togliendo cos\u00ec alle mafie internazionali una fonte immensa e desolante di arricchimento?<\/p>\n\n\n\n<p>Perch\u00e9? Perch\u00e9? Perch\u00e9? Che altro dire, nel senso di impotenza che ti prende dentro quando senti certe notizie? Che fare, oltre a firmare appelli di ogni tipo, scendere in piazza, partecipare a qualche convegno per iniziati? Come farsi ascoltare, far comprendere la ragionevolezza dell&#8217;accoglienza, a chi sembra cos\u00ec sordo a queste istanze?<\/p>\n\n\n\n<p>Insomma, se qualcuno potesse rispondere a questi perch\u00e9, forse cambierebbe questo mondo cos\u00ec ingiusto e squilibrato. Verrebbe messo in discussione il &#8220;sistema&#8221; che ha ridotto alla fame gran parte del Pianeta, soffocando nell&#8217;altra piccola parte perfino il desiderio di conoscere e di impegnarsi a cambiare direzione. Eppure i 600 morti davanti alle coste della Grecia, le centinaia di Cutro, le centinaia di Lampedusa&#8230; meriterebbero una risposta, per evitare che il loro sacrificio rimanga vano.<\/p>\n","protected":false},"excerpt":{"rendered":"<p>di Andrea Bellavite Le tragedie nel Mediterraneo si susseguono con impressionante rapidit\u00e0. La fine terribile delle vittime, il dolore dei feriti e dei sopravvissuti, lo strazio dei parenti e degli amici&#8230; Tutto ci\u00f2 \u00e8 diventata una normalit\u00e0. Non fanno quasi pi\u00f9 notizia 600 persone inghiottite dal mare, un centinaio di bambini, gruppi di uomini annegati, rinchiusi in una stiva senza alcuna possibilit\u00e0 di salvezza. C&#8217;\u00e8 la sofferenza di papa Francesco, unica voce autorevole che si leva nella speranza di scongiurare<span class=\"excerpt-hellip\"> [\u2026]<\/span><\/p>\n","protected":false},"author":1,"featured_media":4630,"comment_status":"open","ping_status":"open","sticky":false,"template":"","format":"standard","meta":[],"categories":[12],"tags":[],"_links":{"self":[{"href":"http:\/\/www.associazione-apertamente.org\/m\/wp-json\/wp\/v2\/posts\/4629"}],"collection":[{"href":"http:\/\/www.associazione-apertamente.org\/m\/wp-json\/wp\/v2\/posts"}],"about":[{"href":"http:\/\/www.associazione-apertamente.org\/m\/wp-json\/wp\/v2\/types\/post"}],"author":[{"embeddable":true,"href":"http:\/\/www.associazione-apertamente.org\/m\/wp-json\/wp\/v2\/users\/1"}],"replies":[{"embeddable":true,"href":"http:\/\/www.associazione-apertamente.org\/m\/wp-json\/wp\/v2\/comments?post=4629"}],"version-history":[{"count":1,"href":"http:\/\/www.associazione-apertamente.org\/m\/wp-json\/wp\/v2\/posts\/4629\/revisions"}],"predecessor-version":[{"id":4631,"href":"http:\/\/www.associazione-apertamente.org\/m\/wp-json\/wp\/v2\/posts\/4629\/revisions\/4631"}],"wp:featuredmedia":[{"embeddable":true,"href":"http:\/\/www.associazione-apertamente.org\/m\/wp-json\/wp\/v2\/media\/4630"}],"wp:attachment":[{"href":"http:\/\/www.associazione-apertamente.org\/m\/wp-json\/wp\/v2\/media?parent=4629"}],"wp:term":[{"taxonomy":"category","embeddable":true,"href":"http:\/\/www.associazione-apertamente.org\/m\/wp-json\/wp\/v2\/categories?post=4629"},{"taxonomy":"post_tag","embeddable":true,"href":"http:\/\/www.associazione-apertamente.org\/m\/wp-json\/wp\/v2\/tags?post=4629"}],"curies":[{"name":"wp","href":"https:\/\/api.w.org\/{rel}","templated":true}]}}