{"id":4607,"date":"2023-06-09T19:36:48","date_gmt":"2023-06-09T17:36:48","guid":{"rendered":"http:\/\/www.associazione-apertamente.org\/m\/?p=4607"},"modified":"2023-06-09T19:36:49","modified_gmt":"2023-06-09T17:36:49","slug":"la-salita-o-la-discesa-verso-kostanjevica","status":"publish","type":"post","link":"http:\/\/www.associazione-apertamente.org\/m\/2023\/06\/09\/la-salita-o-la-discesa-verso-kostanjevica\/","title":{"rendered":"La salita (o la discesa) verso Kostanjevica"},"content":{"rendered":"\n<p>di Andrea Bellavite. Fino a &#8220;ieri&#8221; (foto Nevio Costanzo)<\/p>\n\n\n\n<p>Gorizia\/Gorica.<\/p>\n\n\n\n<p>E&#8217; proprio il caso di scrivere il nome della stessa citt\u00e0 nelle due lingue, dal momento che questa immagine rappresenta uno dei pi\u00f9 suggestivi &#8220;valichi&#8221;. In realt\u00e0, la linea di demarcazione passa qualche decina di metri pi\u00f9 in l\u00e0, verso il santuario della Kostanjevica (Castagnavizza) che si raggiunge proprio percorrendo questo sentiero.<\/p>\n\n\n\n<p>Si arriva in questo punto salendo dalla Via della Cappella, passando davanti alla casa dove i fratelli Rusjan iniziarono la loro avventura di pionieri dell&#8217;aviazione, alla scuola elementare Fumagalli e incrociando la via del Molino, toponimo che racconta di acque e di mugnai che hanno lavorato da queste parti prima che l&#8217;asfalto prendesse possesso dell&#8217;intero territorio. Continuando a salire sul pi\u00f9 bel selciato di pietre della zona, ci si lascia sulla destra una casa &#8220;datata&#8221; 1922, con i simboli stellati del Regno d&#8217;Italia e, sull&#8217;incrocio con la bella via del Poligono che conduce fino al bosco del Panovec, si trova una splendida edicola mariana, forse opera di Giovanni Pacassi, padre del pi\u00f9 noto Niccol\u00f2, datata 1705. Prega, adora, affinch\u00e9 Dio &#8220;ti liberi&#8221;, esorta la scritta che l&#8217;accompagna.<\/p>\n\n\n\n<figure class=\"wp-block-image size-large\"><img loading=\"lazy\" width=\"768\" height=\"1024\" src=\"http:\/\/www.associazione-apertamente.org\/m\/wp-content\/uploads\/2023\/06\/foto-Andrea-Bellavite-768x1024.jpg\" alt=\"\" class=\"wp-image-4609\" srcset=\"http:\/\/www.associazione-apertamente.org\/m\/wp-content\/uploads\/2023\/06\/foto-Andrea-Bellavite-768x1024.jpg 768w, http:\/\/www.associazione-apertamente.org\/m\/wp-content\/uploads\/2023\/06\/foto-Andrea-Bellavite-225x300.jpg 225w, http:\/\/www.associazione-apertamente.org\/m\/wp-content\/uploads\/2023\/06\/foto-Andrea-Bellavite-1152x1536.jpg 1152w, http:\/\/www.associazione-apertamente.org\/m\/wp-content\/uploads\/2023\/06\/foto-Andrea-Bellavite-1536x2048.jpg 1536w, http:\/\/www.associazione-apertamente.org\/m\/wp-content\/uploads\/2023\/06\/foto-Andrea-Bellavite-110x146.jpg 110w, http:\/\/www.associazione-apertamente.org\/m\/wp-content\/uploads\/2023\/06\/foto-Andrea-Bellavite-38x50.jpg 38w, http:\/\/www.associazione-apertamente.org\/m\/wp-content\/uploads\/2023\/06\/foto-Andrea-Bellavite-56x75.jpg 56w, http:\/\/www.associazione-apertamente.org\/m\/wp-content\/uploads\/2023\/06\/foto-Andrea-Bellavite-scaled.jpg 1920w\" sizes=\"(max-width: 768px) 100vw, 768px\" \/><\/figure>\n\n\n\n<p>E si arriva alla siepe interrotta dal sentiero. Ai tempi della Jugoslavia c&#8217;era anche un filo spinato. Quando si arrivava in questo punto ci si doveva fermare e, come davanti a una specie di barriere leopardiana, ci si immaginava, al di l\u00e0, misteriose nazioni e sovrumani silenzi. Qualcuno cercava di sfidare le guardie di confine, finendo a volte tra le braccia delle polizia, i ragazzi se la cavavano con un rimprovero arcigno e con una sberla dei genitori imbarazzati, ma anche con un&#8217;avventura da raccontare agli amici nelle lunghe serate invernali.<\/p>\n\n\n\n<p>Il sentiero continua tra gli ulivi, con sguardi sempre pi\u00f9 aperti sull&#8217;intera conca Goriziana. E dopo un po&#8217; si raggiunge la vetta, con la candida chiesa e l&#8217;austero monastero. E&#8217; un luogo talmente affascinante da aver sollecitato nel re Carlo X e negli ultimi dei Borboni il desiderio di riposare per sempre tra quelle mura.<\/p>\n\n\n\n<figure class=\"wp-block-table\"><table><tbody><tr><td><\/td><\/tr><tr><td>&#8220;Oggi&#8221; (foto di Andrea Bellavite)<\/td><\/tr><\/tbody><\/table><\/figure>\n\n\n\n<p>Il sentiero come tale continua&#8230; ma \u00e8 meglio dire continuava, perch\u00e9 tutto procede, anche quello che ordinariamente si chiama progresso. Pu\u00f2 piacere o meno, spesso ci\u00f2 che ad alcuni pare evoluzione ad altri sembra regresso, ci\u00f2 che viene concepito come abbellimento per alcuni \u00e8 soltanto inutile spreco. Fatto sta che anche il viottolo verso Kostanjevica \u00e8 diventato una strada, una colata di cemento che supera la frontiera e si protende verso il basso. Ora \u00e8 pi\u00f9 facile salire con le bici e, ahim\u00e9, anche con i motorini. La siepe di separazione non esiste pi\u00f9 da qualche giorno e, oltre, non ci sono pi\u00f9 il fascino dell&#8217;ignoto e il sovrumano silenzio, ma la bellezza di una storia nella quale i cuori hanno ricominciato a battere all&#8217;unisono, congiungendo diversit\u00e0 di lingue e culture.<\/p>\n\n\n\n<p>Insomma, cos\u00ec procede la storia, tra le tenebre della violenza e dell&#8217;ignoranza e la luce della pace e della solidariet\u00e0. Tutto si mescola in una fascinosa alternanza, il gallo e la tartaruga non combattono, ma si confrontano sui piatti di un&#8217;immensa bilancia, prevalendo or l&#8217;uno or l&#8217;altra in un eterno pendolo che non sempre \u00e8 facile contemplare. E&#8217; bello o \u00e8 brutto? E&#8217; giusto o \u00e8 ingiusto? E&#8217; buono o cattivo? Chi lo sa&#8230; Anche il breve cammino dalla via Cappella al santuario di Kostanjevica induce alla questione decisiva, l&#8217;urgenza filosofica di riunire le apparentemente inconciliabili esigenze dell&#8217;assolutismo medievale con quelle del relativismo moderno e postmoderno.<\/p>\n","protected":false},"excerpt":{"rendered":"<p>di Andrea Bellavite. Fino a &#8220;ieri&#8221; (foto Nevio Costanzo) Gorizia\/Gorica. E&#8217; proprio il caso di scrivere il nome della stessa citt\u00e0 nelle due lingue, dal momento che questa immagine rappresenta uno dei pi\u00f9 suggestivi &#8220;valichi&#8221;. In realt\u00e0, la linea di demarcazione passa qualche decina di metri pi\u00f9 in l\u00e0, verso il santuario della Kostanjevica (Castagnavizza) che si raggiunge proprio percorrendo questo sentiero. Si arriva in questo punto salendo dalla Via della Cappella, passando davanti alla casa dove i fratelli Rusjan<span class=\"excerpt-hellip\"> [\u2026]<\/span><\/p>\n","protected":false},"author":1,"featured_media":4608,"comment_status":"open","ping_status":"open","sticky":false,"template":"","format":"standard","meta":[],"categories":[10],"tags":[],"_links":{"self":[{"href":"http:\/\/www.associazione-apertamente.org\/m\/wp-json\/wp\/v2\/posts\/4607"}],"collection":[{"href":"http:\/\/www.associazione-apertamente.org\/m\/wp-json\/wp\/v2\/posts"}],"about":[{"href":"http:\/\/www.associazione-apertamente.org\/m\/wp-json\/wp\/v2\/types\/post"}],"author":[{"embeddable":true,"href":"http:\/\/www.associazione-apertamente.org\/m\/wp-json\/wp\/v2\/users\/1"}],"replies":[{"embeddable":true,"href":"http:\/\/www.associazione-apertamente.org\/m\/wp-json\/wp\/v2\/comments?post=4607"}],"version-history":[{"count":1,"href":"http:\/\/www.associazione-apertamente.org\/m\/wp-json\/wp\/v2\/posts\/4607\/revisions"}],"predecessor-version":[{"id":4610,"href":"http:\/\/www.associazione-apertamente.org\/m\/wp-json\/wp\/v2\/posts\/4607\/revisions\/4610"}],"wp:featuredmedia":[{"embeddable":true,"href":"http:\/\/www.associazione-apertamente.org\/m\/wp-json\/wp\/v2\/media\/4608"}],"wp:attachment":[{"href":"http:\/\/www.associazione-apertamente.org\/m\/wp-json\/wp\/v2\/media?parent=4607"}],"wp:term":[{"taxonomy":"category","embeddable":true,"href":"http:\/\/www.associazione-apertamente.org\/m\/wp-json\/wp\/v2\/categories?post=4607"},{"taxonomy":"post_tag","embeddable":true,"href":"http:\/\/www.associazione-apertamente.org\/m\/wp-json\/wp\/v2\/tags?post=4607"}],"curies":[{"name":"wp","href":"https:\/\/api.w.org\/{rel}","templated":true}]}}