{"id":4582,"date":"2023-06-01T09:32:39","date_gmt":"2023-06-01T07:32:39","guid":{"rendered":"http:\/\/www.associazione-apertamente.org\/m\/?p=4582"},"modified":"2023-06-01T09:32:40","modified_gmt":"2023-06-01T07:32:40","slug":"2-giugno-una-scelta-da-rinnovare-sempre","status":"publish","type":"post","link":"http:\/\/www.associazione-apertamente.org\/m\/2023\/06\/01\/2-giugno-una-scelta-da-rinnovare-sempre\/","title":{"rendered":"2 giugno: una scelta da rinnovare sempre"},"content":{"rendered":"\n<p>Alla fine della Seconda guerra mondiale furono due i Paesi a decidere del destino delle loro monarchie in modo democratico: l\u2019Italia e il Belgio. Nel Paese del nord Europa il passaggio fu molto complicato: nonostante re Leopoldo III rimase sostanzialmente prigioniero dei nazisti durante l\u2019occupazione e non collabor\u00f2 mai con essi, il suo fare autoritario lo rendeva inviso alla parte francese della nazione e la sua riconferma avrebbe messo in pericolo l\u2019esistenza stessa del Regno. Nemmeno il referendum del 1950, dove la maggioranza dei belgi, con il voto plebiscitario dei fiamminghi, concesse al sovrano di rientrare in patria, plac\u00f2 le tensioni. Si ebbero scioperi e scontri di piazza e il rischio della secessione della parte francese era altissimo. Leopoldo, allora, sotto le pressioni del governo abdic\u00f2 in favore del figlio Baldovino.<\/p>\n\n\n\n<p>I belgi votarono sul rientro del re e la ripresa delle sue funzioni, il testo del quesito referendario era: \u201cSei del parere che il re Leopoldo III dovrebbe riprendere l&#8217;esercizio dei suoi poteri costituzionali?\u201d. l\u2019Italia, invece, venne chiamata a scegliere quale forma di governo adottare: monarchia o repubblica. La scheda elettorale, infatti, sotto la dicitura \u201cReferendum sulla forma istituzionale dello Stato\u201d era divisa in due con due cartine dell\u2019Italia: a sinistra la scritta Repubblica con la raffigurazione dell\u2019Italia, la famosa Italia turrita, un volto di donna con la testa cinta da una corona a forma di torri; a destra Monarchia con lo stemma di casa Savoia.<\/p>\n\n\n\n<p>Fin\u00ec 54,3% contro 45,7 % per la Repubblica, con un vantaggio di 2 milioni di voti. Si espresse in favore della Repubblica il nord e il centro del Paese e tutte le maggiori citt\u00e0, per la monarchia il sud e citt\u00e0 come Roma, Napoli, Palermo e Bari. La Venezia Giulia e l\u2019Alto Adige per i quali era ancora aperta la controversia con Austria e Jugoslavia sulla loro appartenenza non votarono. Per la prima volta le donne esercitarono il diritto di voto.<\/p>\n\n\n\n<p>Dopo essersi impegnato a rispettare l\u2019esito del referendum il re Umberto II, salito al trono dopo l\u2019abdicazione del padre Vittorio Emanuele III, inizi\u00f2 a mettere in dubbio l\u2019esito della consultazione anche dopo la proclamazione dei risultati. Solo il 13 giugno Umberto con un ambiguo proclama prendeva atto delle conseguenze del voto, senza riconoscerne l\u2019esito, per poi lasciare il Paese. Il capo del governo, Alcide De Gasperi, boll\u00f2 quel proclama come \u201cpenoso e impostato su basi false e artificiose\u201d. I monarchici attivarono diversi ricorsi, sostenendo che ci sarebbe voluta la maggioranza di tutti i voti, comprese le schede bianche e nulle, per sancire il risultato favorevole alla repubblica. Cos\u00ec il 18 giugno la Corte di Cassazione, con dodici magistrati contro sette, stabil\u00ec che per &#8220;maggioranza degli elettori votanti&#8221;, si dovesse intendere la &#8220;maggioranza dei voti validi&#8221;, e si procedette alla pubblicazione dei risultati definitivi della consultazione referendaria, chiudendo qualsiasi controversia sull\u2019esito del voto.<\/p>\n\n\n\n<p>Con gli occhi di oggi si pu\u00f2 affermare che la vittoria repubblicana fu meno grande di quanto si potesse immaginare e di quanto sarebbe stato giusto.&nbsp; Nonostante tra i partiti del CLN solo quello liberale si era espresso a favore della monarchia e nell\u2019opinione pubblica pesava ancora la fuga dei reali l\u20198 settembre del 1943, quando lasciarono il Paese in balia dell\u2019invasione tedesca, molti italiani dimenticarono, o vollero dimenticare, al momento del voto, il ruolo della monarchia nell\u2019ascesa del fascismo, nel sostegno al regime fascista, nell\u2019alleanza con la Germania nazista, nelle leggi razziali, nell\u2019entrata in guerra che port\u00f2 alla devastazione del Paese. Se al nord le vicende della Resistenza erano ancora sentite e lo spirito del 25 aprile permise una netta affermazione della Repubblica a sud le vecchie istituzioni e i vecchi sistemi di potere resistettero e ottennero un rilevante risultato, fino al paradosso di Napoli, citt\u00e0 che per prima si liber\u00f2 dei nazifascisti, dove la monarchia ottenne oltre il 70% di consensi.<\/p>\n\n\n\n<p>Quando pensiamo al nostro Paese, alle sue pulsioni pi\u00f9 profonde e allo stato delle nostre istituzioni democratiche, dovremmo sempre tenere a mente la lezione del 2 giugno 1946, una lezione che ci dice che, pur a fronte di una maggioranza di cittadini che scelsero la Repubblica, la piena democrazia e la modernit\u00e0, un largo strato di essi rimase ancora attaccato a una vecchia istituzione che era stata complice del fascismo e del disfacimento della nazione. Quasi che la scelta per la libert\u00e0, la democrazia, la responsabilit\u00e0 non si possa mai dare per scontata nella nostra opinione pubblica.<\/p>\n\n\n\n<p>Per questo, anche oggi, il ricordo di quel giorno e di quella scelta non pu\u00f2 e non deve essere banale e retorico; il 2 giugno va visto e ricordato come una scelta che ci permise di sviluppare appieno un sistema democratico che si pose come obiettivo garantire la libert\u00e0 e la giustizia sociale per tutti. Da quel 2 giugno oltre alla forma istituzionale del Paese ne deriva la nostra Costituzione, la legge fondamentale dello Stato che, realizzata con il contributo di diverse culture politiche, ci consente, ancora oggi, di vivere in libert\u00e0 e democrazia.<\/p>\n\n\n\n<p>Teniamone conto quando vediamo chi pensa di stravolgere una Costituzione che ha mostrato in tanti anni la sua forza e validit\u00e0, perch\u00e9 la nostra democrazia \u00e8, comunque, ancora giovane e gli italiani non hanno maturato quegli anticorpi forti e robusti contro l\u2019autoritarismo che altri Paesi hanno costruito negli anni.<\/p>\n\n\n\n<p>Resta anche l\u2019esempio di come un passaggio fondamentale per la storia italiana sia stato allora gestito nella libert\u00e0 e nella democrazia, come a voler ristabilire, in quel delicato passaggio, i principi che il fascismo aveva violentato. E cos\u00ec, infatti, in una efficace sintesi, scrisse di quegli eventi Piero Calamandrei: \u201cMai nella storia \u00e8 avvenuto, n\u00e9 mai ancora avverr\u00e0 che una repubblica sia stata proclamata per libera scelta di popolo mentre era ancora sul trono il re\u201d.<\/p>\n","protected":false},"excerpt":{"rendered":"<p>Alla fine della Seconda guerra mondiale furono due i Paesi a decidere del destino delle loro monarchie in modo democratico: l\u2019Italia e il Belgio. Nel Paese del nord Europa il passaggio fu molto complicato: nonostante re Leopoldo III rimase sostanzialmente prigioniero dei nazisti durante l\u2019occupazione e non collabor\u00f2 mai con essi, il suo fare autoritario lo rendeva inviso alla parte francese della nazione e la sua riconferma avrebbe messo in pericolo l\u2019esistenza stessa del Regno. Nemmeno il referendum del 1950,<span class=\"excerpt-hellip\"> [\u2026]<\/span><\/p>\n","protected":false},"author":1,"featured_media":4583,"comment_status":"open","ping_status":"open","sticky":false,"template":"","format":"standard","meta":[],"categories":[13],"tags":[],"_links":{"self":[{"href":"http:\/\/www.associazione-apertamente.org\/m\/wp-json\/wp\/v2\/posts\/4582"}],"collection":[{"href":"http:\/\/www.associazione-apertamente.org\/m\/wp-json\/wp\/v2\/posts"}],"about":[{"href":"http:\/\/www.associazione-apertamente.org\/m\/wp-json\/wp\/v2\/types\/post"}],"author":[{"embeddable":true,"href":"http:\/\/www.associazione-apertamente.org\/m\/wp-json\/wp\/v2\/users\/1"}],"replies":[{"embeddable":true,"href":"http:\/\/www.associazione-apertamente.org\/m\/wp-json\/wp\/v2\/comments?post=4582"}],"version-history":[{"count":1,"href":"http:\/\/www.associazione-apertamente.org\/m\/wp-json\/wp\/v2\/posts\/4582\/revisions"}],"predecessor-version":[{"id":4584,"href":"http:\/\/www.associazione-apertamente.org\/m\/wp-json\/wp\/v2\/posts\/4582\/revisions\/4584"}],"wp:featuredmedia":[{"embeddable":true,"href":"http:\/\/www.associazione-apertamente.org\/m\/wp-json\/wp\/v2\/media\/4583"}],"wp:attachment":[{"href":"http:\/\/www.associazione-apertamente.org\/m\/wp-json\/wp\/v2\/media?parent=4582"}],"wp:term":[{"taxonomy":"category","embeddable":true,"href":"http:\/\/www.associazione-apertamente.org\/m\/wp-json\/wp\/v2\/categories?post=4582"},{"taxonomy":"post_tag","embeddable":true,"href":"http:\/\/www.associazione-apertamente.org\/m\/wp-json\/wp\/v2\/tags?post=4582"}],"curies":[{"name":"wp","href":"https:\/\/api.w.org\/{rel}","templated":true}]}}