{"id":4525,"date":"2023-04-17T23:17:47","date_gmt":"2023-04-17T21:17:47","guid":{"rendered":"http:\/\/www.associazione-apertamente.org\/m\/?p=4525"},"modified":"2023-04-17T23:17:47","modified_gmt":"2023-04-17T21:17:47","slug":"passi-controvento","status":"publish","type":"post","link":"http:\/\/www.associazione-apertamente.org\/m\/2023\/04\/17\/passi-controvento\/","title":{"rendered":"Passi controvento"},"content":{"rendered":"\n<p>di Andrea Bellavite del 17\/4\/2023<\/p>\n\n\n\n<p>E&#8217; stata molto interessante la mattinata di sabato 16 aprile, grazie alla proposta dell&#8217;ANPI di Gorizia incentrata sulla visita ad alcuni luoghi importanti della citt\u00e0.&nbsp;<\/p>\n\n\n\n<p>Si \u00e8 iniziato presso la sinagoga, dove Luciano Patat ha tracciato una breve sintesi della storia dell&#8217;ebraismo goriziano, soffermandosi in particolare sulla tragedia della deportazione degli appartenenti alla comunit\u00e0 di Gorizia, sterminata di fatto dalle deportazioni nei campi di sterminio nazisti.<\/p>\n\n\n\n<p>Nella zona di via San Giovanni, dove tuttora \u00e8 visibile il balcone in ferro battuto con al centro il monogramma dell&#8217;associazione sportiva Ju\u017eni Sokol, sono state ricordate le forme di opposizione alla repressione fascista degli sloveni della Primorska, rilevando i luoghi degli incontri clandestini che hanno portato alla costituzione del gruppo TIGR. Di esso ha parlato Gorazd Humar, presidente attuale del sodalizio che tiene viva la memoria della lotta del popolo sloveno per la salvaguardia della propria lingua e cultura.&nbsp;<\/p>\n\n\n\n<p>La sosta successiva \u00e8 stata davanti al Seminario teologico centrale di Gorizia, dove \u00e8 stato ricordato il ruolo multiforme della Chiesa cattolica nel periodo del fascismo e durante la seconda guerra mondiale. Si \u00e8 sottolineato il ruolo degli arcivescovi Sedej e Margotti, in mezzo a loro il (funesto) periodo, dal 1931 al 1934, dell&#8217;amministrazione apostolica di Sirotti. Si sono notate le differenze d&#8217;approccio del clero e del laicato sloveni, friulani e italiani, nella prospettiva di una nuova fase di collaborazione e pacificazione realizzata &#8211; almeno in parte &#8211; soltanto negli anni &#8217;60 del XX secolo.<\/p>\n\n\n\n<p>La visita esterna del palazzo del Trgovski dom, edificato nel 1903 dall&#8217;architetto Max Fabiani, ha consentito di fare il punto sulle attivit\u00e0 commerciali e culturali della comunit\u00e0 slovena goriziana all&#8217;inizio del XX secolo. Si \u00e8 poi ricordata la continua pressione da parte dei fascisti che ha portato, nel 1926, all&#8217;assalto e alla devastazione dell&#8217;ambiente e alla sua successiva trasformazione in Casa del fascio, cos\u00ec denominata fino alla fine della seconda guerra mondiale, quando, per un paio d&#8217;anni, fino al 1947, \u00e8 stata Casa del popolo. Divenuta sede di uffici statali, solo nell&#8217;ultimo periodo \u00e8 ritornata alla Comunit\u00e0 slovena, che ne ha realizzato per il momento la bella biblioteca Fejgel e un vivace centro culturale.<\/p>\n\n\n\n<p>Il gruppo si \u00e8 spostato poi in Largo Culiat, dove Anna Di Gianantonio ha descritto gli avvenimenti accaduti negli edifici circostanti. C&#8217;\u00e8 la bella, ma in progressivo degrado, villa Louise, meglio conosciuta come Villa Elda, in memoria della sorella di Carlo Michelstaedter, moglie del medico Silvio Morpurgo, costretto dalle leggi razziali a chiudere il proprio studio medico. C&#8217;\u00e8 l&#8217;attuale scuola Locchi, un tempo caserma dove venivano portati gli arrestati che, dopo tremende torture, venivano instradati verso i campi di concentramento e sterminio nazisti. La stessa sorte era riservata a coloro che venivano presi e portati in una casa dell&#8217;attuale via Crispi e soprattutto in Via Roma, torturati e umiliati prima della deportazione o dell&#8217;eliminazione fisica.<\/p>\n\n\n\n<p>Insomma, si \u00e8 trattato di un viaggio nel cuore della citt\u00e0, con alcune suggestioni nuove e inedite, sempre con nella mente e nel cuore l&#8217;orrore per il totale disprezzo della vita e della dignit\u00e0 di ogni persona.<\/p>\n","protected":false},"excerpt":{"rendered":"<p>di Andrea Bellavite del 17\/4\/2023 E&#8217; stata molto interessante la mattinata di sabato 16 aprile, grazie alla proposta dell&#8217;ANPI di Gorizia incentrata sulla visita ad alcuni luoghi importanti della citt\u00e0.&nbsp; Si \u00e8 iniziato presso la sinagoga, dove Luciano Patat ha tracciato una breve sintesi della storia dell&#8217;ebraismo goriziano, soffermandosi in particolare sulla tragedia della deportazione degli appartenenti alla comunit\u00e0 di Gorizia, sterminata di fatto dalle deportazioni nei campi di sterminio nazisti. Nella zona di via San Giovanni, dove tuttora \u00e8<span class=\"excerpt-hellip\"> [\u2026]<\/span><\/p>\n","protected":false},"author":1,"featured_media":4526,"comment_status":"open","ping_status":"open","sticky":false,"template":"","format":"standard","meta":[],"categories":[13],"tags":[],"_links":{"self":[{"href":"http:\/\/www.associazione-apertamente.org\/m\/wp-json\/wp\/v2\/posts\/4525"}],"collection":[{"href":"http:\/\/www.associazione-apertamente.org\/m\/wp-json\/wp\/v2\/posts"}],"about":[{"href":"http:\/\/www.associazione-apertamente.org\/m\/wp-json\/wp\/v2\/types\/post"}],"author":[{"embeddable":true,"href":"http:\/\/www.associazione-apertamente.org\/m\/wp-json\/wp\/v2\/users\/1"}],"replies":[{"embeddable":true,"href":"http:\/\/www.associazione-apertamente.org\/m\/wp-json\/wp\/v2\/comments?post=4525"}],"version-history":[{"count":1,"href":"http:\/\/www.associazione-apertamente.org\/m\/wp-json\/wp\/v2\/posts\/4525\/revisions"}],"predecessor-version":[{"id":4527,"href":"http:\/\/www.associazione-apertamente.org\/m\/wp-json\/wp\/v2\/posts\/4525\/revisions\/4527"}],"wp:featuredmedia":[{"embeddable":true,"href":"http:\/\/www.associazione-apertamente.org\/m\/wp-json\/wp\/v2\/media\/4526"}],"wp:attachment":[{"href":"http:\/\/www.associazione-apertamente.org\/m\/wp-json\/wp\/v2\/media?parent=4525"}],"wp:term":[{"taxonomy":"category","embeddable":true,"href":"http:\/\/www.associazione-apertamente.org\/m\/wp-json\/wp\/v2\/categories?post=4525"},{"taxonomy":"post_tag","embeddable":true,"href":"http:\/\/www.associazione-apertamente.org\/m\/wp-json\/wp\/v2\/tags?post=4525"}],"curies":[{"name":"wp","href":"https:\/\/api.w.org\/{rel}","templated":true}]}}