{"id":4523,"date":"2023-04-14T18:05:37","date_gmt":"2023-04-14T16:05:37","guid":{"rendered":"http:\/\/www.associazione-apertamente.org\/m\/?p=4523"},"modified":"2023-04-14T18:05:38","modified_gmt":"2023-04-14T16:05:38","slug":"il-mio-mondo","status":"publish","type":"post","link":"http:\/\/www.associazione-apertamente.org\/m\/2023\/04\/14\/il-mio-mondo\/","title":{"rendered":"Il Mio Mondo"},"content":{"rendered":"\n<p>di Bianca Della Pietra del 14\/4\/2023<\/p>\n\n\n\n<p>Guardo in giro le case.<\/p>\n\n\n\n<p>Alcune, unifamiliari, mi paiono spropositatamente grandi e mi chiedo: vale la pena costruire una casa cos\u00ec grande e non pensare al consumo di suolo che questa comporta? Tutte con il giardino privato: i giardini pubblici in queste zone non servono anzi, servono se piantumati con tanti alberi che almeno producono ombra (ossigeno come parte residuale). Per\u00f2 hanno le foglie che entrano senza chiedere permesso negli spazi privati e quindi sarebbe quasi meglio che non ci fossero.<\/p>\n\n\n\n<p>Ve ne sono poi altre, ancora unifamiliari, che si presentano all\u2019esterno in modo bivalente: la facciata solitamente a posto, a volte ben curata a volte tenuta proprio male. Di queste solitamente anche il retro \u00e8 trascurato. Altre perfette: giardino super curato con alberi e cespugli, fiori e piante che sembrano munutenuti da Edward Mani di Forbice. Se fossero di plastica nessuno se ne accorgerebbe.<\/p>\n\n\n\n<p>Vi sono poi i condomini tra cui alcuni sono stati restaurati anche grazie al bonus facciate, altri, forse pi\u00f9 recenti che si presentano esteticamente \u201ca posto\u201d, altri trascurati a volte completamente.<\/p>\n\n\n\n<p>Ma ognuno degli abitanti di queste case, quando chiude il cancello o la porta si sente a casa propria, probabilmente al sicuro e forse anche bene tra quelle mura che non conosciamo. Possiamo forse immaginarli i suoi abitanti quando, al calar della sera, si accendono le luci e possiamo intravedere qualcosa alzando la testa verso l\u2019alto oppure oltre il confine che divide lo spazio pubblico da quello privato.<\/p>\n\n\n\n<p>Nel proprio mondo quasi tutti si sentono intimamente connessi con le proprie mura, gli arredi, le suppellettili. \u00c8 questa percezione che ci fa giudicare con tante parole quel che accade fuori: la politica locale, le infrastrutture, i servizi, il paesaggio, le altre persone. Quasi quasi il \u201cfuori\u201d ci \u00e8 indifferente.<\/p>\n\n\n\n<p>Quando usciamo ci portiamo dentro le osservazioni che abbiamo fatto e, se non siamo in grado o non abbiamo voglia di condividerle, rimangono l\u00ec e si stratificano, consolidano, indiscutibili.<\/p>\n\n\n\n<p>Certo che per\u00f2 siamo persone con una certa apertura mentale (non tutti) e quindi cerchiamo di informarci, magari leggendo il giornale, ascoltando qualche servizio. Ma, nella maggior parte dei casi il nostro percorso informativo percorre indicazioni prefissate, ricorrenti, quelle che siamo abituati a scegliere per comodit\u00e0, integerrima convinzione, perch\u00e9 si \u00e8 sempre fatto cos\u00ec nella famiglia, nel gruppo.<\/p>\n\n\n\n<p>Raramente le scelte vengono messe in discussione da domande che ci poniamo o che ci pongono gli altri: il dubbio \u00e8 un atteggiamento raro, cos\u00ec come l\u2019umilt\u00e0 nell\u2019ascoltare o, ancora pi\u00f9 raro, il pensiero divergente che ci fa dire: <em>e se invece<\/em>?<\/p>\n\n\n\n<p>Sembra prevalere l\u2019esigenza di regolare il pi\u00f9 possibile con tante leggi e tante norme e di tenere sotto controllo usando una burocrazia che pare crescere smisuratamente e davanti alla quale spesso ci sentiamo sopraffatti. La qual cosa aumenta lo spirito ribelle, ma non quello costruttivo. Mettiamoci anche le semplificazioni culturali operate dai media: una notizia di qualcosa che si far\u00e0, viene interpretata come \u201cgi\u00e0 fatto\u201d cui si aggiunge \u201cl\u2019ho sentito alla televisione\u201d.<\/p>\n\n\n\n<p>In generale mi viene da dire che la tolleranza dell\u2019ambiguit\u00e0, l\u2019apertura al cambiamento, la progettazione del futuro che ne conseguono, sono aspetti che facciamo difficolt\u00e0 a sostenere singolarmente, a condividere socialmente e a veder rappresentati politicamente.<\/p>\n\n\n\n<p>Nei recenti tempi di campagna elettorale ecco per\u00f2 che sono spuntate, come sempre, le eccezioni: protagonisti credibili, affidabili, vicini alle nostre esigenze, desiderosi di impegnarsi per il bene comune (spesso limitato a quello del loro gruppo di sostenitori, per\u00f2) con le loro faccione sorridenti che ci guardano dai grandi manifesti affissi per strada.<\/p>\n\n\n\n<p>Le persone che cercano autonomia e indipendenza, quelle consce quindi del loro valore, delle loro reali possibilit\u00e0 e limiti, aperte nei confronti degli altri rispetto ai quali hanno consapevolezza della reciproca interdipendenza fanno fatica ad emergere e a essere viste. Sono presenti nelle associazioni di volontariato, anche se non in tutte. Spesso semplicemente vivono nelle loro case, ma con un atteggiamento diverso, anche aperto al diverso\u2026cos\u00ec come si presentano le case sul territorio: autonome nello spazio, &nbsp;ma parte di un paesaggio co-costruito che pochi riescono a leggere in questo senso.<\/p>\n\n\n\n<p>Di fatto non vogliamo saperne dell\u2019interdipendenza cui, nostro malgrado, sottostiamo. Condividiamo ambienti, relazioni, scopi con diverse persone, in gruppi di diverse dimensioni. Il problema \u00e8 riuscire a vedere fuori di noi e non immaginarci che gli altri siano dei riflessi del nostro modo di pensare e del nostro mondo. L\u2019interdipendenza prevede la collaborazione mentre, secondo Richard Sennett, \u201cIl Ventesimo secolo ha pervertito la collaborazione in nome della solidariet\u00e0\u2026Il potere perverso della solidariet\u00e0, nella forma che contrappone <em>noi <\/em>a <em>loro<\/em>, pervade ancora la societ\u00e0 civile delle democrazie liberali\u201d.<\/p>\n\n\n\n<p>E questo a partire dai nostri piccoli luoghi sicuri, le nostre case, dove il mondo individuale spesso si alimenta del gioco di specchi che ci da ragione e non ci aiuta nel confronto aperto.<\/p>\n\n\n\n<p>L\u2019idea che la collaborazione piuttosto che la competizione (anche a fianco della paternalistica solidariet\u00e0) possa essere un modo per affrontare i problemi e portare proposte di soluzione, per costruire una comunit\u00e0, per vivere pi\u00f9 serenamente, per offrire chance o esempi anche a giovani, in sintesi che la collaborazione possa essere una via per la sostenibilit\u00e0 nei suoi diversi aspetti sociale, ambientale, economica.<\/p>\n\n\n\n<p>Ci sarebbero anche diverse occasioni nazionali che ricordano avvenimenti importanti per la vita del nostro Paese a fornirci occasioni di sperimentare, conoscere, praticare forme collaborative: 25 Aprile, 2 Giugno, 1 Maggio, le festivit\u00e0 religiose, le Giornate della Memoria e del Ricordo, ma anche la Giornata Mondiale della Gentilezza, la Giornata Nazionale della cura della vita delle persone e del pianeta, questa appena istituita il 1\/03\/2023. E poi la Giornata Internazionale della felicit\u00e0, la Giornata Nazionale del Paesaggio, oppure la Giornata della Collaborazione Civica istituita dall\u2019Amministrazione Comunale romana in uno dei quartieri della citt\u00e0, un bell\u2019esempio da copiare.<\/p>\n\n\n\n<p>Sono idee, spunti di riflessione, esempi e proposte al fine di vivere una vita buona assieme agli altri, non contro agli altri: uomini contro donne, adulti contro bambini, indigeni contro stranieri, familiari contro estranei, destri contro sinistri senza renderci conto che, alla fine, sinistri (aggettivo) se continuiamo in questo autorispecchiamento, lo diventiamo tutti.<\/p>\n","protected":false},"excerpt":{"rendered":"<p>di Bianca Della Pietra del 14\/4\/2023 Guardo in giro le case. Alcune, unifamiliari, mi paiono spropositatamente grandi e mi chiedo: vale la pena costruire una casa cos\u00ec grande e non pensare al consumo di suolo che questa comporta? Tutte con il giardino privato: i giardini pubblici in queste zone non servono anzi, servono se piantumati con tanti alberi che almeno producono ombra (ossigeno come parte residuale). Per\u00f2 hanno le foglie che entrano senza chiedere permesso negli spazi privati e quindi<span class=\"excerpt-hellip\"> [\u2026]<\/span><\/p>\n","protected":false},"author":1,"featured_media":4282,"comment_status":"open","ping_status":"open","sticky":false,"template":"","format":"standard","meta":[],"categories":[10],"tags":[],"_links":{"self":[{"href":"http:\/\/www.associazione-apertamente.org\/m\/wp-json\/wp\/v2\/posts\/4523"}],"collection":[{"href":"http:\/\/www.associazione-apertamente.org\/m\/wp-json\/wp\/v2\/posts"}],"about":[{"href":"http:\/\/www.associazione-apertamente.org\/m\/wp-json\/wp\/v2\/types\/post"}],"author":[{"embeddable":true,"href":"http:\/\/www.associazione-apertamente.org\/m\/wp-json\/wp\/v2\/users\/1"}],"replies":[{"embeddable":true,"href":"http:\/\/www.associazione-apertamente.org\/m\/wp-json\/wp\/v2\/comments?post=4523"}],"version-history":[{"count":1,"href":"http:\/\/www.associazione-apertamente.org\/m\/wp-json\/wp\/v2\/posts\/4523\/revisions"}],"predecessor-version":[{"id":4524,"href":"http:\/\/www.associazione-apertamente.org\/m\/wp-json\/wp\/v2\/posts\/4523\/revisions\/4524"}],"wp:featuredmedia":[{"embeddable":true,"href":"http:\/\/www.associazione-apertamente.org\/m\/wp-json\/wp\/v2\/media\/4282"}],"wp:attachment":[{"href":"http:\/\/www.associazione-apertamente.org\/m\/wp-json\/wp\/v2\/media?parent=4523"}],"wp:term":[{"taxonomy":"category","embeddable":true,"href":"http:\/\/www.associazione-apertamente.org\/m\/wp-json\/wp\/v2\/categories?post=4523"},{"taxonomy":"post_tag","embeddable":true,"href":"http:\/\/www.associazione-apertamente.org\/m\/wp-json\/wp\/v2\/tags?post=4523"}],"curies":[{"name":"wp","href":"https:\/\/api.w.org\/{rel}","templated":true}]}}