{"id":4377,"date":"2022-12-18T22:13:41","date_gmt":"2022-12-18T21:13:41","guid":{"rendered":"http:\/\/www.associazione-apertamente.org\/m\/?p=4377"},"modified":"2022-12-18T22:13:41","modified_gmt":"2022-12-18T21:13:41","slug":"buon-natale-e-felice-2023","status":"publish","type":"post","link":"http:\/\/www.associazione-apertamente.org\/m\/2022\/12\/18\/buon-natale-e-felice-2023\/","title":{"rendered":"Buon Natale e felice 2023."},"content":{"rendered":"\n<p>Carissimi,<\/p>\n\n\n\n<p>farci gli auguri quest\u2019anno, come in quelli appena passati, non \u00e8 un esercizio banale e scontato.<\/p>\n\n\n\n<p>Stiamo attraversando anni difficili: la pandemia, la guerra, una profonda crisi economica che allarga le sacche di povert\u00e0 e aumenta la nostra insicurezza e sfiducia nel futuro, una situazione politica che non pu\u00f2 certo lasciare indifferenti chi, come noi, crede alla giustizia sociale, al progresso e alla pace.<\/p>\n\n\n\n<p>Cos\u00ec, altre ad augurare a tutti voi, collaboratori e amici di Apertamente, ai nostri tanti lettori e a coloro che seguono le nostre iniziative, un anno migliore, vi assicuriamo il nostro impegno a continuare.<\/p>\n\n\n\n<p>Crediamo che, proprio in questo periodo, proseguire nel fare cultura, produrre conoscenza, alimentare il confronto culturale, sia un atto importante, un contributo a cercare di costruire un futuro migliore.<\/p>\n\n\n\n<p>Siamo una piccola realt\u00e0 culturale, forse nemmeno pi\u00f9 tanto piccola, profondamente radicati nella nostra regione e, di tanto intanto, sappiamo anche affacciarci sulla scena nazionale.<\/p>\n\n\n\n<p>Continueremo cos\u00ec, cercando pure di fare meglio, e sar\u00e0 il nostro contributo a realizzare un futuro migliore.<\/p>\n\n\n\n<p>\u00c8 un impegno e un augurio che ci facciamo e facciamo a tutti voi.<\/p>\n\n\n\n<p>Buon Natale e felice 2023.<\/p>\n\n\n\n<p>La Redazione di Apertamente<\/p>\n","protected":false},"excerpt":{"rendered":"<p>Carissimi, farci gli auguri quest\u2019anno, come in quelli appena passati, non \u00e8 un esercizio banale e scontato. Stiamo attraversando anni difficili: la pandemia, la guerra, una profonda crisi economica che allarga le sacche di povert\u00e0 e aumenta la nostra insicurezza e sfiducia nel futuro, una situazione politica che non pu\u00f2 certo lasciare indifferenti chi, come noi, crede alla giustizia sociale, al progresso e alla pace. Cos\u00ec, altre ad augurare a tutti voi, collaboratori e amici di Apertamente, ai nostri tanti<span class=\"excerpt-hellip\"> [\u2026]<\/span><\/p>\n","protected":false},"author":1,"featured_media":4376,"comment_status":"open","ping_status":"open","sticky":false,"template":"","format":"standard","meta":[],"categories":[10],"tags":[],"_links":{"self":[{"href":"http:\/\/www.associazione-apertamente.org\/m\/wp-json\/wp\/v2\/posts\/4377"}],"collection":[{"href":"http:\/\/www.associazione-apertamente.org\/m\/wp-json\/wp\/v2\/posts"}],"about":[{"href":"http:\/\/www.associazione-apertamente.org\/m\/wp-json\/wp\/v2\/types\/post"}],"author":[{"embeddable":true,"href":"http:\/\/www.associazione-apertamente.org\/m\/wp-json\/wp\/v2\/users\/1"}],"replies":[{"embeddable":true,"href":"http:\/\/www.associazione-apertamente.org\/m\/wp-json\/wp\/v2\/comments?post=4377"}],"version-history":[{"count":1,"href":"http:\/\/www.associazione-apertamente.org\/m\/wp-json\/wp\/v2\/posts\/4377\/revisions"}],"predecessor-version":[{"id":4378,"href":"http:\/\/www.associazione-apertamente.org\/m\/wp-json\/wp\/v2\/posts\/4377\/revisions\/4378"}],"wp:featuredmedia":[{"embeddable":true,"href":"http:\/\/www.associazione-apertamente.org\/m\/wp-json\/wp\/v2\/media\/4376"}],"wp:attachment":[{"href":"http:\/\/www.associazione-apertamente.org\/m\/wp-json\/wp\/v2\/media?parent=4377"}],"wp:term":[{"taxonomy":"category","embeddable":true,"href":"http:\/\/www.associazione-apertamente.org\/m\/wp-json\/wp\/v2\/categories?post=4377"},{"taxonomy":"post_tag","embeddable":true,"href":"http:\/\/www.associazione-apertamente.org\/m\/wp-json\/wp\/v2\/tags?post=4377"}],"curies":[{"name":"wp","href":"https:\/\/api.w.org\/{rel}","templated":true}]}}