{"id":4030,"date":"2022-03-08T19:04:47","date_gmt":"2022-03-08T18:04:47","guid":{"rendered":"http:\/\/www.associazione-apertamente.org\/m\/?p=4030"},"modified":"2022-03-08T19:09:13","modified_gmt":"2022-03-08T18:09:13","slug":"il-muro-di-putin","status":"publish","type":"post","link":"http:\/\/www.associazione-apertamente.org\/m\/2022\/03\/08\/il-muro-di-putin\/","title":{"rendered":"Il muro di Putin"},"content":{"rendered":"\n<p>di Davide Strukelj del 8\/3\/2022<\/p>\n\n\n\n<p>La leggenda narra che in quei giorni di trent&#8217;anni fa che videro il crollo del Muro di Berlino e (l&#8217;ennesima) &#8220;fine della storia&#8221;, come ebbe modo di scrivere Francis Fukuyama mutuando la locuzione da Hegel e da Kojeve (1), il giovane Putin si distinse per intrepido valore e determinazione.<br>Impugnata la pistola di ordinanza, ferm\u00f2 la folla minacciando di usare contro di essa undici dei dodici colpi in canna e riservare il dodicesimo per s\u00e9.<br>La folla obbed\u00ec a quel sconosciuto agente del morituro Komitet per la sicurezza (KGB) e il giovane Vladimir inizi\u00f2 di l\u00ec a poco una folgorante carriera politica.<br><br>Ma la &#8220;fine della storia&#8221;, che in precedenza sarebbe stata sancita da Napoleone prima, da Stalin dopo e da ultimo dalla caduta del muro di Berlino, non era certo un concetto applicabile al Presidente <em>ad libitum<\/em> della Federazione Russa: troppo poco per uno come lui. Non per nulla noti politici italiani lo hanno pi\u00f9 volte identificato come &#8220;uno dei migliori uomini politici della nostra epoca&#8221; (Salvini, 2018); &#8220;un dono del Signore&#8221; (Berlusconi, 2010) nonch\u00e9 il garante della pace nel mondo: &#8220;meno male che c&#8217;\u00e8 Putin&#8221; (Di Battista, 2019).<br><br>L&#8217;anacronistico imperatore della &#8220;democratura&#8221; russa (2) non poteva certo accontentarsi di entrare nei libri di storia per le pur onorevoli menzioni degli Statisti italici (e non solo di questi&#8230;): qualcosa di pi\u00f9 grande andava fatto.<br>Ed \u00e8 cos\u00ec che qualche anno fa la sua mente instancabile partorisce il sommo disegno. Secondo i semplici meccanismi mentali dettati dall&#8217;imprintig scoperto da Konrad Lorenz (che aveva studiato il noto fenomeno nelle anatre selvatiche), il novello Cesare moscovita trova il modo di ripristinare ci\u00f2 che di pi\u00f9 simbolico aveva accompagnato la sua giovinezza e la sua ascesa al potere: la divisione del mondo in buoni e cattivi. Chi siano gli uni e chi gli altri non conta, l&#8217;importante \u00e8 che il mondo sia diviso in \u201cnoi\u201d e \u201cloro\u201d, poi per stabilire i rispettivi ruoli ci pu\u00f2 pensare la propaganda interna, un gioco da ragazzi.<br><br>E qual \u00e8 la struttura, fisica o simbolica, che meglio identifica la separazione? Cos&#8217;\u00e8 che divide meglio di ogni altra cosa? Ma certo: un muro. E muro sia!<br>Il costo da sostenere per erigere l&#8217;imperituro monumento non ha importanza, si misuri in dollari o rubli non fa niente. E non importa neanche se il vero prezzo sono le vite umane, vite di civili, di inermi, di bambini. Ogni grande impresa prevede dei sacrifici e per lo Zar redivivo l&#8217;altrui sofferenza non fa sostanza. Ma non c&#8217;\u00e8 via diplomatica che possa dare il seguito sperato: solo la guerra pu\u00f2 farlo e se guerra deve essere, che guerra sia. Che sia eroica o straziante dipende esclusivamente da chi la racconta, ma non ha alcuna importanza, perch\u00e9 esclusivamente la guerra ha un rilievo tale da meritare di rimanere scritta nei libri di storia per i secoli a venire.<br>Nella mente di Vladimir la guerra erige i grandi muri e a suo confronto la pace fa ben poca cosa: al pi\u00f9 li demolisce. La guerra come <em>pars costruens<\/em>, la pace come <em>pars destruens<\/em>&#8230; E il muro come elemento simbolico della separazione tra le civilt\u00e0, della loro identit\u00e0 e del pi\u00f9 radicale nazionalismo.<br>Il primo capitolo della storia del XXI secolo \u00e8 gi\u00e0 pronto per la stampa e il protagonista \u00e8 proprio lui: Vladimir Vladimirovi\u010d Putin. Nemmeno il COVID pu\u00f2 reggere il confronto.<br><br>Come ha ben scritto Damir Pili\u0107 su Slobodna Dalmacija (3), non importa se il muro di Putin sorger\u00e0 sul confine dell&#8217;autoproclamata Repubblica Popolare di Doneck, lungo le rive del Dnepr o ancora pi\u00f9 a ovest, rimane il fatto che un nuovo muro \u00e8 gi\u00e0 nato nel centro dell&#8217;Europa. Quello che ne conseguir\u00e0, purtroppo, possiamo immaginarlo fin d&#8217;ora.<br><br>E allora grazie Vladimir, tutti noi e le generazioni a venire ti siamo fin d&#8217;ora immensamente grati perch\u00e9, dopo questa tua epocale, ennesima bravata da bullo di periferia, dovremo ricominciare da capo il faticosissimo lavoro di abbattimento dei muri, fin d&#8217;ora tristemente consapevoli che tra quelle pietre sorgeranno innumerevoli tombe di innocenti morti a causa della tua idiota vanit\u00e0.<br><br><\/p>\n\n\n\n<p><br><br>1. Per una sintesi, si veda ad esempio <a href=\"https:\/\/www.limesonline.com\/cartaceo\/la-fine-della-storia-storia-di-unidea-senza-fine\" target=\"_blank\" rel=\"noreferrer noopener\">https:\/\/www.limesonline.com\/cartaceo\/la-fine-della-storia-storia-di-unidea-senza-fine<\/a><br>2. Secondo la definizione di Predrag Matvejevi\u0107 o di Eduardo Galeano<br>3. <a href=\"https:\/\/slobodnadalmacija.hr\/vijesti\/svijet\/velika-analiza-rusija-prekida-sa-zapadom-i-okrece-se-svome-dalekom-istoku-i-kini-no-pitanje-je-zasto-nije-samo-rekla-adio-i-otisla-bez-krvi-1172887\" target=\"_blank\" rel=\"noreferrer noopener\">https:\/\/slobodnadalmacija.hr\/vijesti\/svijet\/velika-analiza-rusija-prekida-sa-zapadom-i-okrece-se-svome-dalekom-istoku-i-kini-no-pitanje-je-zasto-nije-samo-rekla-adio-i-otisla-bez-krvi-1172887<\/a><\/p>\n","protected":false},"excerpt":{"rendered":"<p>di Davide Strukelj del 8\/3\/2022 La leggenda narra che in quei giorni di trent&#8217;anni fa che videro il crollo del Muro di Berlino e (l&#8217;ennesima) &#8220;fine della storia&#8221;, come ebbe modo di scrivere Francis Fukuyama mutuando la locuzione da Hegel e da Kojeve (1), il giovane Putin si distinse per intrepido valore e determinazione.Impugnata la pistola di ordinanza, ferm\u00f2 la folla minacciando di usare contro di essa undici dei dodici colpi in canna e riservare il dodicesimo per s\u00e9.La folla<span class=\"excerpt-hellip\"> [\u2026]<\/span><\/p>\n","protected":false},"author":1,"featured_media":4032,"comment_status":"open","ping_status":"open","sticky":false,"template":"","format":"standard","meta":[],"categories":[12],"tags":[],"_links":{"self":[{"href":"http:\/\/www.associazione-apertamente.org\/m\/wp-json\/wp\/v2\/posts\/4030"}],"collection":[{"href":"http:\/\/www.associazione-apertamente.org\/m\/wp-json\/wp\/v2\/posts"}],"about":[{"href":"http:\/\/www.associazione-apertamente.org\/m\/wp-json\/wp\/v2\/types\/post"}],"author":[{"embeddable":true,"href":"http:\/\/www.associazione-apertamente.org\/m\/wp-json\/wp\/v2\/users\/1"}],"replies":[{"embeddable":true,"href":"http:\/\/www.associazione-apertamente.org\/m\/wp-json\/wp\/v2\/comments?post=4030"}],"version-history":[{"count":1,"href":"http:\/\/www.associazione-apertamente.org\/m\/wp-json\/wp\/v2\/posts\/4030\/revisions"}],"predecessor-version":[{"id":4031,"href":"http:\/\/www.associazione-apertamente.org\/m\/wp-json\/wp\/v2\/posts\/4030\/revisions\/4031"}],"wp:featuredmedia":[{"embeddable":true,"href":"http:\/\/www.associazione-apertamente.org\/m\/wp-json\/wp\/v2\/media\/4032"}],"wp:attachment":[{"href":"http:\/\/www.associazione-apertamente.org\/m\/wp-json\/wp\/v2\/media?parent=4030"}],"wp:term":[{"taxonomy":"category","embeddable":true,"href":"http:\/\/www.associazione-apertamente.org\/m\/wp-json\/wp\/v2\/categories?post=4030"},{"taxonomy":"post_tag","embeddable":true,"href":"http:\/\/www.associazione-apertamente.org\/m\/wp-json\/wp\/v2\/tags?post=4030"}],"curies":[{"name":"wp","href":"https:\/\/api.w.org\/{rel}","templated":true}]}}