{"id":3966,"date":"2022-02-06T23:00:14","date_gmt":"2022-02-06T22:00:14","guid":{"rendered":"http:\/\/www.associazione-apertamente.org\/m\/?p=3966"},"modified":"2022-02-06T23:00:15","modified_gmt":"2022-02-06T22:00:15","slug":"sullinno-sloveno","status":"publish","type":"post","link":"http:\/\/www.associazione-apertamente.org\/m\/2022\/02\/06\/sullinno-sloveno\/","title":{"rendered":"Sull&#8217;inno sloveno"},"content":{"rendered":"\n<p>di Andrea Bellavite del 6\/2\/2022<\/p>\n\n\n\n<p>L\u20198 febbraio, giorno della morte di France Pre\u0161eren (1800-1849), la Slovenia celebra ogni anno Kulturni praznik, la Festa nazionale della Cultura. Ovunque, intorno all\u2019opera del grande poeta contemporaneo di Giacomo Leopardi, si rievocano le sue composizioni e si sottolinea l\u2019importanza della lingua e della cultura per ci\u00f2 che concerne la costruzione dell\u2019identit\u00e0 nazionale di un popolo e di ogni persona. Molti stati ricordano ufficialmente eventi bellici e storie di condottieri, quasi tutti esaltano giustamente il lavoro nella festivit\u00e0 del Primo maggio. Sembra che solo la Slovenia proponga ai suoi cittadini una pausa festiva per sottolineare come la Cultura sia il vero fondamento su cui innalzare le strutture portanti di ogni societ\u00e0.<\/p>\n\n\n\n<p>Si pu\u00f2 partecipare a questa ricorrenza soffermandosi sull\u2019inno nazionale sloveno, anche perch\u00e9 le parole e la musica hanno a che fare con il territorio \u201cgoriziano\u201d che si sta preparando alla straordinaria occasione della Capitale europea della Cultura 2025.<\/p>\n\n\n\n<p>Il titolo \u00e8 Zdravljica, in italiano Brindisi. L\u2019autore \u00e8 proprio Pre\u0161eren che nelle sette strofe vuole esaltare la grandezza dei valori della patria e la bellezza di una vita trascorsa nella gioia dello stare insieme. Vale la pena di riportare la parte che viene cantata nelle occasioni solenni, un auspicio di speranza e fratellanza tra tutti i popoli: Vivano tutti i popoli\/ che anelano al giorno\/in cu la discordia verr\u00e0 sradicata dal mondo\/e in cui ogni nostro connazionale\/sar\u00e0 libero\/e in cui il vicino\/non un diavolo sar\u00e0, ma un amico.<\/p>\n\n\n\n<p>Fin qua l\u2019augurio universale di pace, ma cosa c\u2019entra con il nostro territorio?<\/p>\n\n\n\n<p>La risposta ci porta a Podnanos, un interessante paese nell\u2019alta Vipav\u0161ka dolina, come dice il nome, ai piedi del monte Nanos, una trentina di chilometri da Gorizia, sulla strada che conduce a Lubiana, molto frequentata prima dell\u2019inaugurazione dell\u2019autostrada. Chiamato un tempo San Vito di Vipacco, ha visto nascere o esercitare il proprio servizio personalit\u00e0 importanti, tra le quali in particolare sono da annoverare due sacerdoti.<\/p>\n\n\n\n<p>Il primo, in ordine di apparizione, \u00e8 Matija Vertovec (1784-1851). Come molti preti sloveni vissuti nell\u2019Arcidiocesi di Gorizia in territorio asburgico, si \u00e8 distinto non soltanto come \u201cpastore d\u2019anime\u201d, ma anche come scienziato e insegnante. Tra parentesi, sarebbe interessante uno studio sul metodo di assegnazione delle parrocchie da parte dei vescovi dell\u2019Impero tra il XVIII e il XIX secolo. I seminaristi pi\u00f9 meritevoli venivano inviati a compiere studi nelle pi\u00f9 varie facolt\u00e0 delle universit\u00e0 di Vienna e di altri centri culturali importanti, poi invitati a svolgere il proprio ministero nelle zone pi\u00f9 marginali delle diocesi, con l\u2019esplicita finalit\u00e0 di far crescere la cultura attraverso l\u2019istruzione e la promozione di un\u2019attiva vita sociale. Tornando a Vertovec, questi aveva compiuto approfonditi studi di storia, letteratura, astronomia, filosofia e teologia. Parlava correntemente cinque lingue e soprattutto conosceva i segreti dell\u2019agronomia. Parroco a Podnanos negli ultimi 38 anni della sua esistenza, aveva insegnato alla gente come coltivare la vite e produrre il vino nel migliore dei modi, avviando la tradizione vinicola che ha portato in particolare i \u201cbianchi\u201d del Vipacco a una fama internazionale che non si \u00e8 affievolita fino i nostri giorni. Nel 1843 Vertovec scrive un articolo su una prestigiosa rivista slovena, nel quale invita i poeti a scrivere un\u2019ode dedicata al lavoro del viticoltore, al vino e alla civilt\u00e0 di gioia e di pace che un corale brindisi pu\u00f2 contribuire a edificare. France Pre\u0161eren, colpito da tale articolo, scrive un anno dopo la famosa poesia. Ed ecco a noi le parole dell\u2019inno nazionale sloveno!<\/p>\n\n\n\n<p>E la musica?<\/p>\n\n\n\n<p>Occorre tornare di nuovo al piccolo ma sorprendente Podnanos, dove, in una semplice casa situata nel centro, accanto a uno splendido ponte medievale, il 28 settembre 1880 \u00e8 nato Stanko Premrl. Anche in questo caso la vocazione al presbiterato si \u00e8 accompagnata a un\u2019altra passione e straordinaria competenza, quella per la musica. Chiamato a Lubiana, si distingue come ottimo organista della cattedrale, professore e direttore della scuola di musica sacra, tuttora indimenticato maestro di coro. Continua la sua attivit\u00e0 anche durante i brevi periodi di vacanza a Podnanos, insegnando in chiesa canto e musica ai suoi compaesani. Anche se dedito soprattutto alle armonie religiose, si cimenta con l\u2019arte cosiddetta profana e compone la musica da accompagnare alle parole di Zdravljica. Non \u00e8 un\u2019idea solo sua, sono ben 14 i musicisti che propongono una propria versione dell\u2019ode al vino e alla gioia dello stare insieme. Tuttavia, nel 1991, dopo il raggiungimento dell\u2019indipendenza, viene scelta la versione di Premrl ed \u00e8 quella che si ascolta nei momenti ufficiali dell\u2019anno civile, nonch\u00e9 nelle attualmente frequenti occasioni di vittorie sportive internazionali ottenute dagli atleti sloveni. Stanko Premrl muore a Lubiana nel 1965. Alcuni parenti vivono ancora a Podnanos, testimoni di altre storie importanti che meritano di essere raccontate, eventualmente in una prossima puntata\u2026<\/p>\n\n\n\n<p>Andrea Bellavite<\/p>\n\n\n\n<p>storieviandanti.blogspot.com<\/p>\n","protected":false},"excerpt":{"rendered":"<p>di Andrea Bellavite del 6\/2\/2022 L\u20198 febbraio, giorno della morte di France Pre\u0161eren (1800-1849), la Slovenia celebra ogni anno Kulturni praznik, la Festa nazionale della Cultura. Ovunque, intorno all\u2019opera del grande poeta contemporaneo di Giacomo Leopardi, si rievocano le sue composizioni e si sottolinea l\u2019importanza della lingua e della cultura per ci\u00f2 che concerne la costruzione dell\u2019identit\u00e0 nazionale di un popolo e di ogni persona. Molti stati ricordano ufficialmente eventi bellici e storie di condottieri, quasi tutti esaltano giustamente il<span class=\"excerpt-hellip\"> [\u2026]<\/span><\/p>\n","protected":false},"author":1,"featured_media":3593,"comment_status":"open","ping_status":"open","sticky":false,"template":"","format":"standard","meta":[],"categories":[16],"tags":[],"_links":{"self":[{"href":"http:\/\/www.associazione-apertamente.org\/m\/wp-json\/wp\/v2\/posts\/3966"}],"collection":[{"href":"http:\/\/www.associazione-apertamente.org\/m\/wp-json\/wp\/v2\/posts"}],"about":[{"href":"http:\/\/www.associazione-apertamente.org\/m\/wp-json\/wp\/v2\/types\/post"}],"author":[{"embeddable":true,"href":"http:\/\/www.associazione-apertamente.org\/m\/wp-json\/wp\/v2\/users\/1"}],"replies":[{"embeddable":true,"href":"http:\/\/www.associazione-apertamente.org\/m\/wp-json\/wp\/v2\/comments?post=3966"}],"version-history":[{"count":1,"href":"http:\/\/www.associazione-apertamente.org\/m\/wp-json\/wp\/v2\/posts\/3966\/revisions"}],"predecessor-version":[{"id":3967,"href":"http:\/\/www.associazione-apertamente.org\/m\/wp-json\/wp\/v2\/posts\/3966\/revisions\/3967"}],"wp:featuredmedia":[{"embeddable":true,"href":"http:\/\/www.associazione-apertamente.org\/m\/wp-json\/wp\/v2\/media\/3593"}],"wp:attachment":[{"href":"http:\/\/www.associazione-apertamente.org\/m\/wp-json\/wp\/v2\/media?parent=3966"}],"wp:term":[{"taxonomy":"category","embeddable":true,"href":"http:\/\/www.associazione-apertamente.org\/m\/wp-json\/wp\/v2\/categories?post=3966"},{"taxonomy":"post_tag","embeddable":true,"href":"http:\/\/www.associazione-apertamente.org\/m\/wp-json\/wp\/v2\/tags?post=3966"}],"curies":[{"name":"wp","href":"https:\/\/api.w.org\/{rel}","templated":true}]}}