{"id":3949,"date":"2022-01-29T17:47:14","date_gmt":"2022-01-29T16:47:14","guid":{"rendered":"http:\/\/www.associazione-apertamente.org\/m\/?p=3949"},"modified":"2022-01-30T18:20:19","modified_gmt":"2022-01-30T17:20:19","slug":"giorno-del-ricordo-gorizia","status":"publish","type":"post","link":"http:\/\/www.associazione-apertamente.org\/m\/2022\/01\/29\/giorno-del-ricordo-gorizia\/","title":{"rendered":"Giorno del Ricordo &#8211; Gorizia"},"content":{"rendered":"\n<p>In occasione del GIORNO del RICORDO &#8211; Il dolore e l\u2019esilio<br>La complessa vicenda del confine orientale<\/p>\n\n\n\n<p>Luned\u00ec 7 febbraio 2022, ore 18 &#8211; Museo di Santa Chiara, Gorizia Corso Giuseppe Verdi, 18<\/p>\n\n\n\n<p>Saluto Rodolfo ZIBERNA Sindaco di Gorizia<br>Adriano OSSOLA introduce e dialoga con Gianni OLIVA<\/p>\n\n\n\n<p><em>Il 10 febbraio, come sancito dalla legge 30 del 2004, si commemora il giorno del ricordo delle foibe e dell\u2019esodo.<\/em><\/p>\n\n\n\n<p><em>\u00c8 stata scelta quella data perch\u00e9 il 10 febbraio 10 febbraio&nbsp;del&nbsp;1947 venne firmato a Parigi il Trattato di pace che ridefiniva profondamente il confine nordorientale.<\/em><\/p>\n\n\n\n<p><em>Una data che lega le tragiche vicende degli italiani della Venezia Giulia agli orrori del fascismo e del nazismo e alla guerra di aggressione dell\u2019Italia.<\/em><\/p>\n\n\n\n<p><em>Nonostante il sopravvivere di polemiche strumentali e il periodico emergere di negazionismi, l\u2019istituzione della giornata ha contribuito a sdoganare la vicenda di centinaia di migliaia di italiani della Venezia Giulia, dell\u2019Istria, della Dalmazia costretti a lasciare le loro terre e venire \u201cprofughi\u201d in Italia.&nbsp;<\/em><\/p>\n\n\n\n<p><em>Le celebrazioni hanno senso se non si limitano alla ritualit\u00e0: devono essere occasione per capire ci\u00f2 che \u00e8 accaduto, per contestualizzarlo nella storia complessiva del Novecento e in quello specifico della seconda guerra mondiale, del regime fascista e della Guerra fredda, per spiegare le ragioni dei silenzi che tanto hanno pesato sulla vicenda.&nbsp;<\/em><\/p>\n\n\n\n<p><em>L\u2019iniziativa del dibattitto pubblico promosso dall\u2019Associazione Apertamente con il Patrocinio del Comune di Gorizia si rivolge a tutti, ma in particolare ai giovani che studiano in una scuola dove la storia contemporanea spesso \u00e8 poco trattata e conosciuta.<\/em><\/p>\n\n\n\n<p><em>A quasi 80 anni dai fatti, il dramma delle foibe e degli esuli giuliano-dalmati non pu\u00f2 essere n\u00e9 ignorato, n\u00e9 frainteso, ma deve essere ricompreso nella nostra memoria storica ed entrare a pieno titolo nella coscienza collettiva nazionale.<\/em><\/p>\n","protected":false},"excerpt":{"rendered":"<p>In occasione del GIORNO del RICORDO &#8211; Il dolore e l\u2019esilioLa complessa vicenda del confine orientale Luned\u00ec 7 febbraio 2022, ore 18 &#8211; Museo di Santa Chiara, Gorizia Corso Giuseppe Verdi, 18 Saluto Rodolfo ZIBERNA Sindaco di GoriziaAdriano OSSOLA introduce e dialoga con Gianni OLIVA Il 10 febbraio, come sancito dalla legge 30 del 2004, si commemora il giorno del ricordo delle foibe e dell\u2019esodo. \u00c8 stata scelta quella data perch\u00e9 il 10 febbraio 10 febbraio&nbsp;del&nbsp;1947 venne firmato a Parigi<span class=\"excerpt-hellip\"> [\u2026]<\/span><\/p>\n","protected":false},"author":1,"featured_media":3950,"comment_status":"open","ping_status":"open","sticky":false,"template":"","format":"standard","meta":[],"categories":[13],"tags":[],"_links":{"self":[{"href":"http:\/\/www.associazione-apertamente.org\/m\/wp-json\/wp\/v2\/posts\/3949"}],"collection":[{"href":"http:\/\/www.associazione-apertamente.org\/m\/wp-json\/wp\/v2\/posts"}],"about":[{"href":"http:\/\/www.associazione-apertamente.org\/m\/wp-json\/wp\/v2\/types\/post"}],"author":[{"embeddable":true,"href":"http:\/\/www.associazione-apertamente.org\/m\/wp-json\/wp\/v2\/users\/1"}],"replies":[{"embeddable":true,"href":"http:\/\/www.associazione-apertamente.org\/m\/wp-json\/wp\/v2\/comments?post=3949"}],"version-history":[{"count":3,"href":"http:\/\/www.associazione-apertamente.org\/m\/wp-json\/wp\/v2\/posts\/3949\/revisions"}],"predecessor-version":[{"id":3953,"href":"http:\/\/www.associazione-apertamente.org\/m\/wp-json\/wp\/v2\/posts\/3949\/revisions\/3953"}],"wp:featuredmedia":[{"embeddable":true,"href":"http:\/\/www.associazione-apertamente.org\/m\/wp-json\/wp\/v2\/media\/3950"}],"wp:attachment":[{"href":"http:\/\/www.associazione-apertamente.org\/m\/wp-json\/wp\/v2\/media?parent=3949"}],"wp:term":[{"taxonomy":"category","embeddable":true,"href":"http:\/\/www.associazione-apertamente.org\/m\/wp-json\/wp\/v2\/categories?post=3949"},{"taxonomy":"post_tag","embeddable":true,"href":"http:\/\/www.associazione-apertamente.org\/m\/wp-json\/wp\/v2\/tags?post=3949"}],"curies":[{"name":"wp","href":"https:\/\/api.w.org\/{rel}","templated":true}]}}