{"id":3627,"date":"2021-07-13T21:30:22","date_gmt":"2021-07-13T19:30:22","guid":{"rendered":"http:\/\/www.associazione-apertamente.org\/m\/?p=3627"},"modified":"2021-07-13T21:30:22","modified_gmt":"2021-07-13T19:30:22","slug":"easy-rider-al-tempo-della-prevenzione","status":"publish","type":"post","link":"http:\/\/www.associazione-apertamente.org\/m\/2021\/07\/13\/easy-rider-al-tempo-della-prevenzione\/","title":{"rendered":"Easy Rider al tempo della prevenzione"},"content":{"rendered":"\n<p>di Davide Strukelj del 13\/7\/2021<\/p>\n\n\n\n<p>Si definisce \u201cprevenzione\u201d quell&#8217;insieme di attivit\u00e0 che cercano di ridurre gli effetti di specifici fattori di rischio, come ad esempio le malattie, mirando di conseguenza al benessere dell&#8217;individuo e della collettivit\u00e0.<br>Nello specifico, in termini un po\u2019 pi\u00f9 tecnici, la \u201cprevenzione primaria\u201d \u00e8 la forma principale della prevenzione ed \u00e8 incentrata proprio su tutti quegli interventi che si considerano capaci di ridurre l&#8217;incidenza di uno specifico evento sfavorevole. I successivi livelli di prevenzione mirano alla diagnosi precoce di un evento avverso gi\u00e0 avvenuto (prevenzione secondaria), al contenimento degli effetti dovuti alle complicazioni collaterali all&#8217;evento avverso (prevenzione terziaria) e alla limitazione degli eccessi di trattamento (prevenzione quaternaria).<br>Per fare un esempio di prevenzione primaria potremmo parlare del casco reso obbligatorio per la guida di moto, motorini e simili. Come \u00e8 noto, il casco non elimina gli incidenti ma riduce, entro certi limiti, il rischio delle conseguenze pi\u00f9 gravi e talvolta salva la vita. Quando \u00e8 stato introdotto, ha suscitato qualche polemica e anche un po\u2019 di critiche: niente pi\u00f9 capelli al vento, riduzione del senso di libert\u00e0, per alcuni un vero cambiamento epocale dello stile di vita \u2026 insomma niente effetto \u201ceasy rider\u201d. Poi, col tempo, ci siamo tutti abituati e oggi il casco \u00e8 semplicemente la normalit\u00e0.<br>Il casco non si usa per eliminare completamente il rischio: il casco si utilizza per limitare i possibili effetti che l&#8217;evento avverso potrebbe procurare. Naturalmente il casco non \u00e8 obbligatorio, nel senso che nessuno \u00e8 obbligato ad averlo e chi non vuole non lo prende. Ma accade che se non lo utilizzi ti viene vietato di fare certe cose perch\u00e9 il rischio di eventi avversi gravi \u00e8 molto pi\u00f9 alto, e questo potrebbe comportare un danno all&#8217;individuo (rischio di malattia grave o morte) e alla collettivit\u00e0 (ad esempio ospedalizzazione e cura di conseguenze croniche irreversibili).<br>Cos\u00ec, solo per gioco, per carit\u00e0, proviamo a sostituire la parola \u201ccasco\u201d con la parola \u201cvaccino\u201d, che oggi va tanto di moda. Per vedere come suona&#8230;<br>Il vaccino non si usa per eliminare completamente il rischio: il vaccino si utilizza per limitare i possibili effetti che l&#8217;evento avverso potrebbe procurare. Naturalmente il vaccino non \u00e8 obbligatorio, nel senso che nessuno \u00e8 obbligato ad averlo e chi non vuole non lo usa, ma accade che se non lo utilizzi ti viene vietato di fare certe cose perch\u00e9 il rischio di eventi avversi gravi \u00e8 molto pi\u00f9 alto, e questo potrebbe comportare un danno all&#8217;individuo (rischio di malattia grave o morte) e alla collettivit\u00e0 (ad esempio ospedalizzazione e cura di conseguenze croniche irreversibili).<br>Secondo me non suona tanto male.<br>Poi, sempre per carit\u00e0, lascio alla sensibilit\u00e0 di ognuno di trarre tutte le personali valutazioni del caso, critiche incluse: in fondo siamo liberi di scegliere. Ma non di andare in moto senza casco, e questo \u00e8 chiaro e accettato da tutti.<\/p>\n","protected":false},"excerpt":{"rendered":"<p>di Davide Strukelj del 13\/7\/2021 Si definisce \u201cprevenzione\u201d quell&#8217;insieme di attivit\u00e0 che cercano di ridurre gli effetti di specifici fattori di rischio, come ad esempio le malattie, mirando di conseguenza al benessere dell&#8217;individuo e della collettivit\u00e0.Nello specifico, in termini un po\u2019 pi\u00f9 tecnici, la \u201cprevenzione primaria\u201d \u00e8 la forma principale della prevenzione ed \u00e8 incentrata proprio su tutti quegli interventi che si considerano capaci di ridurre l&#8217;incidenza di uno specifico evento sfavorevole. I successivi livelli di prevenzione mirano alla diagnosi<span class=\"excerpt-hellip\"> [\u2026]<\/span><\/p>\n","protected":false},"author":1,"featured_media":3628,"comment_status":"open","ping_status":"open","sticky":false,"template":"","format":"standard","meta":[],"categories":[13],"tags":[],"_links":{"self":[{"href":"http:\/\/www.associazione-apertamente.org\/m\/wp-json\/wp\/v2\/posts\/3627"}],"collection":[{"href":"http:\/\/www.associazione-apertamente.org\/m\/wp-json\/wp\/v2\/posts"}],"about":[{"href":"http:\/\/www.associazione-apertamente.org\/m\/wp-json\/wp\/v2\/types\/post"}],"author":[{"embeddable":true,"href":"http:\/\/www.associazione-apertamente.org\/m\/wp-json\/wp\/v2\/users\/1"}],"replies":[{"embeddable":true,"href":"http:\/\/www.associazione-apertamente.org\/m\/wp-json\/wp\/v2\/comments?post=3627"}],"version-history":[{"count":1,"href":"http:\/\/www.associazione-apertamente.org\/m\/wp-json\/wp\/v2\/posts\/3627\/revisions"}],"predecessor-version":[{"id":3629,"href":"http:\/\/www.associazione-apertamente.org\/m\/wp-json\/wp\/v2\/posts\/3627\/revisions\/3629"}],"wp:featuredmedia":[{"embeddable":true,"href":"http:\/\/www.associazione-apertamente.org\/m\/wp-json\/wp\/v2\/media\/3628"}],"wp:attachment":[{"href":"http:\/\/www.associazione-apertamente.org\/m\/wp-json\/wp\/v2\/media?parent=3627"}],"wp:term":[{"taxonomy":"category","embeddable":true,"href":"http:\/\/www.associazione-apertamente.org\/m\/wp-json\/wp\/v2\/categories?post=3627"},{"taxonomy":"post_tag","embeddable":true,"href":"http:\/\/www.associazione-apertamente.org\/m\/wp-json\/wp\/v2\/tags?post=3627"}],"curies":[{"name":"wp","href":"https:\/\/api.w.org\/{rel}","templated":true}]}}