{"id":3612,"date":"2021-07-01T10:21:54","date_gmt":"2021-07-01T08:21:54","guid":{"rendered":"http:\/\/www.associazione-apertamente.org\/m\/?p=3612"},"modified":"2021-07-01T10:21:55","modified_gmt":"2021-07-01T08:21:55","slug":"i-difficili-rapporti-con-la-santa-sede-e-il-caso-ungherese","status":"publish","type":"post","link":"http:\/\/www.associazione-apertamente.org\/m\/2021\/07\/01\/i-difficili-rapporti-con-la-santa-sede-e-il-caso-ungherese\/","title":{"rendered":"I difficili rapporti con la Santa Sede e il caso ungherese."},"content":{"rendered":"\n<p>di Cosimo Risi del 1\/7\/2021<\/p>\n\n\n\n<p>&nbsp;&nbsp;&nbsp;&nbsp;&nbsp;&nbsp;&nbsp;&nbsp;&nbsp;&nbsp;&nbsp; A dispetto del nome, la nota verbale \u00e8 scritta. E\u2019 il messaggio che gli stati&nbsp; si scambiano quando vogliono formalizzare le rispettive posizioni in merito ad un certo punto.<\/p>\n\n\n\n<p>&nbsp;&nbsp;&nbsp;&nbsp;&nbsp;&nbsp;&nbsp;&nbsp;&nbsp;&nbsp;&nbsp; Non sorprende che la Santa Sede, da stato sovrano, trasmetta una nota verbale alla Repubblica italiana per marcare il dissenso sul vulnus al regime concordatario che verrebbe da certe clausole del DDL Zan.<\/p>\n\n\n\n<p>&nbsp;&nbsp;&nbsp;&nbsp;&nbsp;&nbsp;&nbsp;&nbsp;&nbsp;&nbsp;&nbsp; Il merito &nbsp;\u00e8 oggetto di discussione in Parlamento, tocca infatti punti etici fondamentali. E questo nel momento in cui l\u2019Unione, da ultimo al Consiglio europeo del 24 giugno, richiama l\u2019Ungheria per la scarsa considerazione dei diritti di omosessuali e transessuali. Lo slogan diffuso fra i contestatori \u00e8 \u201cnon siamo tutti bianchi n\u00e9 etero\u201d. Lo stato di diritto, alla base del Trattato di adesione dell\u2019Ungheria, non alberga nella Budapest di Viktor Orb\u00e0n.<\/p>\n\n\n\n<p>Il passo del Vaticano interviene dunque nel vivo di una riflessione non solo italiana. E\u2019 l\u2019ulteriore prova che in Europa ormai \u201ctout se tient\u201d, il dibattito interno \u00e8 parte di quello generale.<\/p>\n\n\n\n<p>Il metodo \u00e8 fine. Si deliba al negoziato fra gli stati una questione che in altra epoca avrebbe visto interventi di ben altra natura: la pubblica rampogna da parte del clero dal pulpito e dai media; le pressioni discrete sugli esponenti politici di fede cattolica. &nbsp;<\/p>\n\n\n\n<p>&nbsp;&nbsp;&nbsp;&nbsp;&nbsp;&nbsp;&nbsp;&nbsp;&nbsp;&nbsp;&nbsp; Lo schema \u00e8 in uso negli Stati Uniti. Il clero americano rifiuta i sacramenti a Joe Biden, ritenuto responsabile di parteggiare per gli abortisti. Eppure Biden \u00e8 il secondo Presidente cattolico della storia, subito salutato da Papa Francesco che con lui cerca l\u2019intesa sul tema vitale della salvaguardia del pianeta.<\/p>\n\n\n\n<p>&nbsp;&nbsp;&nbsp;&nbsp;&nbsp;&nbsp;&nbsp;&nbsp;&nbsp;&nbsp;&nbsp; La nota verbale marca il reciproco rispetto, pur nel dissenso, fra due stati che si riconoscono sovrani ciascuno nella sua sfera. Da prassi avrebbe dovuto restare riservata, la diffusione ha probabilmente lo scopo di arruolare la Santa Sede nel campo dei contrari al DDL. Una mossa incongrua che viola la natura stessa del messaggio.<\/p>\n\n\n\n<p>&nbsp;&nbsp;&nbsp;&nbsp;&nbsp;&nbsp;&nbsp;&nbsp;&nbsp;&nbsp;&nbsp; Per restare al Consiglio europeo di giugno, due altri punti sono rimasti aperti. La proposta della Commissione di rivedere la politica migratoria \u00e8 rinviata al vertice di settembre. Il che costringe gli stati membri di primo impatto a cavarsela da soli. La solidariet\u00e0 pu\u00f2 attendere in panchina, assieme alla tutela dei diritti. Su questo piano l\u2019Unione sta marcando un regresso rispetto alle promesse del grande allargamento dei primi Duemila.<\/p>\n\n\n\n<p>&nbsp;&nbsp;&nbsp;&nbsp;&nbsp;&nbsp;&nbsp;&nbsp;&nbsp;&nbsp;&nbsp; Fra i contestatori delle misure sul ricollocamento figura la solita Ungheria. Gli argomenti sono quelli di sempre. L\u2019accoglienza indiscriminata \u00e8 un obiettivo incoraggiamento a intraprendere il viaggio verso l\u2019Europa. La presenza di immigrati sul suolo ungherese (e in genere dei paesi Visegrad) altera l\u2019assetto sociale di una popolazione etnicamente compatta. Gli stati membri di frontiera dovrebbero sorvegliarla meglio ad evitare gli sconfinamenti. E comunque resta valido lo schema di Dublino, che pone la gestione degli immigrati a carico di chi accoglie per primo.<\/p>\n\n\n\n<p>Siamo manifestamente fuori dalla logica solidaristica che impregna il Trattato sull\u2019Unione europea. Con il Trattato di adesione, l\u2019Ungheria si impegn\u00f2 ad applicare l\u2019intero <em>acquis communautaire<\/em>, il complesso dei principi e delle norme che formano l\u2019ordinamento europeo. Ora, per mera convenienza,&nbsp; preferisce darne una lettura semplificata e valorizzare l\u2019approccio mercantilistico al solidaristico. Alla lunga questo atteggiamento indebolisce il quadro comune fino a mettere in discussione le stesse ragioni dello stare insieme. Sarebbero i prodromi del recesso sul modello britannico, solo che a differenza del Regno Unito, che insegue il mito di Global Britain, i paesi di Visegrad hanno maggiore interesse a restare che a uscire. Fuori starebbero al freddo del mancato introito delle politiche strutturali: quelle che hanno loro consentito, e ancora consentono, adeguati livelli di sviluppo.<\/p>\n\n\n\n<p>La proposta di Francia e Germania di tenere un vertice UE \u2013 Russia \u00e8 stata respinta da alcuni stati membri del Nord. I tempi non sarebbero maturi, non convincono le aperture di Vladimir Putin dopo il vertice USA \u2013 Russia di Ginevra. La spinta propulsiva dell\u2019asse franco-tedesco si attenua nell\u2019avvicinarsi delle elezioni nei due paesi.<\/p>\n\n\n\n<p>Angela Merkel \u00e8 all\u2019ultimo giro di danza e non si conosce il profilo del successore alla Cancelleria. Emmanuel Macron \u00e8 a rischio rielezione dopo il voto regionale che ha visto il prevalere del partito gollista. Entriamo in una zona grigia, l\u2019ombra si dissiper\u00e0 soltanto nella primavera 2022.<\/p>\n","protected":false},"excerpt":{"rendered":"<p>di Cosimo Risi del 1\/7\/2021 &nbsp;&nbsp;&nbsp;&nbsp;&nbsp;&nbsp;&nbsp;&nbsp;&nbsp;&nbsp;&nbsp; A dispetto del nome, la nota verbale \u00e8 scritta. E\u2019 il messaggio che gli stati&nbsp; si scambiano quando vogliono formalizzare le rispettive posizioni in merito ad un certo punto. &nbsp;&nbsp;&nbsp;&nbsp;&nbsp;&nbsp;&nbsp;&nbsp;&nbsp;&nbsp;&nbsp; Non sorprende che la Santa Sede, da stato sovrano, trasmetta una nota verbale alla Repubblica italiana per marcare il dissenso sul vulnus al regime concordatario che verrebbe da certe clausole del DDL Zan. &nbsp;&nbsp;&nbsp;&nbsp;&nbsp;&nbsp;&nbsp;&nbsp;&nbsp;&nbsp;&nbsp; Il merito &nbsp;\u00e8 oggetto di discussione in Parlamento, tocca infatti<span class=\"excerpt-hellip\"> [\u2026]<\/span><\/p>\n","protected":false},"author":1,"featured_media":3395,"comment_status":"open","ping_status":"open","sticky":false,"template":"","format":"standard","meta":[],"categories":[13],"tags":[],"_links":{"self":[{"href":"http:\/\/www.associazione-apertamente.org\/m\/wp-json\/wp\/v2\/posts\/3612"}],"collection":[{"href":"http:\/\/www.associazione-apertamente.org\/m\/wp-json\/wp\/v2\/posts"}],"about":[{"href":"http:\/\/www.associazione-apertamente.org\/m\/wp-json\/wp\/v2\/types\/post"}],"author":[{"embeddable":true,"href":"http:\/\/www.associazione-apertamente.org\/m\/wp-json\/wp\/v2\/users\/1"}],"replies":[{"embeddable":true,"href":"http:\/\/www.associazione-apertamente.org\/m\/wp-json\/wp\/v2\/comments?post=3612"}],"version-history":[{"count":1,"href":"http:\/\/www.associazione-apertamente.org\/m\/wp-json\/wp\/v2\/posts\/3612\/revisions"}],"predecessor-version":[{"id":3613,"href":"http:\/\/www.associazione-apertamente.org\/m\/wp-json\/wp\/v2\/posts\/3612\/revisions\/3613"}],"wp:featuredmedia":[{"embeddable":true,"href":"http:\/\/www.associazione-apertamente.org\/m\/wp-json\/wp\/v2\/media\/3395"}],"wp:attachment":[{"href":"http:\/\/www.associazione-apertamente.org\/m\/wp-json\/wp\/v2\/media?parent=3612"}],"wp:term":[{"taxonomy":"category","embeddable":true,"href":"http:\/\/www.associazione-apertamente.org\/m\/wp-json\/wp\/v2\/categories?post=3612"},{"taxonomy":"post_tag","embeddable":true,"href":"http:\/\/www.associazione-apertamente.org\/m\/wp-json\/wp\/v2\/tags?post=3612"}],"curies":[{"name":"wp","href":"https:\/\/api.w.org\/{rel}","templated":true}]}}