{"id":3608,"date":"2021-07-01T08:38:49","date_gmt":"2021-07-01T06:38:49","guid":{"rendered":"http:\/\/www.associazione-apertamente.org\/m\/?p=3608"},"modified":"2021-07-01T08:44:55","modified_gmt":"2021-07-01T06:44:55","slug":"lussino-unisola-in-guerra-e-la-fine-della-jugoslavia","status":"publish","type":"post","link":"http:\/\/www.associazione-apertamente.org\/m\/2021\/07\/01\/lussino-unisola-in-guerra-e-la-fine-della-jugoslavia\/","title":{"rendered":"Lussino: un\u2019isola in guerra e la fine della Jugoslavia"},"content":{"rendered":"\n<p><strong>Trent\u2019anni fa l\u2019indipendenza della Slovenia e della Croazia.<\/strong><\/p>\n\n\n\n<p>di Marzio Lamberti&nbsp; del 1\/7\/2021<\/p>\n\n\n\n<p>Il primo approccio, assieme a mia moglie, con Lussino risale al 1972, cinque giorni a Ferragosto con amici di Gorizia, ospitati da parenti di una famiglia, originaria di Lussinpiccolo, trasferitisi a Gorizia negli anni 30.<\/p>\n\n\n\n<p>Al mattino bagno a est a San Martino (Sveti Martin), porticciolo di pescatori vicino al Cimitero, nel pomeriggio bagno a ovest in Valdisole (Sunset uvala) fino al tramonto. Poi con gli amici con una barca locale abbiamo fatto il giro dell\u2019isola. Cos\u00ec abbiamo visto Cigale (\u010cikat) con le ville Austriache e la chiesetta votiva sotto il resto di una Lanterna, le baie, la Valstorta (Krivenica), la punta dell\u2019isola con di fronte Illovik-SanPiero, e poi risalendo Rovenska e Lussingrande con la grande chiesa, le case colorate, i rigogliosi giardini, segni di una antica nobilt\u00e0 e potere.<\/p>\n\n\n\n<p>L\u2019assaggio di tanta bellezza ci ha fatto desiderare un ritorno pi\u00f9 lungo. Siamo tornati nel \u201975, nel \u201877 e \u201878 quando, sempre con amici e i nostri figli, allora piccoli, abbiamo soggiornato a Valun nell\u2019isola di Cherso, nel piccolo camp dove si arriva solo via mare. Durante quella vacanza abbiamo girato molto per conoscere il territorio, la differenza e la continuit\u00e0 tra l\u2019isola di Cherso e Lussino, scoprendo il profumo di elicriso e della salvia, i muretti con le pietre incastrate a nido d\u2019ape per dare respiro ai forti venti, l\u2019antica separazione degli spazi di pascolo, l\u2019ottimo pesce, i centenari ulivi e fichi e tanto altro.&nbsp; Abbiamo girato dalla cima rocciosa di Lubenice ai piccoli centri di Osor, Neresine, Beli, Martin\u0161\u0107ica con un ritorno a Lussinpiccolo per un bagno a \u010cikat.<\/p>\n\n\n\n<p>Poi l\u2019abbiamo dimenticata un po\u2019 scegliendo per le nostre vacanze zone e centri della costa Dalmata fino al 1990, anno in cui nei paesi croati c\u2019era una visibilissima ed abnorme eccitazione patriottica. Tutte le case imbandierate. Enormi bandiere con la scacchiera croate a scendere dai campanili delle chiese. Quadri e poster di Tudjman dappertutto anche sulle bancarelle per i turisti. Qualche blocco lungo le strade nell\u2019interno verso Knin, ma per noi turisti sembrava poco pi\u00f9 che folklore destinato ad esaurirsi.<\/p>\n\n\n\n<p>&nbsp;Ma l\u2019anno successivo, il \u201991, la proclamazione dell\u2019indipendenza della Slovenia e della Croazia dalla Jugoslavia e l\u2019inizio della guerra avevano compromesso tragicamente la sicurezza in quelle aree.&nbsp; In quei giorni di giugno gli scontri armati e le tensioni erano arrivate fino ai nostri confini \u201csotto casa\u201d. A Gorizia dal colle del Castello potemmo vedere nel giugno \u201991 lo scontro a fuoco tra l\u2019esercito Jugoslavo e la milizia Slovena al valico della Casa Rossa.<\/p>\n\n\n\n<p>Questi episodi e le notizie sulla situazione nella Croazia, ci sconsigliavano soggiorni lungo la costa cosi\u201d retrocedemmo\u201d sull\u2019isola di Lussino tranquillizzati da nostri amici l\u00ec presenti. Inoltre la zona ci sembrava pi\u00f9 vicina, pi\u00f9 sicura e pi\u00f9 collegata con l\u2019Italia. In effetti le isole rimasero fuori dalla devastazione della Jugoslavia. Furono&nbsp;&nbsp; delle retrovie per i soldati feriti e ammalati. Le isole dovevano inoltre garantire un mimino di afflusso turistico per salvare un po\u2019 l\u2019economia della Croazia.<\/p>\n\n\n\n<p>&nbsp;Il giorno della partenza, il 31 luglio, al valico di Pese la Polizia confinaria italiana ci fece gli auguri. Rispondemmo allegramente forse un po\u2019 incoscienti. &nbsp;Percorremmo la strada fino ad Abbazia deserta e desolata, per poi popolarsi, con nostro sollievo, lungo la costa, con tutta la gente al bagno. Sbarcammo a Porozina. Attraversammo l\u2019isola di Cherso su strade di nuovo deserte. Arrivammo a Martin\u0161\u0107ica ma c\u2019era il vuoto. Tornammo indietro. Riprendemmo la strada fino a Lussinpiccolo alla ricerca di un campeggio. Il camp Poljana non ci convinse, cos\u00ec proseguimmo fino al Campeggio nella baia di Cigale che trovammo vuoto, desolato, quasi abbandonato, con la pineta grande e buia. Cosi ritornammo indietro a Poljana scegliendo il lato baia con sullo sfondo il paese e i cantieri. Cos\u00ec ci sentivamo pi\u00f9 sicuri. Non ci accorgemmo se non il giorno dopo, delle tre caserme della marina jugoslava presenti nella baia e le motovedette militari ancorate al porto.<\/p>\n\n\n\n<p>Con noi, con tende e roulotte, c\u2019erano pochi turisti per lo pi\u00f9 veneti e sloveni. Anche in paese il turismo era molto ridotto, un quinto degli anni precedenti. I ristoranti e i bar erano pronti ad accogliere i turisti che non c\u2019erano, i prezzi erano crollati, un pranzo discreto costava attorno ai 5 euro. Ma la bellezza del mare ci aveva nuovamente affascinati e con l\u2019aiuto di un nostro gommone abbiamo esplorato l\u2019intera isola, baia per baia, scoprendo sempre pi\u00f9 un mare e una costa meravigliosi. Tutto per\u00f2 era avvolto in un clima \u201csospeso\u201d per lo pi\u00f9 di tristezza.<\/p>\n\n\n\n<p>&nbsp;Facemmo una capatina anche a Valun per rivederla e anche l\u00ec il campeggio era quasi deserto. C\u2019era solo un locale aperto, la trattoria di Giordano rinomato per la bont\u00e0 del pesce, anche se con prezzi mantenuti ancora alti. Infatti l\u00ec arrivava un turismo d\u2019\u00e9lite, di barche, direttamente dall\u2019Italia o dall\u2019Istria. I gitanti attraccavano al molo dell\u2019osteria, mangiavano, bevevano e poi tornavano di corsa a casa al sicuro in Istria o in Italia.<\/p>\n\n\n\n<p>A noi sembrava un approccio alquanto egoista, con sfumature di arroganza come le barche che arrivavano a Lussino con la bandiera italiana piccola piccola (perch\u00e9 obbligatoria) ostentando per\u00f2 grandi vessilli con il Leone di San Marco, quasi a rivendicare un antico dominio, senza molto rispetto della situazione.<\/p>\n\n\n\n<p>Certe volte ci sentivamo un po\u2019 fuori luogo, ma parlando con la gente del posto loro erano grati della nostra presenza, non solo per un possibile guadagno, ma per respirare \u201cnormalit\u00e0\u201d e superare nuove paure.&nbsp; Cos\u00ec pur vivendo bene la vacanza, si sentiva la tensione in atto. Nel porto, vicino al vecchio distributore di benzina, erano ormeggiate le motovedette dell\u2019Armata Jugoslava. C\u2019erano provocazioni tra i marinai e la popolazione croata del paese. Siamo rimasti colpiti dal vedere, una volta, un marinaio dall\u2019imbarcazione jugoslava ormeggiata alla banchina puntare il mitragliatore sulla gente e sul cameriere vestito di tutto punto accanto ai tavolini apparecchiati ma vuoti suscitando non poca paura e molta rabbia. Nelle caserme lungo la baia c\u2019erano moltissimi marinai giovanissimi, di leva, dell\u2019Armata Jugoslava. &nbsp;A \u0106unski, un uomo anziano grande e grosso, seduto sull\u2019uscio di casa, urlava contro Tudjman, inneggiando alla Jugoslavia socialista del maresciallo Tito, subito zittito da un nugolo di donne che cercavano di calmarlo e soprattutto di non farlo sentire.<\/p>\n\n\n\n<p>Dovevamo prendere atto che questo luogo cos\u00ec bello era in guerra, anche se c\u2019erano segnali di piccole serenit\u00e0. In piazza alla sera le donne anziane si stringevano sulle panchine a \u201cbabare\u201d rigorosamente divise tra panchine in cui si parlava solo l\u2019istroveneto e quelle solo in croato. Non c\u2019era commistione ma rigida separazione. I <em>babezzi<\/em> croati non potevano contaminarsi con i <em>babezzi<\/em> istroveneti. Poi nella prima domenica di agosto una timida ma coraggiosa regata con una cinquantina di barche che avevano dispiegato le vele e i fiocchi colorati per non rinunciare ad una antica tradizione lussignana.<\/p>\n\n\n\n<p>Ma i segnali pesanti continuavano. La sera del 21 agosto di ritorno dal paese al campeggio al ponte Privlaka che separa il centro abitato dalla costa, la milizia croata pesantemente armata ci ferm\u00f2 per controlli per noi inusuali. Era la prima volta.<\/p>\n\n\n\n<p>La milizia aveva occupato il ponte a seguito di un allarme relativo a situazioni internazionali. Quel giorno era stato arrestato Gorbaciov dai generali filo-URSS: la Croazia temeva un ritorno di fiamma del potere sovietico e come possibile conseguenza un colpo di mano dell\u2019esercito Jugoslavo controllato dai Serbi contro la Repubblica appena proclamata indipendente. In mare la marina jugoslava e a terra la milizia territoriale croata. L\u2019allarme pass\u00f2 ma il clima pesante prosegu\u00ec con segnali di una guerra che da l\u00ec a poco sarebbe scoppiata tragicamente.<\/p>\n\n\n\n<p>&nbsp;Quell\u2019anno abbiamo vissuto una vacanza in forte contrasto, un sole e un mare da sogno, ma circondati da una societ\u00e0 sofferente che per\u00f2 ci chiedeva di aiutarli, con la nostra presenza a mantenere un collegamento con il resto del mondo in pace.<\/p>\n\n\n\n<p>L\u2019anno dopo il 1992, il turismo era ritornato ai livelli degli anni ottanta. Era tutto pieno. Anche se la guerra infuriava a 50 km di distanza oltre il Velebit. Era relativamente lontana ma colpiva la popolazione. Il paese aveva solo donne e bambini, quasi nessun uomo giovane, solo gli anziani, diversi invalidi o gli addetti al turismo. Le donne giovani piangevano spesso, per i loro uomini al fronte, consolate da quelle anziane che purtroppo avevano gi\u00e0 vissuto situazioni simili. I ragazzini, correvano attorno alle barche per aiutarle nell\u2019ormeggio e recuperare qualche moneta. Cosa che non ho visto pi\u00f9 fare negli anni seguenti. C\u2019erano pochi uomini e molti lavori venivano fatti dalle donne anche in campeggio.<\/p>\n\n\n\n<p>&nbsp;Nel porto arrivavano barconi condotti quasi sempre da donne anziane che portavano frutta e verdura da Zara e dalle isole vicine perch\u00e9 i bombardamenti serbi dal Velebit e da Obrovac sulla citt\u00e0 e sulla costa avevano azzerato ogni presenza turistica e quindi ogni possibilit\u00e0 di guadagno. Negli ospedali c\u2019erano molti soldati feriti, nella baia di Val Scura, lungo il sentiero per Lussingrande, venivano accolti nei bungalow i militari colpiti da gravi esaurimenti nervosi creati dalle paure e dallo shock. Alla sera in quel meraviglioso cielo stellato passavano gli aerei militari. A Fiume, in un rientro a Gorizia di due giorni, alla stazione delle corriere, abbiamo visto la piazza pullulare di soldati in tuta mimetica, armati e cupi, diretti in prima linea a Osijek e Vukovar dove la guerra infuriava atrocemente.<\/p>\n\n\n\n<p>&nbsp;In giro si vedevano i segni prodotti dalla guerra. Noi eravamo turisti attorno ai quali si svolgeva una guerra terribile e di cui vedevamo solo alcuni segni che rimanevano quasi sospesi come se appartenenti ad un altro mondo che forse non volevamo vedere.<\/p>\n\n\n\n<p>&nbsp;Nel 1995 ai primi di agosto a seguito della guerra patriottica (poi risolutiva) ci fu un gran allarme tra i turisti che in un giorno dimezz\u00f2 le presenze nel campeggio e nel paese, con una corsa verso i confini e file interminabili di macchine ai valichi. \u00c8 stato l\u2019ultimo segno della guerra.&nbsp; Poi tutto torn\u00f2 alla normalit\u00e0. Siamo ritornati sempre negli anni successivi. Abbiamo visto la ripresa anche rapida dell\u2019isola. Abbiamo cos\u00ec approfondito la conoscenza di quel paese, della gente del posto, la pescheria, il mercato, il Museo e la Biblioteca, il Duomo e le piccole chiese, seguendo con piacere la ripresa economica e turistica dell\u2019isola e visitando dintorni incantevoli Susak, Unije, Srakane, Ilovik, Pag, Krk, Rab, Premuda, Olib, Silba, Osor \u2026&nbsp;<\/p>\n","protected":false},"excerpt":{"rendered":"<p>Trent\u2019anni fa l\u2019indipendenza della Slovenia e della Croazia. di Marzio Lamberti&nbsp; del 1\/7\/2021 Il primo approccio, assieme a mia moglie, con Lussino risale al 1972, cinque giorni a Ferragosto con amici di Gorizia, ospitati da parenti di una famiglia, originaria di Lussinpiccolo, trasferitisi a Gorizia negli anni 30. Al mattino bagno a est a San Martino (Sveti Martin), porticciolo di pescatori vicino al Cimitero, nel pomeriggio bagno a ovest in Valdisole (Sunset uvala) fino al tramonto. Poi con gli amici<span class=\"excerpt-hellip\"> [\u2026]<\/span><\/p>\n","protected":false},"author":1,"featured_media":3610,"comment_status":"open","ping_status":"open","sticky":false,"template":"","format":"standard","meta":[],"categories":[16],"tags":[],"_links":{"self":[{"href":"http:\/\/www.associazione-apertamente.org\/m\/wp-json\/wp\/v2\/posts\/3608"}],"collection":[{"href":"http:\/\/www.associazione-apertamente.org\/m\/wp-json\/wp\/v2\/posts"}],"about":[{"href":"http:\/\/www.associazione-apertamente.org\/m\/wp-json\/wp\/v2\/types\/post"}],"author":[{"embeddable":true,"href":"http:\/\/www.associazione-apertamente.org\/m\/wp-json\/wp\/v2\/users\/1"}],"replies":[{"embeddable":true,"href":"http:\/\/www.associazione-apertamente.org\/m\/wp-json\/wp\/v2\/comments?post=3608"}],"version-history":[{"count":1,"href":"http:\/\/www.associazione-apertamente.org\/m\/wp-json\/wp\/v2\/posts\/3608\/revisions"}],"predecessor-version":[{"id":3609,"href":"http:\/\/www.associazione-apertamente.org\/m\/wp-json\/wp\/v2\/posts\/3608\/revisions\/3609"}],"wp:featuredmedia":[{"embeddable":true,"href":"http:\/\/www.associazione-apertamente.org\/m\/wp-json\/wp\/v2\/media\/3610"}],"wp:attachment":[{"href":"http:\/\/www.associazione-apertamente.org\/m\/wp-json\/wp\/v2\/media?parent=3608"}],"wp:term":[{"taxonomy":"category","embeddable":true,"href":"http:\/\/www.associazione-apertamente.org\/m\/wp-json\/wp\/v2\/categories?post=3608"},{"taxonomy":"post_tag","embeddable":true,"href":"http:\/\/www.associazione-apertamente.org\/m\/wp-json\/wp\/v2\/tags?post=3608"}],"curies":[{"name":"wp","href":"https:\/\/api.w.org\/{rel}","templated":true}]}}