{"id":3589,"date":"2021-06-11T17:08:31","date_gmt":"2021-06-11T15:08:31","guid":{"rendered":"http:\/\/www.associazione-apertamente.org\/m\/?p=3589"},"modified":"2021-06-11T17:08:32","modified_gmt":"2021-06-11T15:08:32","slug":"il-mio-ricordo-di-guglielmo","status":"publish","type":"post","link":"http:\/\/www.associazione-apertamente.org\/m\/2021\/06\/11\/il-mio-ricordo-di-guglielmo\/","title":{"rendered":"Il mio ricordo di Guglielmo"},"content":{"rendered":"\n<p>di Franco Belci del 11\/6\/2021<\/p>\n\n\n\n<p>Guglielmo Epifani \u00e8 stato innanzitutto un leader: la parola non mi \u00e8 mai piaciuta, eppure \u00e8 la prima che mi viene in mente nello scrivere un suo ricordo. Va subito aggiunto, per\u00f2, che la sua leadership non ha nulla a che vedere con le attuali concezioni della politica, nelle quali \u00e8 spesso sinonimo di personalizzazione. Guglielmo infatti non ha mai enfatizzato quel ruolo e lo ha interpretato con naturalezza e senso di responsabilit\u00e0, in Cgil e poi in politica, senza mai farlo pesare, neppure quando ha esercitato fino in fondo la sua autorevolezza di segretario: insomma, si potrebbe dire, un leader mite. Il suo lungo percorso sindacale \u00e8 partito dalla passione per la storia del socialismo e del movimento operaio, per tradursi poi nella concretezza della difesa dei diritti del lavoro. <\/p>\n\n\n\n<p>Persona di grande cultura, ha saputo mettere al servizio dell\u2019attivit\u00e0 sindacale le sue conoscenze, proponendo l\u2019esempio di un sindacalista \u201cmoderno\u201d, che, nella complessit\u00e0 della situazione economica e sociale, aveva l\u2019obbligo di conoscere e studiare non solo le materie di sua diretta competenza, ma anche i contesti che ne condizionavano le dinamiche pi\u00f9 profonde: ricordo di aver ascoltato, in qualche riunione di segretari generali o in qualche direttivo nazionale, delle vere e proprie lezioni di economia. Ha sempre saputo abbinare l\u2019autorevolezza che tutti gli riconoscevano alla pacatezza nei toni e nei comportamenti che si accompagnava alla capacit\u00e0 di assumere decisioni difficili e di operare, quando erano necessarie, scelte radicali. In questa prospettiva ha saputo rispettare e valorizzare le complesse dinamiche interne alla Cgil, l\u2019unica Organizzazione nella quale riescono ancora a convivere tutte le anime disperse della sinistra. Con Guglielmo abbiamo condiviso un lungo pezzo di strada. <\/p>\n\n\n\n<p>Mi propose, nel 2003, come segretario di Trieste, e nel 2008 come segretario generale della Cgil FVG. Ma ci frequentammo anche in seguito, quando divenne presidente della Fondazione Trentin, e lo invitai pi\u00f9 volte in Regione per qualche discussione o dibattito pubblico. Aveva infatti un occhio di riguardo per questo pezzo di terra piccolo e lontano, se visto da Roma, ma cos\u00ec particolare e controverso, del quale lo affascinava la storia e del quale coglieva tutte le specificit\u00e0 culturali e linguistiche e le potenzialit\u00e0 di ponte verso l\u2019Est. Fummo assieme a Gorizia, nel 2002, quando la citt\u00e0 venne scelta quale sede della celebrazione nazionale del Primo maggio per festeggiare, assieme ai sindacati sloveni, l\u2019entrata della Slovenia nella UE. Ancora, nel 2006 quando, a Trieste, celebrammo al Teatro Verdi i 100 anni della Cgil; successivamente a Pordenone quando parl\u00f2, per primo, del declino industriale dell\u2019Italia o, infine, nel novembre 2010 a Udine, quando ricordammo, con una discussione pubblica, i 40 anni dello Statuto dei lavoratori. <\/p>\n\n\n\n<p>Fu la sua ultima iniziativa da segretario generale della Cgil. Nel 2012, in un\u2019iniziativa promossa da \u201cApertamente\u201d, venne a discutere con Tiziano Treu, in un\u2019affollatissima galleria comunale d\u2019arte contemporanea, del ruolo, dei problemi e dei diritti del lavoro nella crisi italiana ed europea, proponendo una ricognizione, per molti inedita, sulla situazione europea e mondiale. Il giorno seguente organizzammo, con amici comuni, una gita nel Collio, alla ricerca di panorami, aromi e sapori ai quali si era affezionato: erano momenti di convivialit\u00e0 nei quali sapeva liberarsi della veste di uomo pubblico per chiacchierare, scherzare o, con la stessa leggerezza, discutere dei temi della grande Storia della quale eravamo stati entrambi studiosi prima di diventare sindacalisti. Alla fine, sono proprio quei ricordi che rendono pi\u00f9 acuto il dolore per la scomparsa di un uomo davvero fuori dall\u2019ordinario, che ha saputo tenere assieme autorevolezza, mitezza, competenza, cultura, empatia.\u00a0 E che, anche per questo, mancher\u00e0 molto agli amici, al sindacato, alla politica.<\/p>\n","protected":false},"excerpt":{"rendered":"<p>di Franco Belci del 11\/6\/2021 Guglielmo Epifani \u00e8 stato innanzitutto un leader: la parola non mi \u00e8 mai piaciuta, eppure \u00e8 la prima che mi viene in mente nello scrivere un suo ricordo. Va subito aggiunto, per\u00f2, che la sua leadership non ha nulla a che vedere con le attuali concezioni della politica, nelle quali \u00e8 spesso sinonimo di personalizzazione. Guglielmo infatti non ha mai enfatizzato quel ruolo e lo ha interpretato con naturalezza e senso di responsabilit\u00e0, in Cgil<span class=\"excerpt-hellip\"> [\u2026]<\/span><\/p>\n","protected":false},"author":1,"featured_media":3590,"comment_status":"open","ping_status":"open","sticky":false,"template":"","format":"standard","meta":[],"categories":[10],"tags":[],"_links":{"self":[{"href":"http:\/\/www.associazione-apertamente.org\/m\/wp-json\/wp\/v2\/posts\/3589"}],"collection":[{"href":"http:\/\/www.associazione-apertamente.org\/m\/wp-json\/wp\/v2\/posts"}],"about":[{"href":"http:\/\/www.associazione-apertamente.org\/m\/wp-json\/wp\/v2\/types\/post"}],"author":[{"embeddable":true,"href":"http:\/\/www.associazione-apertamente.org\/m\/wp-json\/wp\/v2\/users\/1"}],"replies":[{"embeddable":true,"href":"http:\/\/www.associazione-apertamente.org\/m\/wp-json\/wp\/v2\/comments?post=3589"}],"version-history":[{"count":1,"href":"http:\/\/www.associazione-apertamente.org\/m\/wp-json\/wp\/v2\/posts\/3589\/revisions"}],"predecessor-version":[{"id":3591,"href":"http:\/\/www.associazione-apertamente.org\/m\/wp-json\/wp\/v2\/posts\/3589\/revisions\/3591"}],"wp:featuredmedia":[{"embeddable":true,"href":"http:\/\/www.associazione-apertamente.org\/m\/wp-json\/wp\/v2\/media\/3590"}],"wp:attachment":[{"href":"http:\/\/www.associazione-apertamente.org\/m\/wp-json\/wp\/v2\/media?parent=3589"}],"wp:term":[{"taxonomy":"category","embeddable":true,"href":"http:\/\/www.associazione-apertamente.org\/m\/wp-json\/wp\/v2\/categories?post=3589"},{"taxonomy":"post_tag","embeddable":true,"href":"http:\/\/www.associazione-apertamente.org\/m\/wp-json\/wp\/v2\/tags?post=3589"}],"curies":[{"name":"wp","href":"https:\/\/api.w.org\/{rel}","templated":true}]}}