{"id":3569,"date":"2021-05-28T23:29:16","date_gmt":"2021-05-28T21:29:16","guid":{"rendered":"http:\/\/www.associazione-apertamente.org\/m\/?p=3569"},"modified":"2021-05-28T23:29:17","modified_gmt":"2021-05-28T21:29:17","slug":"luso-del-futuro","status":"publish","type":"post","link":"http:\/\/www.associazione-apertamente.org\/m\/2021\/05\/28\/luso-del-futuro\/","title":{"rendered":"L\u2019uso del futuro"},"content":{"rendered":"\n<p>di Bianca della Pietra del 28\/5\/2021<\/p>\n\n\n\n<p>Entreremo in zona \u2026colore X, tutto andr\u00e0 bene, il tale ente far\u00e0, diventer\u00e0, produrr\u00e0\u2026per arrivare alla notizia del giorno 18 maggio con cui si comunica sul giornale locale che:<\/p>\n\n\n\n<p><strong>\u201cIl Commissariato di Monfalcone elevato di livello, promosso. (<em>tempo presente<\/em>)\u2026Il salto di livello, approvato, sar\u00e0 concretizzato entro il 2026 e implicher\u00e0 un rafforzamento di organico.\u201d<\/strong><\/p>\n\n\n\n<p>Tale istanza \u00e8 stata approvata gi\u00e0 nello scorso mese di dicembre, spiega l\u2019articolista.<\/p>\n\n\n\n<p>L\u2019alternarsi di tempi verbali (presente, passato, futuro) non permette di capire quale sia il dato di fatto attuale. Questo non solo rispetto al fatto citato, ma mi riferisco pi\u00f9 in generale a un atteggiamento diffuso specie nella classe politica e raccolto dai giornalisti, con cui si lanciano notizie che poi si rivelano non contenere dati\/fatti reali, realistici o realizzabili nei tempi con cui si formulano le frasi.<\/p>\n\n\n\n<p>Questa notizia e la conseguente considerazione, mi ha stimolato alcuni pensieri.<\/p>\n\n\n\n<p>Dov\u2019\u00e8 contenuto il futuro? Come si esprime al di l\u00e0 del tempo verbale?<\/p>\n\n\n\n<p>A mio avviso, il futuro si esprime con il lavoro e la sostenibilit\u00e0.<\/p>\n\n\n\n<p>Il lavoro \u00e8 cambiato in molti settori e di nuovi ne sono emersi. Questo dato di fatto rende necessaria anche una visione diversa del lavoro: flessibile, ma con tutele per i lavoratori, negoziabile, ma senza una eccessiva proliferazione di contratti, non negoziabile invece nell\u2019investimento sulla sicurezza, ricco di costanti, qualificate, e non illusorie offerte di formazione continua. La formazione continua pu\u00f2 ridare un senso alla realizzazione delle proprie competenze in quanto adulti, al lavoro stesso e al ruolo sociale del lavoratore e dell\u2019impresa. Rimane ancora inattuata la parit\u00e0 di accesso al lavoro da parte di donne e giovani e soprattutto a certi settori e condizioni retributive.<\/p>\n\n\n\n<p>Non voglio qui ridurre con una sintesi da persona poco preparata tutte le tematiche connesse al lavoro. Convintamente ne ribadisco lo stretto legame con il futuro e con la sostenibilit\u00e0.<\/p>\n\n\n\n<p>La Conferenza dell\u2019ILO in occasione del centenario della sua fondazione (Ginevra, 21\/06\/2019) afferma ai punti B. e C.:<\/p>\n\n\n\n<p>\u201c \u00c8 essenziale agire urgentemente per cogliere le opportunit\u00e0 e far fronte alle sfide al fine di costruire un futuro del lavoro equo, inclusivo e sicuro, caratterizzato da piena occupazione, lavoro produttivo e liberamente scelto e lavoro dignitoso per tutti.<\/p>\n\n\n\n<p>Tale futuro del lavoro \u00e8 fondamentale per lo sviluppo sostenibile che ponga fine alla povert\u00e0 e che non lasci indietro nessuno. \u201c<a href=\"#_ftn1\">[1]<\/a><\/p>\n\n\n\n<p>La Conferenza deve quindi, tra le varie cose e per adempiere al proprio ruolo, \u201cgarantire un\u2019equa transizione verso un futuro del lavoro che contribuisca allo sviluppo sostenibile nelle sue dimensioni economiche, sociali e ambientali;\u201d<\/p>\n\n\n\n<p>Sostenibilit\u00e0. La definizione originaria ha origine nella prima conferenza ONU sull\u2019ambiente nel 1972 anche se soltanto nel 1987 nel cosiddetto Rapporto Bruntland viene definita in relazione con lo sviluppo: \u201c<em>Per sviluppo sostenibile si intende uno sviluppo che soddisfi i bisogni del presente senza compromettere la capacit\u00e0 delle generazioni future di soddisfare i propri<\/em>\u201d.<\/p>\n\n\n\n<p>Questo inevitabilmente implica la cura dell\u2019ambiente in cui viviamo, cura nel presente, conservazione di elementi del passato in vista di un beneficio, e progetto futuro. Ai primari ambiti coinvolti nella sostenibilit\u00e0, economia, politica, ecologia, se n\u2019\u00e8 aggiunto un quarto, cio\u00e8 la cultura.<\/p>\n\n\n\n<p>Mai come in questo anno e mezzo, la diffusione della cultura \u00e8 passata tramite la versione digitale: pensiamo solo alla scuola e all\u2019uso della DAD che ha fatto esplodere la necessit\u00e0 che su tutto il territorio nazionale il <em>digital devide <\/em>sia al pi\u00f9 presto superato, in modo da consentire l\u2019accesso alla cultura (ma non solo!) anche ai territori lontani, isolati e non sono identificabili solo con la montagna.<\/p>\n\n\n\n<p>Emerge con forza, pensando proprio al suolo italiano e alla sostenibilit\u00e0 ambientale, la necessit\u00e0 di valorizzazione del settore produttivo primario in particolare nella salvaguardia della biodiversit\u00e0 in agricoltura. Questo, come altri ambiti del settore primario (metallurgia, petroli) sta risentendo non poco delle politiche economiche e produttive messe in campo da Stati Uniti e Cina in particolare. Secondo G. Torlizzi, esperto finanziario, in un suo articolo su Huffington Post<a href=\"#_ftn2\">[2]<\/a> &nbsp;\u201cSe escludiamo i settori pi\u00f9 colpiti come ristorazione e turismo, una fetta importante della popolazione, in particolare negli Stati Uniti, si \u00e8 ritrovata nel mezzo della pandemia con del risparmio accumulato, impiegato poi in buona parte in prodotti <em>tech<\/em> ed elettrodomestici, un comparto produttivo che necessita di metalli e semiconduttori. Da qui arriva un primo impulso alla domanda di alcuni materiali, ma \u00e8 solo una delle cause dietro la carenza di materie prime\u201d, spiega Torlizzi. Hanno giocato un ruolo anche le politiche per la transizione ecologica volte a combattere il<em>&nbsp;climate change.&nbsp;<\/em>L\u2019attenzione giustamente ossessiva dei leader politici per un graduale ma deciso passaggio verso un\u2019economia meno inquinante e pi\u00f9 sostenibile ha indubbiamente favorito posizioni rialziste sulle materie prime necessarie per rendere la svolta <em>green<\/em> una realt\u00e0 nel lungo periodo\u2026Insomma: una serie di fattori legati all\u2019impatto del Covid sulle catene di approvvigionamento ha generato una grave penuria di materie prime. Gli effetti sono diversificati e diffusi in una buona parte del mondo produttivo.\u201d<\/p>\n\n\n\n<p>Il ruolo dell\u2019agricoltura nel contrasto ai cambiamenti climatici e nella produzione di lavoro qualificato, soprattutto per i giovani, appare sottovalutato.<\/p>\n\n\n\n<p>Il 21 maggio \u00e8 stata la Giornata mondiale della Biodiversit\u00e0 a ricordarci l\u2019importanza della cura dell\u2019ambiente naturale e quanto la ricchezza della variet\u00e0 della vita sulla Terra sia importante per tutti gli esseri viventi.<\/p>\n\n\n\n<p>\u201cNella maggior parte dei paesi, la disuguaglianza fondiaria, e cio\u00e8 il diseguale accesso alla propriet\u00e0 terriera, sta crescendo. Questa tendenza minaccia direttamente i mezzi di sostentamento di circa 2,5 miliardi di persone in tutto il mondo coinvolte nella piccola agricoltura, ed \u00e8 frutto in buona parte dell\u2019accaparramento della terra da parte di Stati e grandi multinazionali. L\u2019ineguaglianza fondiaria coinvolge soprattutto le popolazioni rurali. &nbsp;I piccoli proprietari e le aziende agricole a conduzione familiare, le popolazioni indigene, le donne, i giovani e le comunit\u00e0 rurali vengono marginalizzati in appezzamenti di terreno pi\u00f9 piccoli, o sono costretti ad abbandonare del tutto la terra, mentre sempre pi\u00f9 terra si concentra in poche mani, servendo principalmente gli interessi dell\u2019<em>agrobusiness<\/em>, delle \u00e9lite locali e di investitori lontani, utilizzando modelli industriali di produzione che impiegano sempre meno persone e che riducono la biodiversit\u00e0 dell\u2019ambiente&#8230; La terra dovrebbe essere un bene comune, e come tale riconosciuto e tutelato: fornisce acqua, cibo e altre risorse naturali che sostengono e permettono ogni forma di vita. \u00c8 origine della biodiversit\u00e0 e fornisce indispensabili mezzi di sussistenza. \u00c8 un bene non rinnovabile e inestricabilmente connesso alle persone e alle societ\u00e0 che sulla terra vivono e si sviluppano. Il modo in cui gestiamo e controlliamo la terra ha plasmato le nostre economie, strutture politiche, comunit\u00e0, culture e credenze per migliaia di anni.\u201d<a href=\"#_ftn3\">[3]<\/a><\/p>\n\n\n\n<p>Il tempo presente solitamente indica la contemporaneit\u00e0 dei fatti al momento della formulazione della frase e queste condizioni riportate qui sopra ci richiamano a dati di fatto esistenti e non trascorsi (se non da poco). Realt\u00e0 di cui dobbiamo occuparci, ognuno per le sue competenze, compresa quella dei cittadini di essere informati sul contesto che ci circonda e sulle sue condizioni. &nbsp;Usare il tempo futuro a mio avviso, soprattutto nella comunicazione massmediale richiede cautela, attenzione, ponderazione e documentazione. Lo abbiamo sperimentato sempre in questi mesi con la pandemia ancora in atto: l\u2019eccesso di informazione crea disinformazione e l\u2019uso del futuro come fosse un presente certo pu\u00f2 creare pericolose illusioni e, soprattutto, far dimenticare e poi rimuovere ci\u00f2 con cui sarebbe il caso cominciassimo a fare i conti al presente: la realt\u00e0 con i suoi limiti e le sue possibilit\u00e0, che ancora non sono certezze.<\/p>\n\n\n\n<hr class=\"wp-block-separator\"\/>\n\n\n\n<p><a href=\"#_ftnref1\">[1]<\/a> https:\/\/www.ilo.org\/wcmsp5\/groups\/public\/&#8212;europe\/&#8212;ro-geneva\/&#8212;ilo-rome\/documents\/publication\/wcms_713897.pdf<\/p>\n\n\n\n<p><a href=\"#_ftnref2\">[2]<\/a> https:\/\/www.huffingtonpost.it\/entry\/penuria-e-prezzo-alle-stelle-e-iniziata-la-corsa-alle-materie-prime_it_60a3bfc4e4b090924808a9e5?utm_hp_ref=it-homepage<\/p>\n\n\n\n<p><a href=\"#_ftnref3\">[3]<\/a> https:\/\/www.focsiv.it\/la-crescita-delle-disuguaglianze-sulla-terra\/<\/p>\n","protected":false},"excerpt":{"rendered":"<p>di Bianca della Pietra del 28\/5\/2021 Entreremo in zona \u2026colore X, tutto andr\u00e0 bene, il tale ente far\u00e0, diventer\u00e0, produrr\u00e0\u2026per arrivare alla notizia del giorno 18 maggio con cui si comunica sul giornale locale che: \u201cIl Commissariato di Monfalcone elevato di livello, promosso. (tempo presente)\u2026Il salto di livello, approvato, sar\u00e0 concretizzato entro il 2026 e implicher\u00e0 un rafforzamento di organico.\u201d Tale istanza \u00e8 stata approvata gi\u00e0 nello scorso mese di dicembre, spiega l\u2019articolista. L\u2019alternarsi di tempi verbali (presente, passato, futuro)<span class=\"excerpt-hellip\"> [\u2026]<\/span><\/p>\n","protected":false},"author":1,"featured_media":3242,"comment_status":"open","ping_status":"open","sticky":false,"template":"","format":"standard","meta":[],"categories":[13],"tags":[],"_links":{"self":[{"href":"http:\/\/www.associazione-apertamente.org\/m\/wp-json\/wp\/v2\/posts\/3569"}],"collection":[{"href":"http:\/\/www.associazione-apertamente.org\/m\/wp-json\/wp\/v2\/posts"}],"about":[{"href":"http:\/\/www.associazione-apertamente.org\/m\/wp-json\/wp\/v2\/types\/post"}],"author":[{"embeddable":true,"href":"http:\/\/www.associazione-apertamente.org\/m\/wp-json\/wp\/v2\/users\/1"}],"replies":[{"embeddable":true,"href":"http:\/\/www.associazione-apertamente.org\/m\/wp-json\/wp\/v2\/comments?post=3569"}],"version-history":[{"count":1,"href":"http:\/\/www.associazione-apertamente.org\/m\/wp-json\/wp\/v2\/posts\/3569\/revisions"}],"predecessor-version":[{"id":3570,"href":"http:\/\/www.associazione-apertamente.org\/m\/wp-json\/wp\/v2\/posts\/3569\/revisions\/3570"}],"wp:featuredmedia":[{"embeddable":true,"href":"http:\/\/www.associazione-apertamente.org\/m\/wp-json\/wp\/v2\/media\/3242"}],"wp:attachment":[{"href":"http:\/\/www.associazione-apertamente.org\/m\/wp-json\/wp\/v2\/media?parent=3569"}],"wp:term":[{"taxonomy":"category","embeddable":true,"href":"http:\/\/www.associazione-apertamente.org\/m\/wp-json\/wp\/v2\/categories?post=3569"},{"taxonomy":"post_tag","embeddable":true,"href":"http:\/\/www.associazione-apertamente.org\/m\/wp-json\/wp\/v2\/tags?post=3569"}],"curies":[{"name":"wp","href":"https:\/\/api.w.org\/{rel}","templated":true}]}}