{"id":3557,"date":"2021-05-20T21:33:12","date_gmt":"2021-05-20T19:33:12","guid":{"rendered":"http:\/\/www.associazione-apertamente.org\/m\/?p=3557"},"modified":"2021-05-20T21:33:13","modified_gmt":"2021-05-20T19:33:13","slug":"erpac-fvg-si-no-non-so","status":"publish","type":"post","link":"http:\/\/www.associazione-apertamente.org\/m\/2021\/05\/20\/erpac-fvg-si-no-non-so\/","title":{"rendered":"Erpac Fvg  Si No Non so"},"content":{"rendered":"\n<p>di Diego Moretti del 20\/5\/2021<\/p>\n\n\n\n<p>In questi ultimi tre anni, il dibattito sulla politica culturale a Gorizia si \u00e8 concentrato sulla \u201cspogliazione\u201d che la citt\u00e0 avrebbe sub\u00ecto dal passaggio della gestione dei Musei Provinciali e del patrimonio culturale dalla Provincia (soppressa nel 2016) all\u2019Erpac, l\u2019Ente Regionale per la gestione del Patrimonio Culturale che ha sede proprio nel capoluogo isontino. Il centrodestra goriziano, nella furia iconoclasta di cambiare tutto, ha, da subito, proposto alla nuova Amministrazione regionale, uscita dalle elezioni del 2018, che la gestione dei Musei (una particolarit\u00e0 nel territorio regionale, il cui patrimonio \u00e8 \u2013 in virt\u00f9 di una norma regionale specifica condivisa con il Ministero della Cultura &#8211; a propriet\u00e0 indivisa tra i comuni di Gorizia e Monfalcone) passasse al Comune di Gorizia, per poi chiedere che la Regione chiudesse lo stesso Erpac.<\/p>\n\n\n\n<p>Il 30 aprile scorso, durante la discussione in Consiglio regionale su un emendamento che assegnava 250mila euro al GECT GO per la gestione della Capitale Europea 2025, l\u2019assessore Gibelli ha annunciato che sar\u00e0 proprio l\u2019Erpac \u2013 l\u2019ente costituito con la legge regionale n. 2 del 2016 &#8211; a gestire per conto della Regione tutta la partita di Nova Gorica-Gorizia 2025.<\/p>\n\n\n\n<p>L\u2019Erpac, quindi, a dispetto delle volont\u00e0 dell\u2019amministrazione comunale goriziana, non sar\u00e0 pi\u00f9 chiuso, come annunciato nel 2019: una vittoria di quanti &#8211; forze politiche, amministratori locali, associazioni, operatori e cittadini che da subito avevano definito tale scelta sbagliata e illogica.<\/p>\n\n\n\n<p>Trovo giusto per\u00f2, nel momento in cui l\u2019assessore Gibelli certifica la continuazione di Erpac, ricordare i passaggi salienti e le dichiarazioni stampa dei massimi esponenti di Lega e Forza Italia goriziano e regionale (con l\u2019eccezione dell\u2019assessore Obizzi), ieri ubbidienti, oggi silenti, di fronte all\u2019annuncio che la Giunta regionale fece nel 2019, depositando il 27\/9\/2019 il disegno di legge n. 66 \u201cSemplifica FVG\u201d (che abrogava l\u2019Erpac), poi misteriosamente ritirato a gennaio 2020:<\/p>\n\n\n\n<p><em>. 27\/9\/19 la Giunta regionale licenzia il DDL 66 \u201cSemplifica FVG\u201d che prevede un Capo specifico dedicato alla chiusura e liquidazione dell\u2019Erpac<\/em><\/p>\n\n\n\n<p><em>. 27\/9\/19 &lt;&lt;Obizzi: L\u2019Erpac non va chiuso. Cos\u00ec la citt\u00e0 si impoverisce&gt;&gt;<\/em><\/p>\n\n\n\n<p><em>. 28\/9\/19 &lt;&lt;Ziberna e Cisint all\u2019unisono \u201cE\u2019 giusto chiudere l\u2019Erpac\u201d \u2013 \u201cZiberna: sono sempre stato contrario a quell\u2019ente che ho sempre definito nulla di pi\u00f9 di un carrozzone. La Regione lo chiuder\u00e0? Gorizia non pu\u00f2 che stappare una bottiglia e festeggiare.\u201d \u201cCisint: Sono favorevole che si riducano gli enti che non hanno ragione d\u2019esistere\u2026l\u2019ente nacque per contrastare Ettore Romoli, diciamola tutta\u201d&gt;&gt;<\/em><\/p>\n\n\n\n<p><em>. 9\/10\/19 &lt;&lt;La giunta stacca la spina all\u2019Erpac. Il Pd all\u2019attacco. Gibelli tira dritto&gt;&gt;<\/em><\/p>\n\n\n\n<p><em>. 13\/1\/20 la Giunta regionale ritira il disegno di legge<\/em><\/p>\n\n\n\n<p><em>. 17\/1\/20 &lt;&lt;Il requiem di Gibelli per l\u2019Erpac con incognita Musei provinciali \u2013 l\u2019assessore regionale conferma: \u201cCompetenze e anche propriet\u00e0 passano all\u2019Ente di decentramento regionale\u201d&gt;&gt;;<\/em><\/p>\n\n\n\n<p><em>. 20\/2\/20 durante l\u2019audizione in V commissione, richiesta dal gruppo PD proprio sulla chiusura di Erpac, l\u2019assessore Gibelli conferma l\u2019intenzione di chiudere Erpac per \u201csemplificare\u201d;<\/em><\/p>\n\n\n\n<p><em>. 21\/2\/20 &lt;&lt;Gibelli chiude l\u2019Erpac e rassicura i dipendenti \u2013 \u201cL\u2019Erpac sar\u00e0 abolito. L\u2019assessore Tiziana Gibelli ha confermato ieri nel corso di un\u2019audizione in Consiglio la volont\u00e0 di sopprimere l\u2019Erpac. L\u2019Erpac verr\u00e0 cancellato dalla prossima legge di semplificazione calendarizzata ad aprile.\u201d&gt;&gt;<\/em><\/p>\n\n\n\n<p>Questa la scansione cronologica della rassegna stampa degli ultimi 18 mesi relativa a Erpac: lo stesso si potrebbe fare rispetto ad un altro tema caro al centrodestra, quello dei Musei Provinciali, dove nulla \u00e8 cambiato e sul quale \u00e8 calato \u2013 dopo un \u201cbombardamento\u201d mediatico &#8211; un altrettanto fragoroso, imbarazzante e, aggiungo, colpevole silenzio.<\/p>\n\n\n\n<p>Cosa dire di questa palese inadeguatezza da parte di chi governa il Comune? La solita presa in giro, i soliti annunci, l\u2019incapacit\u00e0 di avere una progettualit\u00e0 o visione che vada oltre la contingenza del momento.<\/p>\n\n\n\n<p>Da Ziberna e i suoi nessun imbarazzo, mai un \u201cscusate, abbiamo sbagliato\u201d: solo silenzio e rimozione. Una bella faccia tosta, non c\u2019\u00e8 che dire.<\/p>\n","protected":false},"excerpt":{"rendered":"<p>di Diego Moretti del 20\/5\/2021 In questi ultimi tre anni, il dibattito sulla politica culturale a Gorizia si \u00e8 concentrato sulla \u201cspogliazione\u201d che la citt\u00e0 avrebbe sub\u00ecto dal passaggio della gestione dei Musei Provinciali e del patrimonio culturale dalla Provincia (soppressa nel 2016) all\u2019Erpac, l\u2019Ente Regionale per la gestione del Patrimonio Culturale che ha sede proprio nel capoluogo isontino. Il centrodestra goriziano, nella furia iconoclasta di cambiare tutto, ha, da subito, proposto alla nuova Amministrazione regionale, uscita dalle elezioni del<span class=\"excerpt-hellip\"> [\u2026]<\/span><\/p>\n","protected":false},"author":1,"featured_media":3558,"comment_status":"open","ping_status":"open","sticky":false,"template":"","format":"standard","meta":[],"categories":[10],"tags":[],"_links":{"self":[{"href":"http:\/\/www.associazione-apertamente.org\/m\/wp-json\/wp\/v2\/posts\/3557"}],"collection":[{"href":"http:\/\/www.associazione-apertamente.org\/m\/wp-json\/wp\/v2\/posts"}],"about":[{"href":"http:\/\/www.associazione-apertamente.org\/m\/wp-json\/wp\/v2\/types\/post"}],"author":[{"embeddable":true,"href":"http:\/\/www.associazione-apertamente.org\/m\/wp-json\/wp\/v2\/users\/1"}],"replies":[{"embeddable":true,"href":"http:\/\/www.associazione-apertamente.org\/m\/wp-json\/wp\/v2\/comments?post=3557"}],"version-history":[{"count":1,"href":"http:\/\/www.associazione-apertamente.org\/m\/wp-json\/wp\/v2\/posts\/3557\/revisions"}],"predecessor-version":[{"id":3559,"href":"http:\/\/www.associazione-apertamente.org\/m\/wp-json\/wp\/v2\/posts\/3557\/revisions\/3559"}],"wp:featuredmedia":[{"embeddable":true,"href":"http:\/\/www.associazione-apertamente.org\/m\/wp-json\/wp\/v2\/media\/3558"}],"wp:attachment":[{"href":"http:\/\/www.associazione-apertamente.org\/m\/wp-json\/wp\/v2\/media?parent=3557"}],"wp:term":[{"taxonomy":"category","embeddable":true,"href":"http:\/\/www.associazione-apertamente.org\/m\/wp-json\/wp\/v2\/categories?post=3557"},{"taxonomy":"post_tag","embeddable":true,"href":"http:\/\/www.associazione-apertamente.org\/m\/wp-json\/wp\/v2\/tags?post=3557"}],"curies":[{"name":"wp","href":"https:\/\/api.w.org\/{rel}","templated":true}]}}