{"id":3418,"date":"2021-03-14T12:52:17","date_gmt":"2021-03-14T11:52:17","guid":{"rendered":"http:\/\/www.associazione-apertamente.org\/m\/?p=3418"},"modified":"2021-03-14T12:52:18","modified_gmt":"2021-03-14T11:52:18","slug":"otto-e-mezza","status":"publish","type":"post","link":"http:\/\/www.associazione-apertamente.org\/m\/2021\/03\/14\/otto-e-mezza\/","title":{"rendered":"&#8220;Otto e mezza&#8221;"},"content":{"rendered":"\n<p>di Marino Visintin del 14\/03\/2021<\/p>\n\n\n\n<p>Non so se succede anche a voi, ma a me, ogni tanto, capita la voglia di mettere in ordine i mucchi di carte che nel corso di molti decenni si sono accumulate in cantina. Quando per\u00f2 vedo la quantit\u00e0 di scatoloni straripanti e di pile scomposte ammucchiate su tavoli o mensole, vi assicuro che in un un attimo cambio idea e mi trovo qualcosa di altro da fare, convinto che sia assolutamente pi\u00f9 importante, o almeno cos\u00ec lo immagino.<\/p>\n\n\n\n<p>Ieri, per\u00f2, \u00e8 stato diverso perch\u00e9 lo scatolone che ho aperto per primo aveva in bella vista un giornalino degli anni sessanta scritto dagli studenti isontini delle superiori (Gorizia e Monfalcone), l'&#8221;<strong><em>Otto e mezza<\/em><\/strong>&#8220;.<\/p>\n\n\n\n<p>Sfogliandolo sono rimasto un po&#8217; meravigliato per la qualit\u00e0 e per l&#8217;importanza degli argomenti che venivano trattati; ma come \u00e8 possibile che non ricordavo, se non con sfumature tenui, le discussioni, le manifestazioni e gli interessi degli studenti per gli avvenimenti degli anni sessanta, cio\u00e8 gli anni della crescita economica e sociale e dell&#8217;interesse per la politica italiana e per gli avvenimenti mondiali.<\/p>\n\n\n\n<p>La lotta dei saldatori di Monfalcone, con i cortei a Gorizia e le cariche della Celere, il Vietnam, Bob Dylan, i &#8220;preti operai&#8221; riabilitati che si contrapponevano ai &#8220;vecchi&#8221; preti, e che rappresentavano il nuovo riferimento per i cattolici progressisti; erano simpatici anche a quelli che non correvano sempre a messa.<\/p>\n\n\n\n<p>E poi i nomi degli studenti di Gorizia e Monfalcone che facevano parte della redazione o che scrivevano su &#8220;<strong><em>Otto e mezza<\/em><\/strong>&#8220;, tra i quali diversi compagni di scuola e anche qualcuno, come il Tomani, di classe.<\/p>\n\n\n\n<p>Oltre a Claudio Tomani, cito alcuni altri, tanto per \u2026 : Giuliano Lucigrai, Gino Pipia, Ave Monorchio, Roberto Scuotto, Luciano de Gironcoli, Alessandra Malacrea, Roberto Pezzetta, Benny Briguccia, Gilberto Contento.<\/p>\n\n\n\n<p>Tra i tanti argomenti trattati su &#8220;<strong><em>Otto e mezza<\/em><\/strong>&#8220;, uno, riportato nella rubrica &#8220;Lettere&#8221;, nel numero 4 dell&#8217;aprile &#8217;66, mi \u00e8 sembrato molto attuale, in quanto tratta il tema dei poveri e della fame e di chi deve mangiare per primo: l&#8217;articolo \u00e8 intitolato &#8220;C&#8217;\u00e8 fame e fame&#8221;.<\/p>\n\n\n\n<p>Due giovani studenti della nostra provincia si lamentano che l&#8217;iniziativa umanitaria degli studenti della redazione di &#8220;<strong><em>Otto e mezza<\/em><\/strong>&#8221; chiamata &#8220;<strong>Un trattore per i sette colli<\/strong>&#8221; venga svolta a favore delle popolazioni dell&#8217;India e non per i poveri italiani. &nbsp;L&#8217;accusa \u00e8 molto pesante: &#8220;Voi studenti cattolici, avete rinnegato le centinaia e centinaia di anime italiane che come quelle indiane stanno morendo di fame&#8221;. E ancora: &#8221; \u2026 un errore assai grave che diversi studenti assai difficilmente potranno perdonarvi&#8221;. La lettera si conclude con una domanda: &#8221; \u2026 il perch\u00e9 di questo vostro atto che non ha fatto altro che annullare la vostra personalit\u00e0&#8221;.<\/p>\n\n\n\n<p>La risposta della redazione \u00e8 interessante intanto perch\u00e9 puntualizza &#8220;\u2026 che non esiste paragone tra la miseria in Italia e quella in India ed in altre parti del mondo; per quantit\u00e0 e qualit\u00e0, la nostra povert\u00e0, \u00e8 sempre una forma di privilegio di fronte alla denutrizione di due terzi dell&#8217;umanit\u00e0&#8221;.<\/p>\n\n\n\n<p>E poi sottolinea che non non si tratta di una iniziativa caritatevole ma fa parte di una strategia &#8220;\u2026 che ha visto la convergenza del Presidente Saragat e del Papa Paolo VI e che quindi la questione riguarda ogni coscienza umana&#8221;.<\/p>\n\n\n\n<p>La risposta si conclude con una citazione di Einstein: &#8220;La nostra \u00e8 l&#8217;epoca nella quale per la prima volta nella storia si sono creati scambi amichevoli e di solidariet\u00e0 tra genti diverse. Felice questa generazione se, anche in questo senso, sapr\u00e0 superare la mia, che ha ignorato spesso come ogni uomo sia cittadino dell&#8217;umanit\u00e0 prima ancora che cittadino di un determinato popolo&#8221;.<\/p>\n\n\n\n<p>Niente male per dei teenager di provincia, non vi pare?<\/p>\n","protected":false},"excerpt":{"rendered":"<p>di Marino Visintin del 14\/03\/2021 Non so se succede anche a voi, ma a me, ogni tanto, capita la voglia di mettere in ordine i mucchi di carte che nel corso di molti decenni si sono accumulate in cantina. Quando per\u00f2 vedo la quantit\u00e0 di scatoloni straripanti e di pile scomposte ammucchiate su tavoli o mensole, vi assicuro che in un un attimo cambio idea e mi trovo qualcosa di altro da fare, convinto che sia assolutamente pi\u00f9 importante, o<span class=\"excerpt-hellip\"> [\u2026]<\/span><\/p>\n","protected":false},"author":1,"featured_media":3419,"comment_status":"open","ping_status":"open","sticky":false,"template":"","format":"standard","meta":[],"categories":[13],"tags":[],"_links":{"self":[{"href":"http:\/\/www.associazione-apertamente.org\/m\/wp-json\/wp\/v2\/posts\/3418"}],"collection":[{"href":"http:\/\/www.associazione-apertamente.org\/m\/wp-json\/wp\/v2\/posts"}],"about":[{"href":"http:\/\/www.associazione-apertamente.org\/m\/wp-json\/wp\/v2\/types\/post"}],"author":[{"embeddable":true,"href":"http:\/\/www.associazione-apertamente.org\/m\/wp-json\/wp\/v2\/users\/1"}],"replies":[{"embeddable":true,"href":"http:\/\/www.associazione-apertamente.org\/m\/wp-json\/wp\/v2\/comments?post=3418"}],"version-history":[{"count":1,"href":"http:\/\/www.associazione-apertamente.org\/m\/wp-json\/wp\/v2\/posts\/3418\/revisions"}],"predecessor-version":[{"id":3420,"href":"http:\/\/www.associazione-apertamente.org\/m\/wp-json\/wp\/v2\/posts\/3418\/revisions\/3420"}],"wp:featuredmedia":[{"embeddable":true,"href":"http:\/\/www.associazione-apertamente.org\/m\/wp-json\/wp\/v2\/media\/3419"}],"wp:attachment":[{"href":"http:\/\/www.associazione-apertamente.org\/m\/wp-json\/wp\/v2\/media?parent=3418"}],"wp:term":[{"taxonomy":"category","embeddable":true,"href":"http:\/\/www.associazione-apertamente.org\/m\/wp-json\/wp\/v2\/categories?post=3418"},{"taxonomy":"post_tag","embeddable":true,"href":"http:\/\/www.associazione-apertamente.org\/m\/wp-json\/wp\/v2\/tags?post=3418"}],"curies":[{"name":"wp","href":"https:\/\/api.w.org\/{rel}","templated":true}]}}