{"id":3397,"date":"2021-02-26T19:51:16","date_gmt":"2021-02-26T18:51:16","guid":{"rendered":"http:\/\/www.associazione-apertamente.org\/m\/?p=3397"},"modified":"2021-02-26T19:51:17","modified_gmt":"2021-02-26T18:51:17","slug":"le-immagini-e-il-tempo","status":"publish","type":"post","link":"http:\/\/www.associazione-apertamente.org\/m\/2021\/02\/26\/le-immagini-e-il-tempo\/","title":{"rendered":"Le immagini e il tempo"},"content":{"rendered":"\n<p>di Lucia Paola Toros del 26\/02\/2021<\/p>\n\n\n\n<p>E&#8217; un dato di fatto che le immagini dominino e&nbsp;totalizzino il nostro quotidiano. Appaiono, scompaiono e si susseguono ad un ritmo vertiginoso. Siamo immersi in un mondo fatto di immagini, \u00e8 diventata la nuova dimensione umana.<\/p>\n\n\n\n<p>Sar\u00e0 forse per questo motivo che negli ultimi anni la caratteristica fondamentale per un telefono di ultima generazione \u00e8 una fotocamera strabiliante. Il telefono pi\u00f9 evoluto e desiderato \u00e8 quello che fa le foto pi\u00f9 spettacolari, nitide, piene di effetti. Certo, \u00e8 quello che consente di postare le suddette mirabolanti foto sugli altrettanto mirabolanti e sfavillanti social dei quali sembriamo non riuscire a fare a meno. E l\u00ec che si trova? Immagini, immagini, sempre e solo immagini, ferme o in movimento\u2026qualche sparuta parola a sottolineare qualche tema, per il resto solo immagini.<\/p>\n\n\n\n<p>E che c\u2019\u00e8 di male? Le immagini dicono pi\u00f9 di molte parole.<\/p>\n\n\n\n<p>Certo, nulla di male, ma a furia di immagini che si susseguono, si rischia di smettere di pensare. Le immagini si fissano sulla&nbsp;r\u00e8tina per una frazione di secondo e innestano in noi un\u2019emozione. Sulla base di quella emozione, agiamo, senza filtri, di pancia, animati dalla percezione di una conoscenza approfondita dell&#8217;argomento&nbsp;trattato. Poi senza alcuna pausa rientriamo nel circolo, e i nostri occhi vengono colpiti da altre innumerevoli immagini in sequenza ininterrotta.<\/p>\n\n\n\n<p>E non importa che le immagini siano artefatte o vere, anche perch\u00e9 non siamo in grado di&nbsp;distinguerle.<\/p>\n\n\n\n<p>E le parole? Le parole passano in secondo piano, non catturano l&#8217;attenzione allo stesso modo, hanno meno impatto ed efficacia. Complice di questo \u00e8&nbsp;il fatto che presuppongono un tempo pi\u00f9 lungo di attenzione, che molti di noi non sono disponibili a dedicare.<\/p>\n\n\n\n<p>Si, il tempo. Sembriamo tutti alla ricerca disperata di tempo a disposizione, sembra non essercene mai abbastanza, metaforicamente siamo assetati di tempo. Quello stesso tempo che poi utilizziamo per mantenerci costantemente &#8220;aggiornati&#8221; sull&#8217;ultima immagine e l\u2019ultimo evento. Tutto in velocit\u00e0, tutto di fretta. Troppo veloci per pensare, una frazione di secondo e via, si passa ad altro. Il tempo del pensiero \u00e8 superato da quello delle immagini.<\/p>\n\n\n\n<p>Eppure sembra una conquista: avere a disposizioni queste immagini ci illude di conoscere, di essere informati e di capire. La potenza dell&#8217;immagine \u00e8 che porta a credere di aver visto quella cosa con i propri occhi, di essere a propria volta testimoni di quell&#8217;evento. Si ha l&#8217;illusione di conoscere l&#8217;avvenuto, perch\u00e9 lo si \u00e8 visto con i propri occhi. In questo modo oltre a testimoni diventiamo&nbsp;giudici e divulgatori del vero assoluto, consentendoci di arrogarci il diritto di giudicare, perch\u00e9 \u201csi \u00e8 visto, e si conosce\u201d.<\/p>\n\n\n\n<p>Nell&#8217;era delle immagini si va dimenticando la prospettiva e il punto di vista.<\/p>\n\n\n\n<p>Ironico&nbsp;a pensarci, considerando quanto questi siano fondamentali nello scattare una foto.<\/p>\n\n\n\n<p>Una stessa realt\u00e0 muta a seconda dell&#8217;immagine in cui \u00e8 stata catturata e le differenze variano in base a molteplici fattori, anche banalmente,&nbsp;dall&#8217;autore,&nbsp;dalla sequenza, dalla inquadratura. I manipolatori pi\u00f9 efficaci riescono attraverso le immagini a farci mangiare cose che non avremmo mai pensato di mangiare o a farci comprare cose che non avremmo mai pensato di comprare, o votare per chi non avremmo mai pensato di votare. Siamo in balia delle immagini.<\/p>\n\n\n\n<p>E la mancanza di tempo per approfondire, per ragionare, per discutere diventa un alibi, ma anche un paradosso, se pensiamo a quanto sia il tempo che i dispositivi, che ci connettono alla rete, fagocitano a ciascuno ogni giorno. Mediamente ogni persona dotata di connessione sta almeno 2 o 3 ore al giorno incollata ad uno schermo. Due o 3 ore sarebbero un tempo sufficiente per approfondire, per farci un&#8217;idea nostra sull\u2019argomento?<\/p>\n\n\n\n<p>Forse s\u00ec, ma ecco che si entra nel corto circuito: se il tempo non lo si utilizza per aggiornarsi, la sensazione \u00e8 di averlo irrimediabilmente perduto e cresce l&#8217;ansia di rimettersi in pari. Per cui ci si arrende a questa ansia e ci si fa guidare, orientare, condizionare dalle immagini, non dal fatto in s\u00e9. Si sostituiscono le immagini ai pensieri e alla logica in un vortice che conduce all\u2019abdicazione al ragionamento.<\/p>\n\n\n\n<p>Ci si accontenta dell\u2019imitazione della realt\u00e0, anzi, dell\u2019imitazione di un frammento della realt\u00e0, di una sua parte, quella immortalata dall\u2019immagine. E si diventa spettatori passivi, quelli che subiscono questo delirio di visioni, incapaci di staccare il telefonino dalle mani per 5 minuti di fila senza farsi prendere dall&#8217;ansia di vedere cosa c&#8217;\u00e8 di nuovo. Sembra una dipendenza, una droga, di cui si \u00e8 poco o per niente consapevoli.<\/p>\n\n\n\n<p>A questo punto, sarebbe interessante conoscere qual \u00e8 invece la realt\u00e0 delle persone che sono fuori da questo dominio delle immagini, perch\u00e9 esistono persone al di fuori di questo condizionamento.<\/p>\n\n\n\n<p>Sono quelle che a causa dell&#8217;et\u00e0 avanzata&nbsp;o della giovane et\u00e0&nbsp;non sono in grado di usufruire di uno strumento digitale. oppure coloro che hanno sviluppato gli altri 4 sensi, poich\u00e9 difettano della vista. Ebbene a loro sarebbe interessante chiedere di descrivere la loro realt\u00e0. Si potrebbe gi\u00e0 avanzare una probabile macro differenza: la loro realt\u00e0 \u00e8 costituita da una dimensione temporale meno frenetica, pi\u00f9 lenta&#8230;a misura &#8220;d&#8217;uomo&#8221;.<\/p>\n","protected":false},"excerpt":{"rendered":"<p>di Lucia Paola Toros del 26\/02\/2021 E&#8217; un dato di fatto che le immagini dominino e&nbsp;totalizzino il nostro quotidiano. Appaiono, scompaiono e si susseguono ad un ritmo vertiginoso. Siamo immersi in un mondo fatto di immagini, \u00e8 diventata la nuova dimensione umana. Sar\u00e0 forse per questo motivo che negli ultimi anni la caratteristica fondamentale per un telefono di ultima generazione \u00e8 una fotocamera strabiliante. Il telefono pi\u00f9 evoluto e desiderato \u00e8 quello che fa le foto pi\u00f9 spettacolari, nitide, piene<span class=\"excerpt-hellip\"> [\u2026]<\/span><\/p>\n","protected":false},"author":1,"featured_media":3398,"comment_status":"open","ping_status":"open","sticky":false,"template":"","format":"standard","meta":[],"categories":[13],"tags":[],"_links":{"self":[{"href":"http:\/\/www.associazione-apertamente.org\/m\/wp-json\/wp\/v2\/posts\/3397"}],"collection":[{"href":"http:\/\/www.associazione-apertamente.org\/m\/wp-json\/wp\/v2\/posts"}],"about":[{"href":"http:\/\/www.associazione-apertamente.org\/m\/wp-json\/wp\/v2\/types\/post"}],"author":[{"embeddable":true,"href":"http:\/\/www.associazione-apertamente.org\/m\/wp-json\/wp\/v2\/users\/1"}],"replies":[{"embeddable":true,"href":"http:\/\/www.associazione-apertamente.org\/m\/wp-json\/wp\/v2\/comments?post=3397"}],"version-history":[{"count":1,"href":"http:\/\/www.associazione-apertamente.org\/m\/wp-json\/wp\/v2\/posts\/3397\/revisions"}],"predecessor-version":[{"id":3399,"href":"http:\/\/www.associazione-apertamente.org\/m\/wp-json\/wp\/v2\/posts\/3397\/revisions\/3399"}],"wp:featuredmedia":[{"embeddable":true,"href":"http:\/\/www.associazione-apertamente.org\/m\/wp-json\/wp\/v2\/media\/3398"}],"wp:attachment":[{"href":"http:\/\/www.associazione-apertamente.org\/m\/wp-json\/wp\/v2\/media?parent=3397"}],"wp:term":[{"taxonomy":"category","embeddable":true,"href":"http:\/\/www.associazione-apertamente.org\/m\/wp-json\/wp\/v2\/categories?post=3397"},{"taxonomy":"post_tag","embeddable":true,"href":"http:\/\/www.associazione-apertamente.org\/m\/wp-json\/wp\/v2\/tags?post=3397"}],"curies":[{"name":"wp","href":"https:\/\/api.w.org\/{rel}","templated":true}]}}