{"id":3391,"date":"2021-02-26T19:47:20","date_gmt":"2021-02-26T18:47:20","guid":{"rendered":"http:\/\/www.associazione-apertamente.org\/m\/?p=3391"},"modified":"2021-02-26T19:47:21","modified_gmt":"2021-02-26T18:47:21","slug":"a-proposito-di-sanitaritornare-ad-unazienda-autonoma-per-lisontino","status":"publish","type":"post","link":"http:\/\/www.associazione-apertamente.org\/m\/2021\/02\/26\/a-proposito-di-sanitaritornare-ad-unazienda-autonoma-per-lisontino\/","title":{"rendered":"A proposito di sanit\u00e0\u2026ritornare ad un\u2019azienda autonoma per l\u2019isontino?"},"content":{"rendered":"\n<p>di Diego Moretti del 26\/02\/2021<\/p>\n\n\n\n<p>Con un ritardo di quasi quattro mesi, la Giunta regionale ha approvato lo scorso 5 febbraio le \u201cLinee guida per il Servizio Sanitario Regionale\u201d. Senza entrare nel dettaglio dei singoli temi affrontati in tale documento (peraltro molto simile a quello del 2020 e per nulla innovativo su tanti punti) le singole aziende sanitarie avranno tempo fino al 31 marzo per presentare il PAL, il Piano Attuativo Locale.<\/p>\n\n\n\n<p>Quella sar\u00e0 la cartina di tornasole delle reali volont\u00e0 (non solo a parole) da parte dell\u2019azienda sanitaria &#8211; dal 2020 diventata ASUGI &#8211; di sviluppare la sanit\u00e0 isontina e con essa gli ospedali di Gorizia e Monfalcone, nonch\u00e9 i Distretti sanitari dell\u2019alto e basso isontino.<\/p>\n\n\n\n<p>Non c\u2019\u00e8 dubbio che la pandemia da Covid-19, e tutto ci\u00f2 che ne sta conseguendo, segner\u00e0 in maniera significativa lo stesso futuro del sistema sanitario nazionale e regionale e l\u2019atteggiamento della politica nei confronti delle politiche sanitarie. Ecco perch\u00e9 trovo davvero scorretto addossare, a maggior ragione nel periodo che stiamo vivendo, da parte dei vertici della Regione e di qualche sindaco del nostro territorio, sempre tutte le colpe \u201ca chi c\u2019era prima\u201d, facendo cos\u00ec diventare lo scaricabarile lo sport di moda: quando si amministra, a maggior ragione chi lo fa da pi\u00f9 di due anni e mezzo come Fedriga e la sua coalizione, \u00e8 giusto prendersi le proprie responsabilit\u00e0, nel bene e nel male.<\/p>\n\n\n\n<p>I segnali di preoccupazione sulla sempre pi\u00f9 frequente marginalizzazione della sanit\u00e0 isontina all\u2019interno della nuova azienda sanitaria giuliano-isontina ci sono tutti: a fronte della mancanza nelle strutture sanitarie e territoriali di Gorizia e Monfalcone di diversi primari (o Direttori di SOC \u2013 strutture operative complesse) l\u2019ASUGI cosa fa? Bandisce un concorso pubblico per l\u2019assunzione di un dirigente addetto alla \u201cComunicazione\u201d!!! Come non stigmatizzare la vacanza di titolarit\u00e0 dei posti di Responsabile dei due Distretti dell&#8217;alto e basso isontino, proprio nel momento in cui proprio il Covid ha fatto emergere in maniera palese la necessit\u00e0 di rafforzare la sanit\u00e0&nbsp;territoriale. Come non essere preoccupati dei sempre pi\u00f9 frequenti disagi che interessano migliaia di cittadini circa la carenza dei medici di base \u2013 da Grado a Gradisca, da Fossalon a Villesse, da Sagrado a Staranzano, da Romans a Boscat &#8211; disagi ai quali Regione e Azienda Sanitaria sono in preoccupante ritardo? Come non rilevare che rumors sempre pi\u00f9 frequenti assegneranno a professionisti triestini la responsabilit\u00e0 dei cosiddetti \u201cdipartimenti\u201d, cio\u00e8 le strutture di coordinamento organizzativo di area vasta aziendale per gli ospedali di Trieste, Monfalcone e Gorizia? Forse che i professionisti che operano nell\u2019isontino non sono all\u2019altezza? Come PD isontino avevamo paventato gi\u00e0 a fine 2018 (al momento dell\u2019approvazione della legge regionale di riordino delle aziende sanitarie) il rischio che annettere la sanit\u00e0 isontina a Trieste voleva dire spostare l\u00ec il centro delle decisioni e rendere del tutto marginale l\u2019alto e basso isontino. Il nostro non vuole essere allarmismo fine a s\u00e9 stesso, n\u00e9 tanto meno il piangersi addosso che anche in un recente passato andava di moda, ma seria preoccupazione per quanto sta avvenendo nella sanit\u00e0 regionale.<\/p>\n\n\n\n<p>Una volta terminata la pandemia, a fronte della riorganizzazione della sanit\u00e0 del Friuli Venezia Giulia che da pi\u00f9 parti tutti reclamano, e di fronte a tale situazione, ritornare ad un governo diretto della sanit\u00e0 isontina meriterebbe una qualche riflessione.<\/p>\n","protected":false},"excerpt":{"rendered":"<p>di Diego Moretti del 26\/02\/2021 Con un ritardo di quasi quattro mesi, la Giunta regionale ha approvato lo scorso 5 febbraio le \u201cLinee guida per il Servizio Sanitario Regionale\u201d. Senza entrare nel dettaglio dei singoli temi affrontati in tale documento (peraltro molto simile a quello del 2020 e per nulla innovativo su tanti punti) le singole aziende sanitarie avranno tempo fino al 31 marzo per presentare il PAL, il Piano Attuativo Locale. Quella sar\u00e0 la cartina di tornasole delle reali<span class=\"excerpt-hellip\"> [\u2026]<\/span><\/p>\n","protected":false},"author":1,"featured_media":3392,"comment_status":"open","ping_status":"open","sticky":false,"template":"","format":"standard","meta":[],"categories":[10],"tags":[],"_links":{"self":[{"href":"http:\/\/www.associazione-apertamente.org\/m\/wp-json\/wp\/v2\/posts\/3391"}],"collection":[{"href":"http:\/\/www.associazione-apertamente.org\/m\/wp-json\/wp\/v2\/posts"}],"about":[{"href":"http:\/\/www.associazione-apertamente.org\/m\/wp-json\/wp\/v2\/types\/post"}],"author":[{"embeddable":true,"href":"http:\/\/www.associazione-apertamente.org\/m\/wp-json\/wp\/v2\/users\/1"}],"replies":[{"embeddable":true,"href":"http:\/\/www.associazione-apertamente.org\/m\/wp-json\/wp\/v2\/comments?post=3391"}],"version-history":[{"count":1,"href":"http:\/\/www.associazione-apertamente.org\/m\/wp-json\/wp\/v2\/posts\/3391\/revisions"}],"predecessor-version":[{"id":3393,"href":"http:\/\/www.associazione-apertamente.org\/m\/wp-json\/wp\/v2\/posts\/3391\/revisions\/3393"}],"wp:featuredmedia":[{"embeddable":true,"href":"http:\/\/www.associazione-apertamente.org\/m\/wp-json\/wp\/v2\/media\/3392"}],"wp:attachment":[{"href":"http:\/\/www.associazione-apertamente.org\/m\/wp-json\/wp\/v2\/media?parent=3391"}],"wp:term":[{"taxonomy":"category","embeddable":true,"href":"http:\/\/www.associazione-apertamente.org\/m\/wp-json\/wp\/v2\/categories?post=3391"},{"taxonomy":"post_tag","embeddable":true,"href":"http:\/\/www.associazione-apertamente.org\/m\/wp-json\/wp\/v2\/tags?post=3391"}],"curies":[{"name":"wp","href":"https:\/\/api.w.org\/{rel}","templated":true}]}}