{"id":3388,"date":"2021-02-26T19:45:56","date_gmt":"2021-02-26T18:45:56","guid":{"rendered":"http:\/\/www.associazione-apertamente.org\/m\/?p=3388"},"modified":"2021-02-26T19:45:56","modified_gmt":"2021-02-26T18:45:56","slug":"il-marchese-del-grillo-alla-50-km-di-marcia","status":"publish","type":"post","link":"http:\/\/www.associazione-apertamente.org\/m\/2021\/02\/26\/il-marchese-del-grillo-alla-50-km-di-marcia\/","title":{"rendered":"Il marchese del Grillo alla 50 km di marcia"},"content":{"rendered":"\n<p>di Davide Strukelj del 26\/02\/2021<\/p>\n\n\n\n<p><br>Tutti abbiamo visto il celebre film diretto da Mario Monicelli e interpretato dall&#8217;immortale Alberto Sordi.<br>Uno dei temi trattati \u00e8 quello del potente che vince sul debole, a prescindere da quale parte stia la ragione e quali metodi vengano utilizzati per sopraffare il malcapitato.<br>Ma perch\u00e9 \u00e8 importante che nel mondo reale l&#8217;Aronne Piperno di turno possa vincere contro il marchese papalino? Perch\u00e9 abbiamo bisogno che il sempiterno &#8220;io so&#8217; io e voi nun siete un cazzo&#8221; venga ogni tanto ribaltato a favore del pi\u00f9 debole?<br><br>Qualche volta i perseguitati e i &#8220;sacrificabili&#8221; alle cause dei grandi devono poter vincere le loro sfide, per la giustizia che deve prevalere, ma soprattutto per altri due motivi.<br>Il primo \u00e8 che la loro vittoria deve dare coraggio ai deboli sopraffatti dai potenti per poter andare avanti e per poter trovare le forze necessarie a resistere ai soprusi e farsi carico di battaglie spesso lunghe e tutte &#8220;da correre in salita&#8221;.<br>Il secondo, e forse pi\u00f9 importante, \u00e8 che i &#8220;grandi&#8221; devono sapere che la loro posizione non costituisce uno status immutabile, ma solo una condizione temporanea e limitata, da interpretare come ruolo a servizio degli altri e non come un lasciapassare utile a eludere ogni regola e ogni moralit\u00e0.<br><br>Il marchese del Grillo non vincer\u00e0 mai una 50 chilometri di marcia. Forse avr\u00e0 i favori dei giudici di gara e le scarpette pi\u00f9 belle di tutti, ma sar\u00e0 Aronne Piperno a salire sul gradino pi\u00f9 alto del podio. Questo almeno qualche volta&#8230; perch\u00e9 anche i buoni posso vincere, e non solo nei libri a lieto fine.<br><br>Anni fa organizzammo una serata durante la quale ebbi modo di conoscere e dialogare con Alessandro (Sandro) Donati.<br>La mattina dopo lo accompagnai alla stazione e parlammo lungamente. Alla fine mi disse: &#8220;Alex Schwazer \u00e8 la vittima e prima o poi la verit\u00e0 verr\u00e0 a galla, vedrai!&#8221;<br><br>La mia pi\u00f9 sentita vicinanza a chi \u00e8 stato capace di combattere per la verit\u00e0 e a chi ha saputo stargli vicino in tutti questi anni.<\/p>\n","protected":false},"excerpt":{"rendered":"<p>di Davide Strukelj del 26\/02\/2021 Tutti abbiamo visto il celebre film diretto da Mario Monicelli e interpretato dall&#8217;immortale Alberto Sordi.Uno dei temi trattati \u00e8 quello del potente che vince sul debole, a prescindere da quale parte stia la ragione e quali metodi vengano utilizzati per sopraffare il malcapitato.Ma perch\u00e9 \u00e8 importante che nel mondo reale l&#8217;Aronne Piperno di turno possa vincere contro il marchese papalino? Perch\u00e9 abbiamo bisogno che il sempiterno &#8220;io so&#8217; io e voi nun siete un cazzo&#8221;<span class=\"excerpt-hellip\"> [\u2026]<\/span><\/p>\n","protected":false},"author":1,"featured_media":3389,"comment_status":"open","ping_status":"open","sticky":false,"template":"","format":"standard","meta":[],"categories":[10],"tags":[],"_links":{"self":[{"href":"http:\/\/www.associazione-apertamente.org\/m\/wp-json\/wp\/v2\/posts\/3388"}],"collection":[{"href":"http:\/\/www.associazione-apertamente.org\/m\/wp-json\/wp\/v2\/posts"}],"about":[{"href":"http:\/\/www.associazione-apertamente.org\/m\/wp-json\/wp\/v2\/types\/post"}],"author":[{"embeddable":true,"href":"http:\/\/www.associazione-apertamente.org\/m\/wp-json\/wp\/v2\/users\/1"}],"replies":[{"embeddable":true,"href":"http:\/\/www.associazione-apertamente.org\/m\/wp-json\/wp\/v2\/comments?post=3388"}],"version-history":[{"count":1,"href":"http:\/\/www.associazione-apertamente.org\/m\/wp-json\/wp\/v2\/posts\/3388\/revisions"}],"predecessor-version":[{"id":3390,"href":"http:\/\/www.associazione-apertamente.org\/m\/wp-json\/wp\/v2\/posts\/3388\/revisions\/3390"}],"wp:featuredmedia":[{"embeddable":true,"href":"http:\/\/www.associazione-apertamente.org\/m\/wp-json\/wp\/v2\/media\/3389"}],"wp:attachment":[{"href":"http:\/\/www.associazione-apertamente.org\/m\/wp-json\/wp\/v2\/media?parent=3388"}],"wp:term":[{"taxonomy":"category","embeddable":true,"href":"http:\/\/www.associazione-apertamente.org\/m\/wp-json\/wp\/v2\/categories?post=3388"},{"taxonomy":"post_tag","embeddable":true,"href":"http:\/\/www.associazione-apertamente.org\/m\/wp-json\/wp\/v2\/tags?post=3388"}],"curies":[{"name":"wp","href":"https:\/\/api.w.org\/{rel}","templated":true}]}}