{"id":3352,"date":"2021-02-12T15:16:45","date_gmt":"2021-02-12T14:16:45","guid":{"rendered":"http:\/\/www.associazione-apertamente.org\/m\/?p=3352"},"modified":"2021-02-16T19:37:38","modified_gmt":"2021-02-16T18:37:38","slug":"i-miei-anni-nel-pci-ricordi-e-riflessioni","status":"publish","type":"post","link":"http:\/\/www.associazione-apertamente.org\/m\/2021\/02\/12\/i-miei-anni-nel-pci-ricordi-e-riflessioni\/","title":{"rendered":"I miei anni nel PCI Ricordi e riflessioni"},"content":{"rendered":"\n<p>Intervista a Paolo Polli a cura di Stefano Pizzin del 12\/02\/2021<\/p>\n\n\n\n<p>Paolo Polli, iscritto alla FGCI dall&#8217;ottobre del 1972, dopo un\u2019esperienza formativa nella sinistra socialista lombardiana, ne \u00e8 stato segretario provinciale dalla fine del &#8217;73, fino all&#8217;ingresso in consiglio comunale e poi in giunta nel 1975 come Assessore alle attivit\u00e0 culturali, ricreative e del tempo libero. Rieletto in consiglio comunale nel 1978, \u00e8 stato anche consigliere provinciale.<\/p>\n\n\n\n<p>Tra i fondatori della Libreria Rinascita, non ha poi pi\u00f9 avuto incarichi di Partito n\u00e9 elettivi, impegnandosi esclusivamente nell&#8217;attivit\u00e0 lavorativa professionale; nel 1997, \u00e8 stato chiamato in Azienda Provinciale Trasporti di cui \u00e8 stato prima Consigliere delegato e poi Presidente e Amministratore Delegato.<\/p>\n\n\n\n<p>Ha sempre lavorato in aziende di trasporto e logistica, dedicandosi, inoltre, all\u2019attivit\u00e0 di divulgatore e promotore culturale. Negli ultimi hanno \u00e8 stato tra i fondatori di iniziative come Il libro delle 18.03 e dell\u2019associazione culturale Apertamente.<\/p>\n\n\n\n<p><em>Polli, ti sei iscritto alla FGCI nel 1972, venendo da una cultura legata alla sinistra socialista. Erano anni di grandi passioni politiche e ideali, perch\u00e9 hai scelto il Partito comunista?<\/em><em><\/em><\/p>\n\n\n\n<p>Mi sembr\u00f2 una scelta naturale per quanto il Pci allora rappresentava: la volont\u00e0 di una societ\u00e0 pi\u00f9 equa, la difesa dei diritti dei lavoratori e delle classi pi\u00f9 deboli, la difesa delle conquiste democratiche nate dalla Resistenza, di cui era ancora molto vivo il ricordo, l\u2019attenzione verso le lotte per la democrazia a livello internazionale, come Il Vietnam e la segregazione razziale. Inoltre il partito era un luogo strutturato e organizzato dove riunirsi, discutere, condividere, crescere, anche studiando nelle strutture che allora esistevano a livello nazionale per formare i quadri dirigenti. Si trattava di una comunit\u00e0 dove il senso di appartenenza era molto forte: mi sono integrato facilmente e mi sono sentito utile e protagonista fin da subito, anche solamente stampando volantini perch\u00e9 quello che c\u2019era scritto sopra era il frutto di analisi, dibattito e condivisione. Ho trovato questo e non sono mai stato deluso dalla scelta che mi ha fatto maturare sotto tutti i punti di vista. Un posto dove ho conosciuto le persone pi\u00f9 importanti del partito di allora e dialogato con i compagni che erano il riferimento locale, a partire da Spartaco Zorzenon. Ma la lista sarebbe lunghissima, anche di quei compagni che solo con il loro esempio ti erano maestri di vita e di impegno politico. Ancora oggi quando qualcuno mi definisce, scherzando o con cattiveria, C<em>omunista<\/em>, rispondo con orgoglio di aver militato nel partito comunista italiano, profondamente cambiato dopo le esperienze del \u201856 in Ungheria e del \u201868 a Praga, seppure ancora con dei residui di dogmatismo come quelli che avevano portato alla radiazione del gruppo del Manifesto nel \u201869.<\/p>\n\n\n\n<p><em>Monfalcone all&#8217;epoca era certo un luogo complesso: grandi insediamenti industriali, un forte movimento operaio e, al tempo stesso, area di confine dove restava ancora viva la memoria di due guerre mondiali e dei drammi delle terre di confine. Com&#8217;era la citt\u00e0 all&#8217;epoca?<\/em><em><\/em><\/p>\n\n\n\n<p>Hai fotografato bene il clima politico di quel periodo: forti erano ancora le divisioni del passato, soprattutto della seconda guerra mondiale e del secondo dopoguerra. Il fascismo aveva intaccato fortemente il territorio creando i presupposti per divisioni anche feroci che hanno spaccato il vivere civile locale negli anni quaranta e cinquanta. Si stava per\u00f2 ricostruendo, con il contributo di tutte le forze politiche e delle nuove generazioni che volevano lasciarsi alle spalle il passato e dar vita ad un futuro diverso e pi\u00f9 aperto. La citt\u00e0 era molto vivace dal punto di vista dell\u2019iniziativa politica e culturale e si cominciava finalmente a ragionare anche di una crescita urbanistica pi\u00f9 attenta all\u2019ambiente dopo le storture che ancora oggi caratterizzano in negativo Monfalcone.<\/p>\n\n\n\n<p><em>Restiamo a Monfalcone. Oggi gran parte della discussione pare ruotare intorno alla presenza migratoria quasi fosse una novit\u00e0, eppure anche in quegli anni molte famiglie si trasferirono dal sud per lavorare in Fincantieri o nelle altre fabbriche: quali similitudini e differenze vedi tra quel tempo e oggi?<\/em><\/p>\n\n\n\n<p>Monfalcone \u00e8 stato sempre un luogo simbolo dell\u2019accoglienza e dell\u2019integrazione gi\u00e0 dagli inizi del novecento. La ricerca di lavoro e la presenza del Cantiere e di altre fabbriche hanno portato qui la popolazione dal sud, come dicevi, ma anche dalle campagne circostanti e, dopo il \u201845, una massiccia presenza di esuli provenienti dalle aree perse dall\u2019Italia, causa la disfatta fascista: Istria e Dalmazia. Non \u00e8 stata mai facile l\u2019integrazione: ricordo ancora gli slogan, anche nel parlare comune, di chi imputava \u201c<em>ai esuli e ai cabibi<\/em>\u201c di rubarci il lavoro e le case popolari. Sentimento diffuso pi\u00f9 di quanto oggi si pensi e, fortunatamente, ormai quasi passato, quantomeno per gli arrivi di allora.<\/p>\n\n\n\n<p>Per\u00f2 tutti quei nuovi monfalconesi, pur con usi e costumi e tradizioni diversi, parlavano italiano, pi\u00f9 o meno, avevano la nostra stessa religione, erano vestiti come noi; non venivano percepiti come radicalmente \u201cdiversi\u201d. La forte migrazione asiatica degli ultimi anni invece \u00e8 stata ed \u00e8 qualcosa di fortemente differente e, piaccia o no, molto pi\u00f9 complessa per numero, cultura, religione.<\/p>\n\n\n\n<p>La citt\u00e0 ha subito, sbalordita, le esigenze della grande fabbrica senza sapere n\u00e9 potere governare un flusso cos\u00ec importante: il cantiere ha pensato solo al profitto, alla concorrenza, al mercato, senza preoccuparsi della forte alterazione del tessuto sociale cittadino di quella che \u00e8, comunque, una piccola citt\u00e0. Il processo \u00e8 stato talmente rapido da non dare il tempo a nessuno di attivare processi di integrazione che necessitano di lunghi periodi. Pensiamo alla scuola, in particolare quella dell\u2019infanzia e quella primaria, e agli effetti determinati dalla massiccia immigrazione. La risposta a queste complessit\u00e0 non pu\u00f2 essere lo sdoganamento di sentimenti xenofobi cavalcando le preoccupazioni e le paure delle persone. In altri tempi, ben pi\u00f9 duri e difficili di questi in cui viviamo, uomini e donne coraggiosi si sono impegnati, hanno lavorato e hanno costruito una citt\u00e0 aperta, positiva e accogliente. La risposta deve essere quella. Non abbiamo altre alternative che non sia un\u2019integrazione chiara nel definire diritti e doveri di tutti, nella consapevolezza che il destino di una comunit\u00e0 \u00e8 un percorso collettivo.<\/p>\n\n\n\n<p>Bisogna prendere atto che, volenti o nolenti, viviamo in una societ\u00e0 pi\u00f9 ampia del nostro territorio in cui i riferimenti culturali, religiosi, modelli organizzativi sono plurali e che questa pluralit\u00e0 non sta in \u201cun altrove indistinto e indefinito\u201d di cui possiamo fare a meno o far finta che non esista; questa pluralit\u00e0 \u00e8 invece presente sul territorio e, a volte, \u00e8 difficile da gestire anche per chi pensa di essere aperto e culturalmente attento. C\u2019\u00e8 un ulteriore elemento da considerare e che rende pi\u00f9 critico l\u2019approccio: la fase di forte criticit\u00e0 economica che rischia di fare venir meno quello che fino a ieri \u00e8 stato il principale veicolo di inserimento e integrazione, ovvero il lavoro.<\/p>\n\n\n\n<p><em>Nei primi anni &#8217;70, con la segreteria Berlinguer, il PCI fece un grande percorso di &#8220;insediamento&#8221; nella societ\u00e0 che lo porter\u00e0 ai grandi successi elettorali del 75 &#8217;76 e &#8217;77. Esaltante avanzata del Partito Comunista\u201d, come titol\u00f2 l\u2019Unit\u00e0, nelle grandi citt\u00e0 come nei piccoli comuni. Come ricordi, in questo territorio, il realizzarsi di quella strategia?&nbsp;&nbsp; <\/em><em><\/em><\/p>\n\n\n\n<p>C\u2019erano state delle avvisaglie: nell\u2019autunno del 1973 il segretario del Partito Comunista Italiano dall\u2019anno precedente, Enrico Berlinguer, scrisse quattro articoli sul settimanale Rinascita commentando il colpo di stato di Pinochet in Cile che, l&#8217;11 settembre dello stesso anno, aveva abbattuto con la forza il governo socialista democraticamente eletto guidato da Salvador Allende anche grazie al supporto politico e militare degli Stati Uniti. In quegli articoli Berlinguer argomentava la necessit\u00e0 di un cambiamento della linea del partito per favorire una distensione politica in un paese dilaniato dalla strategia della tensione gi\u00e0 dal 1969 e da un continuo susseguirsi di violenze politiche, attentati di ogni tipo, stragi, omicidi. Allo stesso tempo l\u2019economia aveva rallentato, se non bloccato, quello che era sembrato un boom economico che non doveva avere fine e si stava inoltre vivendo la prima grave crisi energetica. Questa proposta rivolta soprattutto alla Dc, ma anche al Psi, aveva avuto il merito di mettere il partito pienamente al centro della vita politica italiana e del dibattito politico nazionale. Ovviamente non furono tutte rose e fiori: la proposta ebbe i suoi contraccolpi nella sinistra interna del partito e port\u00f2 all\u2019adesione ai gruppi extraparlamentari di molti giovani. Ci\u00f2 fece s\u00ec per\u00f2 che il partito facesse sentire appieno il suo peso politico ed elettorale nella vita del Paese. Fu trainante per prendere ulteriormente le distanze dal partito sovietico e rimarcare la peculiarit\u00e0 dei partiti comunisti dell\u2019Europa occidentale, il cosiddetto eurocomunismo, fatto proprio anche dai partiti spagnolo e francese, fino a quel momento molto pi\u00f9 chiusi rispetto a quello italiano.<\/p>\n\n\n\n<p>L\u2019altra avvisaglia di quello che sarebbe successo negli anni successivi fu la campagna per il referendum per la conferma della legge sul divorzio del 1974, con una mobilitazione fortissima del Pci che fece avvicinare al partito un ampio fronte di elettori progressisti che vi avevano trovato un veicolo importante per le lotte civili e per l\u2019ammodernamento del Paese. Fu una campagna entusiasmante che vide sullo stesso fronte forze laiche ma anche quei cattolici progressisti a cui Berlinguer si era rivolto nel suo ragionamento sul Compromesso storico dell\u2019anno precedente. Fu una vittoria netta con una partecipazione di quasi il 90% dell\u2019elettorato. A livello locale, a Monfalcone, unico comune della sinistra Isonzo non governato dalla sinistra, o meglio dal PCI, queste trasformazioni si tradussero nel 1975 nella prima esperienza di governo della sinistra con una giunta PCI, PSI e Psdi, pur se quest\u2019ultima forza, che aveva eletto due consiglieri, rimase senza rappresentanza perch\u00e9 i due eletti si resero subito indipendenti, non rispondendo quindi al mandato ricevuto dagli elettori. Corsi e ricorsi storici e politici.<\/p>\n\n\n\n<p><em>Il PCI, come anche gli altri partiti di massa, creavano una comunit\u00e0 che, oltre a produrre politica e classe dirigente, si occupava anche della vita quotidiana dei militanti: hai qualche ricordo in merito?&nbsp; <\/em><em><\/em><\/p>\n\n\n\n<p>Sulla comunit\u00e0, e concordo pienamente, lo ricordavo all\u2019inizio. Per quanto riguarda, invece, la vita quotidiana erano passati i tempi di una comunit\u00e0 chiusa che aveva caratterizzato i primi decenni del Pci. Quello che ricordo era una grande solidariet\u00e0 fra i militanti che si traduceva anche nel vivere comune di ogni giorno.<\/p>\n\n\n\n<p><em>Tornando a temi pi\u00f9 di cultura politica: in questi giorni escono due libri sulla storia del PCI: &#8220;La metamorfosi&#8221; di Luciano Canfora e &#8220;Vento di rivoluzione&#8221; di Marcello Flores. I due autori divergono su un punto: per Canfora il PCI fu, nei fatti, un grande partito socialdemocratico di governo, per Flores, invece, non venne mai meno la sua identit\u00e0 bolscevica. Per come l&#8217;hai vissuta, come la vedi? <\/em><em><\/em><\/p>\n\n\n\n<p>Non ho letto i due libri, rimedier\u00f2 al pi\u00f9 presto. Posta cos\u00ec la domanda, e ovviamente posso parlare per gli anni vissuti da me nel partito, sono assolutamente d\u2019accordo sul partito socialdemocratico di governo. Non ricordo un\u2019identit\u00e0 bolscevica negli anni settanta e ottanta, anche se, soprattutto per la vecchia guardia, il mito dell\u2019URSS e del suo grande contributo alla lotta contro il nazifascismo era vivissimo. Il PCI di allora, partito di lotta e di governo, era teso ad amministrare sempre pi\u00f9 il territorio e farlo con qualit\u00e0 per dimostrare di meritare anche il governo del Paese assieme alle altre forze popolari.<\/p>\n\n\n\n<p><em>Uno dei tratti fondamentali della cultura e della pratica del PCI, dalla Resistenza alla lotta al terrorismo, \u00e8 stato il senso profondo dello stato e del suo ruolo &#8220;repubblicano&#8221;, cosa ricordi di quei momenti difficili tra terrorismo e minacce di golpe? <\/em><em><\/em><\/p>\n\n\n\n<p>Ricordo tutte le tensioni di quel periodo, dal tentativo di golpe Borghese, reso noto solamente nel\u201971 e che fu tutt\u2019altro che un tentativo da operetta, ai continui attentati a cui non erano estranei corpi separati dello Stato, come dimostrato dalle tante inchieste e sentenze successive. Il Partito comunista italiano, con la sua forza, prestigio e radicamento, fu una garanzia per la tenuta democratica del Paese in tutti quegli anni. Questo percorso stava sulla tradizione del \u201cPartito nuovo\u201d e della svolta di Salerno del \u201944 di Togliatti, del ruolo nella Costituente e dei primi governi del dopoguerra, dove il PCI fu fondamentale per una pacifica ripresa della vita civile nel Paese. Questo signific\u00f2 allora rinunciare anche ad alcuni aspetti rivendicativi della lotta al fascismo, sacrificati alla ragione di Stato ma che pesano ancora oggi. Questo discorso ci porterebbe lontano e fa parte di una anomalia tutta italiana che sul passato ha preferito nascondere la polvere sotto il tappeto.<\/p>\n\n\n\n<p><em>Tu sei stato tra i fondatori della Libreria Rinascita e assessore alle attivit\u00e0 ricreative e culturali nella prima giunta di sinistra della storia di Monfalcone.&nbsp; Il rapporto tra PCI e intellettuali fu ricchissimo. Cosa ricordi di ci\u00f2 in relazione al nostro territorio e alle sue complessit\u00e0 culturali? <\/em><em><\/em><\/p>\n\n\n\n<p>Il rapporto fra cultura e partito era molto stretto a livello nazionale: sarebbe sufficiente ricordare il grande numero di intellettuali eletti nelle liste del partito ad ogni elezione per il Parlamento, la forza editoriale e giornalistica, la presenza di grandi intellettuali ai vari convegni, ai seminari, alle scuole per formare i nuovi quadri dirigenti. Ho frequentato le Frattocchie e Fagetto Lario e lo posso testimoniare. Ricordo ancora alle Frattocchie di essermi trovato a sedere per ore, a un seminario, fra Scola e Guttuso. A livello locale era un po&#8217; diverso, pi\u00f9 difficile tradurre in pratica la preparazione che i quadri, soprattutto quelli pi\u00f9 giovani, avevano. Ma c\u2019era grande rispetto verso di noi e a volte ci si considerava pi\u00f9 forti di quello che in realt\u00e0 eravamo, ma era forte il riflesso della politica culturale nazionale.<\/p>\n\n\n\n<p><em>Il confine \u00e8 una cifra di queste terre e un tema sempre complesso per il PCI. In quegli anni si assisteva al normalizzarsi delle relazioni tra l&#8217;Italia e la Jugoslavia di Tito che porteranno agli accordi di Osimo. Che rapporti c&#8217;erano con i &#8220;compagni&#8221; di oltreconfine?<\/em><em><\/em><\/p>\n\n\n\n<p>Personalmente posso solamente parlare di rapporti occasionali in ricorrenze legate alla Guerra di Liberazione o di qualche sporadica occasione di incontro fra i movimenti giovanili delle due aree. I rapporti erano tenuti dai vertici della Federazione e comunque a Gorizia c\u2019erano maggiori contatti fra le due parti, anche per obiettive ragioni geografiche, rispetto a Monfalcone. Anche la forte presenza della minoranza slovena favoriva un maggior dialogo fra le parti in quell\u2019area.<\/p>\n\n\n\n<p><em>La tua esperienza politica ti ha portato sia al governo che all&#8217;opposizione. Oggi c&#8217;\u00e8 un ricordo della cosiddetta &#8220;Prima Repubblica&#8221; ancora condizionato dai sentimenti delle vicende di quegli anni. Con un occhio un po&#8217; pi\u00f9 freddo, com&#8217;era la politica, i rapporti tra i partiti e nelle istituzioni all&#8217;epoca e come \u00e8 cambiata oggi?<\/em><em><\/em><\/p>\n\n\n\n<p>I partiti erano qualcosa di molto diverso da oggi; tutti i partiti intendo. Strutture con ampia adesione, iscritti, con riunioni frequenti e partecipate dove si costruivano gli indirizzi, soprattutto sui temi locali, poi sintetizzati dagli organismi dirigenti. Erano scuole di formazione politica e amministrativa in cui venivano selezionati i futuri dirigenti e amministratori pubblici. Il rapporto fra partiti e istituzioni era molto rispettoso delle regole, quelle scritte e quelle non scritte. Certo c\u2019erano dissenso, divisioni ideologiche marcate, ma non ricordo l\u2019incattivimento e la personalizzazione odierni: la disputa era sulle cose. Oggi penso che manchi molto la preparazione che derivava da percorsi politici formativi fatti in quei contenitori che erano i partiti. Penso che la comunicazione moderna non abbia aiutato questo processo, l\u2019abbia eccessivamente semplificata a favore della velocit\u00e0 comunicativa figlia di questi tempi.<\/p>\n\n\n\n<p><em>Nell&#8217;89 tu non facevi pi\u00f9 politica in prima linea, come hai vissuto il collasso del sistema sovietico e la fine del Partito comunista italiano?<\/em><em><\/em><\/p>\n\n\n\n<p>Per quanto riguarda il collasso del sistema sovietico fu un fatto inevitabile, atteso; la fine di un percorso storico che all\u2019inizio aveva creato molte speranze ma che poi aveva tradito tante attese e non portato a termine i valori per il quale era nato. Per quanto riguarda il PCI il discorso era diverso, forse, pi\u00f9 di tutto, era ingombrante il nome ma non il percorso democratico fatto.&nbsp; In quegli anni entr\u00f2 in crisi tutto il sistema, con i partiti prede di sistemi clientelari e affaristici. Ma soprattutto and\u00f2 in crisi un mondo, quello della Guerra fredda, e cambi\u00f2 radicalmente il ruolo dell\u2019Italia nel contesto internazionale. Certo, forse non capimmo che quel collasso non travolse solo il sistema sovietico, ormai fallito nonostante il generoso tentativo di Gorbaciov, ma mise in discussione le stesse politiche del movimento socialista e della sinistra del mondo, accelerando una corsa al liberismo di cui oggi vediamo i danni a partire dall\u2019emergere di profonde e inaccettabili differenze sociali.<\/p>\n\n\n\n<p><em>Per chiudere, secondo te, cosa \u00e8 ancora attuale e utile per chi fa politica oggi dell&#8217;esperienza del PCI?<\/em><\/p>\n\n\n\n<p>L\u2019idea che la politica \u00e8 un impegno serio, fatto di studio, conoscenza, capacit\u00e0 di mediazione ma anche radicalit\u00e0 di contenuti. Il fatto che la politica \u00e8 un gioco di squadra, dove le ambizioni personali, che ci sono state e ci saranno sempre, devono comunque sottostare a un progetto di trasformazione della societ\u00e0. Infine, che la politica non \u00e8 solo avere una buona immagine mediatica, ma \u00e8 sostanza di valori ed \u00e8 scegliere sempre da che parte stare.<\/p>\n","protected":false},"excerpt":{"rendered":"<p>Intervista a Paolo Polli a cura di Stefano Pizzin del 12\/02\/2021 Paolo Polli, iscritto alla FGCI dall&#8217;ottobre del 1972, dopo un\u2019esperienza formativa nella sinistra socialista lombardiana, ne \u00e8 stato segretario provinciale dalla fine del &#8217;73, fino all&#8217;ingresso in consiglio comunale e poi in giunta nel 1975 come Assessore alle attivit\u00e0 culturali, ricreative e del tempo libero. Rieletto in consiglio comunale nel 1978, \u00e8 stato anche consigliere provinciale. Tra i fondatori della Libreria Rinascita, non ha poi pi\u00f9 avuto incarichi di<span class=\"excerpt-hellip\"> [\u2026]<\/span><\/p>\n","protected":false},"author":1,"featured_media":3375,"comment_status":"open","ping_status":"open","sticky":false,"template":"","format":"standard","meta":[],"categories":[10],"tags":[],"_links":{"self":[{"href":"http:\/\/www.associazione-apertamente.org\/m\/wp-json\/wp\/v2\/posts\/3352"}],"collection":[{"href":"http:\/\/www.associazione-apertamente.org\/m\/wp-json\/wp\/v2\/posts"}],"about":[{"href":"http:\/\/www.associazione-apertamente.org\/m\/wp-json\/wp\/v2\/types\/post"}],"author":[{"embeddable":true,"href":"http:\/\/www.associazione-apertamente.org\/m\/wp-json\/wp\/v2\/users\/1"}],"replies":[{"embeddable":true,"href":"http:\/\/www.associazione-apertamente.org\/m\/wp-json\/wp\/v2\/comments?post=3352"}],"version-history":[{"count":3,"href":"http:\/\/www.associazione-apertamente.org\/m\/wp-json\/wp\/v2\/posts\/3352\/revisions"}],"predecessor-version":[{"id":3376,"href":"http:\/\/www.associazione-apertamente.org\/m\/wp-json\/wp\/v2\/posts\/3352\/revisions\/3376"}],"wp:featuredmedia":[{"embeddable":true,"href":"http:\/\/www.associazione-apertamente.org\/m\/wp-json\/wp\/v2\/media\/3375"}],"wp:attachment":[{"href":"http:\/\/www.associazione-apertamente.org\/m\/wp-json\/wp\/v2\/media?parent=3352"}],"wp:term":[{"taxonomy":"category","embeddable":true,"href":"http:\/\/www.associazione-apertamente.org\/m\/wp-json\/wp\/v2\/categories?post=3352"},{"taxonomy":"post_tag","embeddable":true,"href":"http:\/\/www.associazione-apertamente.org\/m\/wp-json\/wp\/v2\/tags?post=3352"}],"curies":[{"name":"wp","href":"https:\/\/api.w.org\/{rel}","templated":true}]}}