{"id":3327,"date":"2021-01-31T09:42:02","date_gmt":"2021-01-31T08:42:02","guid":{"rendered":"http:\/\/www.associazione-apertamente.org\/m\/?p=3327"},"modified":"2021-01-31T09:42:03","modified_gmt":"2021-01-31T08:42:03","slug":"storia-del-focardo","status":"publish","type":"post","link":"http:\/\/www.associazione-apertamente.org\/m\/2021\/01\/31\/storia-del-focardo\/","title":{"rendered":"Storia del Focardo"},"content":{"rendered":"\n<p><strong>di Andrea Bellavite<\/strong> del 31\/01\/2021<\/p>\n\n\n\n<p>Il paesaggio \u00e8 meraviglioso, le colline che sovrastano la valle dell\u2019Arno, una manciata di chilometri dalla periferia di Firenze. Nel Comune di Rignano c\u2019\u00e8 una frazione denominata Badiuzza, con pochi edifici sparsi, tra i quali una grande villa chiamata \u201cIl Focardo\u201d.<\/p>\n\n\n\n<p>Tra il 1937 e il 1944 essa fu la residenza estiva di una famiglia ordinariamente abitante a Firenze, con un cognome universalmente noto: Einstein. A Sesto Fiorentino gi\u00e0 dalla fine degli anni \u201920 abitava Maria (pi\u00f9 conosciuta come Maja), la sorella del celebre scienziato; nel capoluogo Robert Einstein, cugino di Albert, al quale era legato non soltanto da vincoli di stretta parentela ma anche da una profonda reciproca comprensione e amicizia.<\/p>\n\n\n\n<p>Robert Einstein aveva sposato Nina Mazzetti, dalla quale aveva avuto due figlie, Luce (1917) e Annamaria (1927). Dopo la morte per parto della moglie, il fratello di Nina, Corrado Mazzetti, affid\u00f2 le figlie gemelle, Paola e Lorenza (1927), alla famiglia Einstein ed esse trascorsero con le cuginette un\u2019infanzia felice. Durante la guerra anche l\u2019altra sorella di Nina, Ada, invi\u00f2 al Focardo la propria figlia, anch\u2019essa Anna Maria (1926), convinta di poterle offrire in questo modo un alloggio sicuro in un tempo drammatico.<\/p>\n\n\n\n<p>La vita al Focardo era molto interessante, gli Einstein intrattenevano relazioni con le personalit\u00e0 artistiche e culturali pi\u00f9 note della prima met\u00e0 del XX secolo: dal pittore Giacomo Balla alla figlia di Thomas Mann, da Gino Severini al pastore valdese Tullio Vinay, una delle figure pi\u00f9 note dell\u2019antifascismo e successivamente valente Senatore della Repubblica.<\/p>\n\n\n\n<p>Nel 1944, nel corso della risalita dei tedeschi, incalzati dagli americani, le ville dei colli fiorentini erano state requisite e utilizzate dai comandi della Wermacht e anche Il Focardo aveva subito lo stesso destino. Tuttavia, nonostante l\u2019origine ebraica di Robert, la convivenza si svolse senza troppe preoccupazioni, anche perch\u00e9 i soldati, ben consapevoli che la guerra era ormai persa, non vedevano l\u2019ora di andarsene verso il Nord e di tornare a casa. Il clima di quel periodo \u00e8 descritto con delicatezza e con straordinaria compartecipazione da Lorenza Mazzetti nel bellissimo romanzo \u201cIl cielo cade\u201d, pubblicato per la prima volta nel 1961 e reso noto al grande pubblico attraverso un film del 2000, con protagonista l\u2019attrice Isabella Rossellini. L\u2019autrice ritorna bambina e con il dolce sguardo infantile trasfigura i ricordi mescolando in una sintesi malinconica e affascinante i toni della serena bellezza con quelli della tragicit\u00e0 degli eventi.<\/p>\n\n\n\n<p>Il 3 agosto 1944 l\u2019ultimo gruppo di militari tedeschi lascia la villa; Robert Einstein, avvisato del prossimo arrivo delle SS alla ricerca degli ultimi ebrei da eliminare, fugge con i partigiani tra i boschi, convinto di essere solo lui il ricercato dei criminali nazisti.<\/p>\n\n\n\n<p>La mattina del 4 agosto la pattuglia giunge al Focardo, riunisce nella corte tutti i presenti, fa allontanare i contadini della zona e divide i familiari. Paola, Lorenza e Anna Maria, con il cognome italiano, vengono rinchiuse in una stanza. Nina, Luce e Annamaria vengono invece interrogate a lungo. Si sentono grida, urla di paura, poi il rumore secco degli spari. Le recluse vengono liberate dalla loro prigione e si trovano davanti alla terribile scena, la zia e le cugine \u2013 17 e 27 anni! \u2013 immerse in un bagno di sangue. I nazisti trovano il tempo di incendiare la villa, prima di fuggire precipitosamente; la sera stessa gli americani sarebbero arrivati a Rignano e il giorno dopo al Focardo. Non sono mai stati identificati gli autori di questa inutile e crudele strage, cos\u00ec come non sono stati compresi i motivi di tanta cattiveria. Si parla di un biglietto in tedesco che riferisce l\u2019esecuzione \u201cdei giudei\u201d, ci sono documenti della Resistenza toscana che dimostrano la volont\u00e0 di rapire Robert per far pressione su Albert in America, per qualcuno si tratterebbe solo di volont\u00e0 criminale, colpo di coda di chi si sentiva ormai braccato e sconfitto.<\/p>\n\n\n\n<p>Le cugine, con negli occhi il terrore e un immenso dolore, vengono accolte nelle case dei contadini e trattate con tanta dolcezza. Dopo qualche tempo, avvisato dagli americani, giunge alla Badiuzza Robert e rimane sconvolto da ci\u00f2 che trova, la moglie e le figlie trucidate, le nipoti terrorizzate e prive di ogni prospettiva di futuro. Narrano del suo andirivieni a Firenze, del suo affaccendarsi per sistemare le strutture distrutte, della sua apparente serenit\u00e0. Fatto sta che nemmeno un anno dopo, il 13 luglio 1945, Robert Einstein, dopo aver garantito la sopravvivenza economica alle gemelle e aver scritto lettere cariche di intensa umanit\u00e0 a tutte le persone a lui care, decide di raggiungere la sua famiglia attraverso il suicidio. Riposa in pace nel suggestivo cimitero, a poche centinaia di metri dal Focardo.<\/p>\n\n\n\n<p>La storia continua nella vita delle testimoni che, attraverso gli strumenti dell\u2019arte e delle relazioni, hanno cercato, senza riuscirci, di trovare un senso a quegli avvenimenti. E hanno provato, riuscendoci molto bene, a trasfigurare gli eventi, rivelando come la Vita sia un intreccio misterioso di bellezza e di orrore, di autentica solidariet\u00e0 e spaventosa cattiveria, di eterno conflitto fra il bene e il male.<\/p>\n\n\n\n<p>Lorenza Mazzetti avr\u00e0 una vita avventurosa, prima Londra del dopoguerra dove cimentandosi quasi autodidatta con il cinema entra nel \u201cgiro\u201d del free cinema e vince addirittura un premio per la miglior regia \u201cgiovane\u201d a Cannes. Poi, dopo il ritorno in Italia, la frequentazione di registi come Bernardo Bertolucci e scrittori come Cesare Zavattini, la porter\u00e0 alla letteratura, con Il cielo cade e molti altri successivi scritti, di solito romanzi autobiografici. Nel 2016 ha ricevuto a Gorizia l\u2019importante riconoscimento alla carriera, nell\u2019ambito del Premio della sceneggiatura \u201cAmidei\u201d. &nbsp;&nbsp;&nbsp;Ci ha lasciato due anni fa, \u201cleggermente\u201d e \u201cprofondamente\u201d, proprio cos\u00ec come \u00e8 vissuta. &nbsp;&nbsp;&nbsp;&nbsp;&nbsp;&nbsp;Paola Mazzetti si \u00e8 dedicata invece soprattutto alla pittura, dipingendo con maestria e leggerezza il proprio animo delicato, sconvolto ma non schiacciato dalla tragedia del \u201944. Il loro messaggio \u00e8 essenzialmente quello di chi, mostrando senza reticenza il cuore sanguinante di dolore, afferma che comunque l\u2019esistenza \u00e8 un dono stupendo e vale la pena di viverla, in tutti i suoi istanti. Ed \u00e8 anche un monito alle giovani generazioni, una parola viva di testimoni oculari che possono raccontare in diretta come il nazismo e il fascismo siano i semi dai quali sono nati e potrebbero anche tornare a nascere, orribili alberi carichi di frutti venefici.<\/p>\n\n\n\n<p>Ah s\u00ec, e la terza testimone, dove \u00e8 sparita? La terza testimone, Anna Maria Boldrini, \u00e8 mia madre, figlia della sorella di Nina, Ada Mazzetti, battezzata cattolica in San Pietro nel 1926, essendo madrina la protestante metodista zia Seba e lo stesso ebreo agnostico zio Robert Einstein. Ha mantenuto per molti anni un doloroso riserbo sugli eventi del Focardo, trovando in essi la fonte di un\u2019indomita passione per la cultura e per l\u2019insegnamento, senza per questo dimenticare la malinconica bellezza dello scorrere ordinario delle opere e dei giorni.<\/p>\n","protected":false},"excerpt":{"rendered":"<p>di Andrea Bellavite del 31\/01\/2021 Il paesaggio \u00e8 meraviglioso, le colline che sovrastano la valle dell\u2019Arno, una manciata di chilometri dalla periferia di Firenze. Nel Comune di Rignano c\u2019\u00e8 una frazione denominata Badiuzza, con pochi edifici sparsi, tra i quali una grande villa chiamata \u201cIl Focardo\u201d. Tra il 1937 e il 1944 essa fu la residenza estiva di una famiglia ordinariamente abitante a Firenze, con un cognome universalmente noto: Einstein. A Sesto Fiorentino gi\u00e0 dalla fine degli anni \u201920 abitava<span class=\"excerpt-hellip\"> [\u2026]<\/span><\/p>\n","protected":false},"author":1,"featured_media":3328,"comment_status":"open","ping_status":"open","sticky":false,"template":"","format":"standard","meta":[],"categories":[10],"tags":[],"_links":{"self":[{"href":"http:\/\/www.associazione-apertamente.org\/m\/wp-json\/wp\/v2\/posts\/3327"}],"collection":[{"href":"http:\/\/www.associazione-apertamente.org\/m\/wp-json\/wp\/v2\/posts"}],"about":[{"href":"http:\/\/www.associazione-apertamente.org\/m\/wp-json\/wp\/v2\/types\/post"}],"author":[{"embeddable":true,"href":"http:\/\/www.associazione-apertamente.org\/m\/wp-json\/wp\/v2\/users\/1"}],"replies":[{"embeddable":true,"href":"http:\/\/www.associazione-apertamente.org\/m\/wp-json\/wp\/v2\/comments?post=3327"}],"version-history":[{"count":1,"href":"http:\/\/www.associazione-apertamente.org\/m\/wp-json\/wp\/v2\/posts\/3327\/revisions"}],"predecessor-version":[{"id":3329,"href":"http:\/\/www.associazione-apertamente.org\/m\/wp-json\/wp\/v2\/posts\/3327\/revisions\/3329"}],"wp:featuredmedia":[{"embeddable":true,"href":"http:\/\/www.associazione-apertamente.org\/m\/wp-json\/wp\/v2\/media\/3328"}],"wp:attachment":[{"href":"http:\/\/www.associazione-apertamente.org\/m\/wp-json\/wp\/v2\/media?parent=3327"}],"wp:term":[{"taxonomy":"category","embeddable":true,"href":"http:\/\/www.associazione-apertamente.org\/m\/wp-json\/wp\/v2\/categories?post=3327"},{"taxonomy":"post_tag","embeddable":true,"href":"http:\/\/www.associazione-apertamente.org\/m\/wp-json\/wp\/v2\/tags?post=3327"}],"curies":[{"name":"wp","href":"https:\/\/api.w.org\/{rel}","templated":true}]}}